{"id":25896,"date":"2023-11-09T00:00:00","date_gmt":"2023-11-08T23:00:00","guid":{"rendered":"https:\/\/buenartevisual.com\/colegiotalavera\/2023\/11\/09\/convivencia-de-primaria-en-arenas-de-san-pedro-2023\/"},"modified":"2025-11-05T15:00:50","modified_gmt":"2025-11-05T14:00:50","slug":"convivencia-de-primaria-en-arenas-de-san-pedro-2023","status":"publish","type":"post","link":"https:\/\/buenartevisual.com\/colegiotalavera\/2023\/11\/09\/convivencia-de-primaria-en-arenas-de-san-pedro-2023\/","title":{"rendered":"Convivencia de Primaria en Arenas de San Pedro 2023"},"content":{"rendered":"<p>El pasado 8 de noviembre tuvimos la ya tradicional convivencia de Ed. Primaria de inicio de curso en Arenas de San Pedro.<\/p>\n<p>Pudimos disfrutar de un maravilloso d\u00eda oto\u00f1al en el que conocimos los lugares m\u00e1s bonitos del lugar como el santuario de San Pedro de Alc\u00e1ntara donde nos acogieron con mucho cari\u00f1o, el castillo del Condestable D\u00e1valos, la bonita ruta por el entorno del embalse del r\u00edo Cuevas y las piscinas naturales. Compartimos y aprendimos con nuestros compa\u00f1eros y compa\u00f1eras a convivir, ayudar y respetar. Cuidando unos de otros, del entorno y de las gentes del lugar.<\/p>\n<p>Aqu\u00ed est\u00e1n algunas fotos del d\u00eda en la Galer\u00eda.<\/p>\n\n<p>\u00a0<\/p>\n<p>\u00a0<\/p>\n<p>\u00a0<\/p>\n","protected":false},"excerpt":{"rendered":"<p>El pasado 8 de noviembre tuvimos la ya tradicional convivencia de Ed. Primaria de inicio de curso en Arenas de San Pedro. Pudimos disfrutar de un maravilloso d\u00eda oto\u00f1al en el que conocimos los lugares m\u00e1s bonitos del lugar como el santuario de San Pedro de Alc\u00e1ntara donde nos acogieron con mucho cari\u00f1o, el castillo [&hellip;]<\/p>\n","protected":false},"author":1,"featured_media":25897,"comment_status":"open","ping_status":"open","sticky":false,"template":"","format":"standard","meta":{"footnotes":""},"categories":[285],"tags":[],"class_list":["post-25896","post","type-post","status-publish","format-standard","has-post-thumbnail","hentry","category-galeria"],"yoast_head":"<!-- This site is optimized with the Yoast SEO plugin v26.5 - https:\/\/yoast.com\/wordpress\/plugins\/seo\/ -->\n<title>Convivencia de Primaria en Arenas de San Pedro 2023 - Colegio Misioneras de la Providencia Talavera de la Reina<\/title>\n<meta name=\"robots\" content=\"noindex, follow, max-snippet:-1, max-image-preview:large, max-video-preview:-1\" \/>\n<meta property=\"og:locale\" content=\"es_ES\" \/>\n<meta property=\"og:type\" content=\"article\" \/>\n<meta property=\"og:title\" content=\"Convivencia de Primaria en Arenas de San Pedro 2023 - Colegio Misioneras de la Providencia Talavera de la Reina\" \/>\n<meta property=\"og:description\" content=\"El pasado 8 de noviembre tuvimos la ya tradicional convivencia de Ed. Primaria de inicio de curso en Arenas de San Pedro. Pudimos disfrutar de un maravilloso d\u00eda oto\u00f1al en el que conocimos los lugares m\u00e1s bonitos del lugar como el santuario de San Pedro de Alc\u00e1ntara donde nos acogieron con mucho cari\u00f1o, el castillo [&hellip;]\" \/>\n<meta property=\"og:url\" content=\"https:\/\/buenartevisual.com\/colegiotalavera\/2023\/11\/09\/convivencia-de-primaria-en-arenas-de-san-pedro-2023\/\" \/>\n<meta property=\"og:site_name\" content=\"Colegio Misioneras de la Providencia Talavera de la Reina\" \/>\n<meta property=\"article:published_time\" content=\"2023-11-08T23:00:00+00:00\" \/>\n<meta property=\"article:modified_time\" content=\"2025-11-05T14:00:50+00:00\" \/>\n<meta property=\"og:image\" content=\"https:\/\/buenartevisual.com\/colegiotalavera\/wp-content\/uploads\/2025\/11\/510c49e1-fea8-46ae-b737-d4eab89cd555.jpg\" \/>\n\t<meta property=\"og:image:width\" content=\"1536\" \/>\n\t<meta property=\"og:image:height\" content=\"2048\" \/>\n\t<meta property=\"og:image:type\" content=\"image\/jpeg\" \/>\n<meta name=\"author\" content=\"Superadministrador\" \/>\n<meta name=\"twitter:card\" content=\"summary_large_image\" \/>\n<meta name=\"twitter:label1\" content=\"Escrito por\" \/>\n\t<meta name=\"twitter:data1\" content=\"Superadministrador\" \/>\n\t<meta name=\"twitter:label2\" content=\"Tiempo de lectura\" \/>\n\t<meta name=\"twitter:data2\" content=\"2 minutos\" \/>\n<script type=\"application\/ld+json\" class=\"yoast-schema-graph\">{\"@context\":\"https:\/\/schema.org\",\"@graph\":[{\"@type\":\"Article\",\"@id\":\"https:\/\/buenartevisual.com\/colegiotalavera\/2023\/11\/09\/convivencia-de-primaria-en-arenas-de-san-pedro-2023\/#article\",\"isPartOf\":{\"@id\":\"https:\/\/buenartevisual.com\/colegiotalavera\/2023\/11\/09\/convivencia-de-primaria-en-arenas-de-san-pedro-2023\/\"},\"author\":{\"name\":\"Superadministrador\",\"@id\":\"https:\/\/buenartevisual.com\/colegiotalavera\/#\/schema\/person\/ad110da6625b9c32f15289014f79a069\"},\"headline\":\"Convivencia de Primaria en Arenas de San Pedro 2023\",\"datePublished\":\"2023-11-08T23:00:00+00:00\",\"dateModified\":\"2025-11-05T14:00:50+00:00\",\"mainEntityOfPage\":{\"@id\":\"https:\/\/buenartevisual.com\/colegiotalavera\/2023\/11\/09\/convivencia-de-primaria-en-arenas-de-san-pedro-2023\/\"},\"wordCount\":436,\"commentCount\":0,\"publisher\":{\"@id\":\"https:\/\/buenartevisual.com\/colegiotalavera\/#organization\"},\"image\":{\"@id\":\"https:\/\/buenartevisual.com\/colegiotalavera\/2023\/11\/09\/convivencia-de-primaria-en-arenas-de-san-pedro-2023\/#primaryimage\"},\"thumbnailUrl\":\"https:\/\/buenartevisual.com\/colegiotalavera\/wp-content\/uploads\/2025\/11\/510c49e1-fea8-46ae-b737-d4eab89cd555.jpg\",\"articleSection\":[\"Galer\u00eda\"],\"inLanguage\":\"es\",\"potentialAction\":[{\"@type\":\"CommentAction\",\"name\":\"Comment\",\"target\":[\"https:\/\/buenartevisual.com\/colegiotalavera\/2023\/11\/09\/convivencia-de-primaria-en-arenas-de-san-pedro-2023\/#respond\"]}]},{\"@type\":\"WebPage\",\"@id\":\"https:\/\/buenartevisual.com\/colegiotalavera\/2023\/11\/09\/convivencia-de-primaria-en-arenas-de-san-pedro-2023\/\",\"url\":\"https:\/\/buenartevisual.com\/colegiotalavera\/2023\/11\/09\/convivencia-de-primaria-en-arenas-de-san-pedro-2023\/\",\"name\":\"Convivencia de Primaria en Arenas de San Pedro 2023 - Colegio Misioneras de la Providencia Talavera de la Reina\",\"isPartOf\":{\"@id\":\"https:\/\/buenartevisual.com\/colegiotalavera\/#website\"},\"primaryImageOfPage\":{\"@id\":\"https:\/\/buenartevisual.com\/colegiotalavera\/2023\/11\/09\/convivencia-de-primaria-en-arenas-de-san-pedro-2023\/#primaryimage\"},\"image\":{\"@id\":\"https:\/\/buenartevisual.com\/colegiotalavera\/2023\/11\/09\/convivencia-de-primaria-en-arenas-de-san-pedro-2023\/#primaryimage\"},\"thumbnailUrl\":\"https:\/\/buenartevisual.com\/colegiotalavera\/wp-content\/uploads\/2025\/11\/510c49e1-fea8-46ae-b737-d4eab89cd555.jpg\",\"datePublished\":\"2023-11-08T23:00:00+00:00\",\"dateModified\":\"2025-11-05T14:00:50+00:00\",\"breadcrumb\":{\"@id\":\"https:\/\/buenartevisual.com\/colegiotalavera\/2023\/11\/09\/convivencia-de-primaria-en-arenas-de-san-pedro-2023\/#breadcrumb\"},\"inLanguage\":\"es\",\"potentialAction\":[{\"@type\":\"ReadAction\",\"target\":[\"https:\/\/buenartevisual.com\/colegiotalavera\/2023\/11\/09\/convivencia-de-primaria-en-arenas-de-san-pedro-2023\/\"]}]},{\"@type\":\"ImageObject\",\"inLanguage\":\"es\",\"@id\":\"https:\/\/buenartevisual.com\/colegiotalavera\/2023\/11\/09\/convivencia-de-primaria-en-arenas-de-san-pedro-2023\/#primaryimage\",\"url\":\"https:\/\/buenartevisual.com\/colegiotalavera\/wp-content\/uploads\/2025\/11\/510c49e1-fea8-46ae-b737-d4eab89cd555.jpg\",\"contentUrl\":\"https:\/\/buenartevisual.com\/colegiotalavera\/wp-content\/uploads\/2025\/11\/510c49e1-fea8-46ae-b737-d4eab89cd555.jpg\",\"width\":1536,\"height\":2048},{\"@type\":\"BreadcrumbList\",\"@id\":\"https:\/\/buenartevisual.com\/colegiotalavera\/2023\/11\/09\/convivencia-de-primaria-en-arenas-de-san-pedro-2023\/#breadcrumb\",\"itemListElement\":[{\"@type\":\"ListItem\",\"position\":1,\"name\":\"Portada\",\"item\":\"https:\/\/buenartevisual.com\/colegiotalavera\/\"},{\"@type\":\"ListItem\",\"position\":2,\"name\":\"Convivencia de Primaria en Arenas de San Pedro 2023\"}]},{\"@type\":\"WebSite\",\"@id\":\"https:\/\/buenartevisual.com\/colegiotalavera\/#website\",\"url\":\"https:\/\/buenartevisual.com\/colegiotalavera\/\",\"name\":\"Colegio Misioneras de la Providencia Talavera de la Reina\",\"description\":\"Web del colegio Misioneras de la Providencia de Talavera de la Reina\",\"publisher\":{\"@id\":\"https:\/\/buenartevisual.com\/colegiotalavera\/#organization\"},\"potentialAction\":[{\"@type\":\"SearchAction\",\"target\":{\"@type\":\"EntryPoint\",\"urlTemplate\":\"https:\/\/buenartevisual.com\/colegiotalavera\/?s={search_term_string}\"},\"query-input\":{\"@type\":\"PropertyValueSpecification\",\"valueRequired\":true,\"valueName\":\"search_term_string\"}}],\"inLanguage\":\"es\"},{\"@type\":\"Organization\",\"@id\":\"https:\/\/buenartevisual.com\/colegiotalavera\/#organization\",\"name\":\"Colegio Misioneras de la Providencia Talavera de la Reina\",\"url\":\"https:\/\/buenartevisual.com\/colegiotalavera\/\",\"logo\":{\"@type\":\"ImageObject\",\"inLanguage\":\"es\",\"@id\":\"https:\/\/buenartevisual.com\/colegiotalavera\/#\/schema\/logo\/image\/\",\"url\":\"https:\/\/buenartevisual.com\/colegiotalavera\/wp-content\/uploads\/2025\/10\/logo-misioneras-talavera.png\",\"contentUrl\":\"https:\/\/buenartevisual.com\/colegiotalavera\/wp-content\/uploads\/2025\/10\/logo-misioneras-talavera.png\",\"width\":447,\"height\":142,\"caption\":\"Colegio Misioneras de la Providencia Talavera de la Reina\"},\"image\":{\"@id\":\"https:\/\/buenartevisual.com\/colegiotalavera\/#\/schema\/logo\/image\/\"}},{\"@type\":\"Person\",\"@id\":\"https:\/\/buenartevisual.com\/colegiotalavera\/#\/schema\/person\/ad110da6625b9c32f15289014f79a069\",\"name\":\"Superadministrador\",\"image\":{\"@type\":\"ImageObject\",\"inLanguage\":\"es\",\"@id\":\"https:\/\/buenartevisual.com\/colegiotalavera\/#\/schema\/person\/image\/\",\"url\":\"https:\/\/secure.gravatar.com\/avatar\/df06c07e05e61dc70ae539d53ff0cc8942dab6bad37c86f1ad69468b5c4fa9c6?s=80&d=mm&r=g\",\"contentUrl\":\"https:\/\/secure.gravatar.com\/avatar\/df06c07e05e61dc70ae539d53ff0cc8942dab6bad37c86f1ad69468b5c4fa9c6?s=80&d=mm&r=g\",\"caption\":\"Superadministrador\"},\"sameAs\":[\"https:\/\/buenartevisual.com\/colegiotalavera\"],\"url\":\"https:\/\/buenartevisual.com\/colegiotalavera\/author\/superadministrador\/\"}]}<\/script>\n<!-- \/ Yoast SEO plugin. -->","yoast_head_json":{"title":"Convivencia de Primaria en Arenas de San Pedro 2023 - Colegio Misioneras de la Providencia Talavera de la Reina","robots":{"index":"noindex","follow":"follow","max-snippet":"max-snippet:-1","max-image-preview":"max-image-preview:large","max-video-preview":"max-video-preview:-1"},"og_locale":"es_ES","og_type":"article","og_title":"Convivencia de Primaria en Arenas de San Pedro 2023 - Colegio Misioneras de la Providencia Talavera de la Reina","og_description":"El pasado 8 de noviembre tuvimos la ya tradicional convivencia de Ed. Primaria de inicio de curso en Arenas de San Pedro. Pudimos disfrutar de un maravilloso d\u00eda oto\u00f1al en el que conocimos los lugares m\u00e1s bonitos del lugar como el santuario de San Pedro de Alc\u00e1ntara donde nos acogieron con mucho cari\u00f1o, el castillo [&hellip;]","og_url":"https:\/\/buenartevisual.com\/colegiotalavera\/2023\/11\/09\/convivencia-de-primaria-en-arenas-de-san-pedro-2023\/","og_site_name":"Colegio Misioneras de la Providencia Talavera de la Reina","article_published_time":"2023-11-08T23:00:00+00:00","article_modified_time":"2025-11-05T14:00:50+00:00","og_image":[{"width":1536,"height":2048,"url":"https:\/\/buenartevisual.com\/colegiotalavera\/wp-content\/uploads\/2025\/11\/510c49e1-fea8-46ae-b737-d4eab89cd555.jpg","type":"image\/jpeg"}],"author":"Superadministrador","twitter_card":"summary_large_image","twitter_misc":{"Escrito por":"Superadministrador","Tiempo de lectura":"2 minutos"},"schema":{"@context":"https:\/\/schema.org","@graph":[{"@type":"Article","@id":"https:\/\/buenartevisual.com\/colegiotalavera\/2023\/11\/09\/convivencia-de-primaria-en-arenas-de-san-pedro-2023\/#article","isPartOf":{"@id":"https:\/\/buenartevisual.com\/colegiotalavera\/2023\/11\/09\/convivencia-de-primaria-en-arenas-de-san-pedro-2023\/"},"author":{"name":"Superadministrador","@id":"https:\/\/buenartevisual.com\/colegiotalavera\/#\/schema\/person\/ad110da6625b9c32f15289014f79a069"},"headline":"Convivencia de Primaria en Arenas de San Pedro 2023","datePublished":"2023-11-08T23:00:00+00:00","dateModified":"2025-11-05T14:00:50+00:00","mainEntityOfPage":{"@id":"https:\/\/buenartevisual.com\/colegiotalavera\/2023\/11\/09\/convivencia-de-primaria-en-arenas-de-san-pedro-2023\/"},"wordCount":436,"commentCount":0,"publisher":{"@id":"https:\/\/buenartevisual.com\/colegiotalavera\/#organization"},"image":{"@id":"https:\/\/buenartevisual.com\/colegiotalavera\/2023\/11\/09\/convivencia-de-primaria-en-arenas-de-san-pedro-2023\/#primaryimage"},"thumbnailUrl":"https:\/\/buenartevisual.com\/colegiotalavera\/wp-content\/uploads\/2025\/11\/510c49e1-fea8-46ae-b737-d4eab89cd555.jpg","articleSection":["Galer\u00eda"],"inLanguage":"es","potentialAction":[{"@type":"CommentAction","name":"Comment","target":["https:\/\/buenartevisual.com\/colegiotalavera\/2023\/11\/09\/convivencia-de-primaria-en-arenas-de-san-pedro-2023\/#respond"]}]},{"@type":"WebPage","@id":"https:\/\/buenartevisual.com\/colegiotalavera\/2023\/11\/09\/convivencia-de-primaria-en-arenas-de-san-pedro-2023\/","url":"https:\/\/buenartevisual.com\/colegiotalavera\/2023\/11\/09\/convivencia-de-primaria-en-arenas-de-san-pedro-2023\/","name":"Convivencia de Primaria en Arenas de San Pedro 2023 - Colegio Misioneras de la Providencia Talavera de la Reina","isPartOf":{"@id":"https:\/\/buenartevisual.com\/colegiotalavera\/#website"},"primaryImageOfPage":{"@id":"https:\/\/buenartevisual.com\/colegiotalavera\/2023\/11\/09\/convivencia-de-primaria-en-arenas-de-san-pedro-2023\/#primaryimage"},"image":{"@id":"https:\/\/buenartevisual.com\/colegiotalavera\/2023\/11\/09\/convivencia-de-primaria-en-arenas-de-san-pedro-2023\/#primaryimage"},"thumbnailUrl":"https:\/\/buenartevisual.com\/colegiotalavera\/wp-content\/uploads\/2025\/11\/510c49e1-fea8-46ae-b737-d4eab89cd555.jpg","datePublished":"2023-11-08T23:00:00+00:00","dateModified":"2025-11-05T14:00:50+00:00","breadcrumb":{"@id":"https:\/\/buenartevisual.com\/colegiotalavera\/2023\/11\/09\/convivencia-de-primaria-en-arenas-de-san-pedro-2023\/#breadcrumb"},"inLanguage":"es","potentialAction":[{"@type":"ReadAction","target":["https:\/\/buenartevisual.com\/colegiotalavera\/2023\/11\/09\/convivencia-de-primaria-en-arenas-de-san-pedro-2023\/"]}]},{"@type":"ImageObject","inLanguage":"es","@id":"https:\/\/buenartevisual.com\/colegiotalavera\/2023\/11\/09\/convivencia-de-primaria-en-arenas-de-san-pedro-2023\/#primaryimage","url":"https:\/\/buenartevisual.com\/colegiotalavera\/wp-content\/uploads\/2025\/11\/510c49e1-fea8-46ae-b737-d4eab89cd555.jpg","contentUrl":"https:\/\/buenartevisual.com\/colegiotalavera\/wp-content\/uploads\/2025\/11\/510c49e1-fea8-46ae-b737-d4eab89cd555.jpg","width":1536,"height":2048},{"@type":"BreadcrumbList","@id":"https:\/\/buenartevisual.com\/colegiotalavera\/2023\/11\/09\/convivencia-de-primaria-en-arenas-de-san-pedro-2023\/#breadcrumb","itemListElement":[{"@type":"ListItem","position":1,"name":"Portada","item":"https:\/\/buenartevisual.com\/colegiotalavera\/"},{"@type":"ListItem","position":2,"name":"Convivencia de Primaria en Arenas de San Pedro 2023"}]},{"@type":"WebSite","@id":"https:\/\/buenartevisual.com\/colegiotalavera\/#website","url":"https:\/\/buenartevisual.com\/colegiotalavera\/","name":"Colegio Misioneras de la Providencia Talavera de la Reina","description":"Web del colegio Misioneras de la Providencia de Talavera de la Reina","publisher":{"@id":"https:\/\/buenartevisual.com\/colegiotalavera\/#organization"},"potentialAction":[{"@type":"SearchAction","target":{"@type":"EntryPoint","urlTemplate":"https:\/\/buenartevisual.com\/colegiotalavera\/?s={search_term_string}"},"query-input":{"@type":"PropertyValueSpecification","valueRequired":true,"valueName":"search_term_string"}}],"inLanguage":"es"},{"@type":"Organization","@id":"https:\/\/buenartevisual.com\/colegiotalavera\/#organization","name":"Colegio Misioneras de la Providencia Talavera de la Reina","url":"https:\/\/buenartevisual.com\/colegiotalavera\/","logo":{"@type":"ImageObject","inLanguage":"es","@id":"https:\/\/buenartevisual.com\/colegiotalavera\/#\/schema\/logo\/image\/","url":"https:\/\/buenartevisual.com\/colegiotalavera\/wp-content\/uploads\/2025\/10\/logo-misioneras-talavera.png","contentUrl":"https:\/\/buenartevisual.com\/colegiotalavera\/wp-content\/uploads\/2025\/10\/logo-misioneras-talavera.png","width":447,"height":142,"caption":"Colegio Misioneras de la Providencia Talavera de la Reina"},"image":{"@id":"https:\/\/buenartevisual.com\/colegiotalavera\/#\/schema\/logo\/image\/"}},{"@type":"Person","@id":"https:\/\/buenartevisual.com\/colegiotalavera\/#\/schema\/person\/ad110da6625b9c32f15289014f79a069","name":"Superadministrador","image":{"@type":"ImageObject","inLanguage":"es","@id":"https:\/\/buenartevisual.com\/colegiotalavera\/#\/schema\/person\/image\/","url":"https:\/\/secure.gravatar.com\/avatar\/df06c07e05e61dc70ae539d53ff0cc8942dab6bad37c86f1ad69468b5c4fa9c6?s=80&d=mm&r=g","contentUrl":"https:\/\/secure.gravatar.com\/avatar\/df06c07e05e61dc70ae539d53ff0cc8942dab6bad37c86f1ad69468b5c4fa9c6?s=80&d=mm&r=g","caption":"Superadministrador"},"sameAs":["https:\/\/buenartevisual.com\/colegiotalavera"],"url":"https:\/\/buenartevisual.com\/colegiotalavera\/author\/superadministrador\/"}]}},"_links":{"self":[{"href":"https:\/\/buenartevisual.com\/colegiotalavera\/wp-json\/wp\/v2\/posts\/25896","targetHints":{"allow":["GET"]}}],"collection":[{"href":"https:\/\/buenartevisual.com\/colegiotalavera\/wp-json\/wp\/v2\/posts"}],"about":[{"href":"https:\/\/buenartevisual.com\/colegiotalavera\/wp-json\/wp\/v2\/types\/post"}],"author":[{"embeddable":true,"href":"https:\/\/buenartevisual.com\/colegiotalavera\/wp-json\/wp\/v2\/users\/1"}],"replies":[{"embeddable":true,"href":"https:\/\/buenartevisual.com\/colegiotalavera\/wp-json\/wp\/v2\/comments?post=25896"}],"version-history":[{"count":1,"href":"https:\/\/buenartevisual.com\/colegiotalavera\/wp-json\/wp\/v2\/posts\/25896\/revisions"}],"predecessor-version":[{"id":25924,"href":"https:\/\/buenartevisual.com\/colegiotalavera\/wp-json\/wp\/v2\/posts\/25896\/revisions\/25924"}],"wp:featuredmedia":[{"embeddable":true,"href":"https:\/\/buenartevisual.com\/colegiotalavera\/wp-json\/wp\/v2\/media\/25897"}],"wp:attachment":[{"href":"https:\/\/buenartevisual.com\/colegiotalavera\/wp-json\/wp\/v2\/media?parent=25896"}],"wp:term":[{"taxonomy":"category","embeddable":true,"href":"https:\/\/buenartevisual.com\/colegiotalavera\/wp-json\/wp\/v2\/categories?post=25896"},{"taxonomy":"post_tag","embeddable":true,"href":"https:\/\/buenartevisual.com\/colegiotalavera\/wp-json\/wp\/v2\/tags?post=25896"}],"curies":[{"name":"wp","href":"https:\/\/api.w.org\/{rel}","templated":true}]}}