{"id":25829,"date":"2023-10-22T00:00:00","date_gmt":"2023-10-21T22:00:00","guid":{"rendered":"https:\/\/buenartevisual.com\/colegiotalavera\/2023\/10\/22\/charla-de-nuria-almendro-rubio-nury-sobre-el-acoso-escolar\/"},"modified":"2023-10-22T00:00:00","modified_gmt":"2023-10-21T22:00:00","slug":"charla-de-nuria-almendro-rubio-nury-sobre-el-acoso-escolar","status":"publish","type":"post","link":"https:\/\/buenartevisual.com\/colegiotalavera\/2023\/10\/22\/charla-de-nuria-almendro-rubio-nury-sobre-el-acoso-escolar\/","title":{"rendered":"Charla de Nuria Almendro Rubio (Nury) sobre el acoso escolar"},"content":{"rendered":"<p><center><div style=\"width: 848px;\" class=\"wp-video\"><video class=\"wp-video-shortcode\" id=\"video-25829-1\" width=\"848\" height=\"480\" preload=\"metadata\" controls=\"controls\"><source type=\"video\/mp4\" src=\"https:\/\/misionerastalavera.es\/wp-content\/uploads\/2023\/10\/WhatsApp-Video-2023-10-21-at-17.05.24.mp4?_=1\" \/><a href=\"https:\/\/misionerastalavera.es\/wp-content\/uploads\/2023\/10\/WhatsApp-Video-2023-10-21-at-17.05.24.mp4\">https:\/\/misionerastalavera.es\/wp-content\/uploads\/2023\/10\/WhatsApp-Video-2023-10-21-at-17.05.24.mp4<\/a><\/video><\/div><\/p>\n<p>\u00a0<\/p>\n<p><\/center><\/p>\n<p>El jueves 19 de octubre estuvo con nosotros, impartiendo una charla, Nuria Almendro Rubio, antigua alumna de nuestro colegio y actualmente profesora del Colegio Crist\u00f3bal Col\u00f3n, pero, antes que nada, madre. Y madre de un joven que sufri\u00f3 acoso. Esa dura experiencia la ha plasmado en un libro con el fin de evitar que otros adolescentes sufran lo que sufri\u00f3 su hijo. Nos dejado tambi\u00e9n una direcci\u00f3n de correo electr\u00f3nico a la que pueden dirigirse quienes sufran este problema en primera persona o como padres: <a href=\"niunchavalsolo@gmail.com\">niunchavalsolo@gmail.com<\/a>. \u00a1Much\u00edsimas gracias, Nury, por tu visita y tu testimonio!<\/p>\n<p>\u00a0<\/p>\n","protected":false},"excerpt":{"rendered":"<p>\u00a0 El jueves 19 de octubre estuvo con nosotros, impartiendo una charla, Nuria Almendro Rubio, antigua alumna de nuestro colegio y actualmente profesora del Colegio Crist\u00f3bal Col\u00f3n, pero, antes que nada, madre. Y madre de un joven que sufri\u00f3 acoso. Esa dura experiencia la ha plasmado en un libro con el fin de evitar que [&hellip;]<\/p>\n","protected":false},"author":1,"featured_media":25830,"comment_status":"open","ping_status":"open","sticky":false,"template":"","format":"standard","meta":{"footnotes":""},"categories":[285],"tags":[],"class_list":["post-25829","post","type-post","status-publish","format-standard","has-post-thumbnail","hentry","category-galeria"],"yoast_head":"<!-- This site is optimized with the Yoast SEO plugin v26.5 - https:\/\/yoast.com\/wordpress\/plugins\/seo\/ -->\n<title>Charla de Nuria Almendro Rubio (Nury) sobre el acoso escolar - Colegio Misioneras de la Providencia Talavera de la Reina<\/title>\n<meta name=\"robots\" content=\"noindex, follow, max-snippet:-1, max-image-preview:large, max-video-preview:-1\" \/>\n<meta property=\"og:locale\" content=\"es_ES\" \/>\n<meta property=\"og:type\" content=\"article\" \/>\n<meta property=\"og:title\" content=\"Charla de Nuria Almendro Rubio (Nury) sobre el acoso escolar - Colegio Misioneras de la Providencia Talavera de la Reina\" \/>\n<meta property=\"og:description\" content=\"\u00a0 El jueves 19 de octubre estuvo con nosotros, impartiendo una charla, Nuria Almendro Rubio, antigua alumna de nuestro colegio y actualmente profesora del Colegio Crist\u00f3bal Col\u00f3n, pero, antes que nada, madre. Y madre de un joven que sufri\u00f3 acoso. Esa dura experiencia la ha plasmado en un libro con el fin de evitar que [&hellip;]\" \/>\n<meta property=\"og:url\" content=\"https:\/\/buenartevisual.com\/colegiotalavera\/2023\/10\/22\/charla-de-nuria-almendro-rubio-nury-sobre-el-acoso-escolar\/\" \/>\n<meta property=\"og:site_name\" content=\"Colegio Misioneras de la Providencia Talavera de la Reina\" \/>\n<meta property=\"article:published_time\" content=\"2023-10-21T22:00:00+00:00\" \/>\n<meta property=\"og:image\" content=\"https:\/\/buenartevisual.com\/colegiotalavera\/wp-content\/uploads\/2025\/11\/WhatsApp-Image-2023-10-21-at-17.04.53.jpeg\" \/>\n\t<meta property=\"og:image:width\" content=\"731\" \/>\n\t<meta property=\"og:image:height\" content=\"1024\" \/>\n\t<meta property=\"og:image:type\" content=\"image\/jpeg\" \/>\n<meta name=\"author\" content=\"Superadministrador\" \/>\n<meta name=\"twitter:card\" content=\"summary_large_image\" \/>\n<meta name=\"twitter:label1\" content=\"Escrito por\" \/>\n\t<meta name=\"twitter:data1\" content=\"Superadministrador\" \/>\n\t<meta name=\"twitter:label2\" content=\"Tiempo de lectura\" \/>\n\t<meta name=\"twitter:data2\" content=\"1 minuto\" \/>\n<script type=\"application\/ld+json\" class=\"yoast-schema-graph\">{\"@context\":\"https:\/\/schema.org\",\"@graph\":[{\"@type\":\"Article\",\"@id\":\"https:\/\/buenartevisual.com\/colegiotalavera\/2023\/10\/22\/charla-de-nuria-almendro-rubio-nury-sobre-el-acoso-escolar\/#article\",\"isPartOf\":{\"@id\":\"https:\/\/buenartevisual.com\/colegiotalavera\/2023\/10\/22\/charla-de-nuria-almendro-rubio-nury-sobre-el-acoso-escolar\/\"},\"author\":{\"name\":\"Superadministrador\",\"@id\":\"https:\/\/buenartevisual.com\/colegiotalavera\/#\/schema\/person\/ad110da6625b9c32f15289014f79a069\"},\"headline\":\"Charla de Nuria Almendro Rubio (Nury) sobre el acoso escolar\",\"datePublished\":\"2023-10-21T22:00:00+00:00\",\"mainEntityOfPage\":{\"@id\":\"https:\/\/buenartevisual.com\/colegiotalavera\/2023\/10\/22\/charla-de-nuria-almendro-rubio-nury-sobre-el-acoso-escolar\/\"},\"wordCount\":195,\"commentCount\":0,\"publisher\":{\"@id\":\"https:\/\/buenartevisual.com\/colegiotalavera\/#organization\"},\"image\":{\"@id\":\"https:\/\/buenartevisual.com\/colegiotalavera\/2023\/10\/22\/charla-de-nuria-almendro-rubio-nury-sobre-el-acoso-escolar\/#primaryimage\"},\"thumbnailUrl\":\"https:\/\/buenartevisual.com\/colegiotalavera\/wp-content\/uploads\/2025\/11\/WhatsApp-Image-2023-10-21-at-17.04.53.jpeg\",\"articleSection\":[\"Galer\u00eda\"],\"inLanguage\":\"es\",\"potentialAction\":[{\"@type\":\"CommentAction\",\"name\":\"Comment\",\"target\":[\"https:\/\/buenartevisual.com\/colegiotalavera\/2023\/10\/22\/charla-de-nuria-almendro-rubio-nury-sobre-el-acoso-escolar\/#respond\"]}]},{\"@type\":\"WebPage\",\"@id\":\"https:\/\/buenartevisual.com\/colegiotalavera\/2023\/10\/22\/charla-de-nuria-almendro-rubio-nury-sobre-el-acoso-escolar\/\",\"url\":\"https:\/\/buenartevisual.com\/colegiotalavera\/2023\/10\/22\/charla-de-nuria-almendro-rubio-nury-sobre-el-acoso-escolar\/\",\"name\":\"Charla de Nuria Almendro Rubio (Nury) sobre el acoso escolar - Colegio Misioneras de la Providencia Talavera de la Reina\",\"isPartOf\":{\"@id\":\"https:\/\/buenartevisual.com\/colegiotalavera\/#website\"},\"primaryImageOfPage\":{\"@id\":\"https:\/\/buenartevisual.com\/colegiotalavera\/2023\/10\/22\/charla-de-nuria-almendro-rubio-nury-sobre-el-acoso-escolar\/#primaryimage\"},\"image\":{\"@id\":\"https:\/\/buenartevisual.com\/colegiotalavera\/2023\/10\/22\/charla-de-nuria-almendro-rubio-nury-sobre-el-acoso-escolar\/#primaryimage\"},\"thumbnailUrl\":\"https:\/\/buenartevisual.com\/colegiotalavera\/wp-content\/uploads\/2025\/11\/WhatsApp-Image-2023-10-21-at-17.04.53.jpeg\",\"datePublished\":\"2023-10-21T22:00:00+00:00\",\"breadcrumb\":{\"@id\":\"https:\/\/buenartevisual.com\/colegiotalavera\/2023\/10\/22\/charla-de-nuria-almendro-rubio-nury-sobre-el-acoso-escolar\/#breadcrumb\"},\"inLanguage\":\"es\",\"potentialAction\":[{\"@type\":\"ReadAction\",\"target\":[\"https:\/\/buenartevisual.com\/colegiotalavera\/2023\/10\/22\/charla-de-nuria-almendro-rubio-nury-sobre-el-acoso-escolar\/\"]}]},{\"@type\":\"ImageObject\",\"inLanguage\":\"es\",\"@id\":\"https:\/\/buenartevisual.com\/colegiotalavera\/2023\/10\/22\/charla-de-nuria-almendro-rubio-nury-sobre-el-acoso-escolar\/#primaryimage\",\"url\":\"https:\/\/buenartevisual.com\/colegiotalavera\/wp-content\/uploads\/2025\/11\/WhatsApp-Image-2023-10-21-at-17.04.53.jpeg\",\"contentUrl\":\"https:\/\/buenartevisual.com\/colegiotalavera\/wp-content\/uploads\/2025\/11\/WhatsApp-Image-2023-10-21-at-17.04.53.jpeg\",\"width\":731,\"height\":1024},{\"@type\":\"BreadcrumbList\",\"@id\":\"https:\/\/buenartevisual.com\/colegiotalavera\/2023\/10\/22\/charla-de-nuria-almendro-rubio-nury-sobre-el-acoso-escolar\/#breadcrumb\",\"itemListElement\":[{\"@type\":\"ListItem\",\"position\":1,\"name\":\"Portada\",\"item\":\"https:\/\/buenartevisual.com\/colegiotalavera\/\"},{\"@type\":\"ListItem\",\"position\":2,\"name\":\"Charla de Nuria Almendro Rubio (Nury) sobre el acoso escolar\"}]},{\"@type\":\"WebSite\",\"@id\":\"https:\/\/buenartevisual.com\/colegiotalavera\/#website\",\"url\":\"https:\/\/buenartevisual.com\/colegiotalavera\/\",\"name\":\"Colegio Misioneras de la Providencia Talavera de la Reina\",\"description\":\"Web del colegio Misioneras de la Providencia de Talavera de la Reina\",\"publisher\":{\"@id\":\"https:\/\/buenartevisual.com\/colegiotalavera\/#organization\"},\"potentialAction\":[{\"@type\":\"SearchAction\",\"target\":{\"@type\":\"EntryPoint\",\"urlTemplate\":\"https:\/\/buenartevisual.com\/colegiotalavera\/?s={search_term_string}\"},\"query-input\":{\"@type\":\"PropertyValueSpecification\",\"valueRequired\":true,\"valueName\":\"search_term_string\"}}],\"inLanguage\":\"es\"},{\"@type\":\"Organization\",\"@id\":\"https:\/\/buenartevisual.com\/colegiotalavera\/#organization\",\"name\":\"Colegio Misioneras de la Providencia Talavera de la Reina\",\"url\":\"https:\/\/buenartevisual.com\/colegiotalavera\/\",\"logo\":{\"@type\":\"ImageObject\",\"inLanguage\":\"es\",\"@id\":\"https:\/\/buenartevisual.com\/colegiotalavera\/#\/schema\/logo\/image\/\",\"url\":\"https:\/\/buenartevisual.com\/colegiotalavera\/wp-content\/uploads\/2025\/10\/logo-misioneras-talavera.png\",\"contentUrl\":\"https:\/\/buenartevisual.com\/colegiotalavera\/wp-content\/uploads\/2025\/10\/logo-misioneras-talavera.png\",\"width\":447,\"height\":142,\"caption\":\"Colegio Misioneras de la Providencia Talavera de la Reina\"},\"image\":{\"@id\":\"https:\/\/buenartevisual.com\/colegiotalavera\/#\/schema\/logo\/image\/\"}},{\"@type\":\"Person\",\"@id\":\"https:\/\/buenartevisual.com\/colegiotalavera\/#\/schema\/person\/ad110da6625b9c32f15289014f79a069\",\"name\":\"Superadministrador\",\"image\":{\"@type\":\"ImageObject\",\"inLanguage\":\"es\",\"@id\":\"https:\/\/buenartevisual.com\/colegiotalavera\/#\/schema\/person\/image\/\",\"url\":\"https:\/\/secure.gravatar.com\/avatar\/df06c07e05e61dc70ae539d53ff0cc8942dab6bad37c86f1ad69468b5c4fa9c6?s=80&d=mm&r=g\",\"contentUrl\":\"https:\/\/secure.gravatar.com\/avatar\/df06c07e05e61dc70ae539d53ff0cc8942dab6bad37c86f1ad69468b5c4fa9c6?s=80&d=mm&r=g\",\"caption\":\"Superadministrador\"},\"sameAs\":[\"https:\/\/buenartevisual.com\/colegiotalavera\"],\"url\":\"https:\/\/buenartevisual.com\/colegiotalavera\/author\/superadministrador\/\"}]}<\/script>\n<!-- \/ Yoast SEO plugin. -->","yoast_head_json":{"title":"Charla de Nuria Almendro Rubio (Nury) sobre el acoso escolar - Colegio Misioneras de la Providencia Talavera de la Reina","robots":{"index":"noindex","follow":"follow","max-snippet":"max-snippet:-1","max-image-preview":"max-image-preview:large","max-video-preview":"max-video-preview:-1"},"og_locale":"es_ES","og_type":"article","og_title":"Charla de Nuria Almendro Rubio (Nury) sobre el acoso escolar - Colegio Misioneras de la Providencia Talavera de la Reina","og_description":"\u00a0 El jueves 19 de octubre estuvo con nosotros, impartiendo una charla, Nuria Almendro Rubio, antigua alumna de nuestro colegio y actualmente profesora del Colegio Crist\u00f3bal Col\u00f3n, pero, antes que nada, madre. Y madre de un joven que sufri\u00f3 acoso. Esa dura experiencia la ha plasmado en un libro con el fin de evitar que [&hellip;]","og_url":"https:\/\/buenartevisual.com\/colegiotalavera\/2023\/10\/22\/charla-de-nuria-almendro-rubio-nury-sobre-el-acoso-escolar\/","og_site_name":"Colegio Misioneras de la Providencia Talavera de la Reina","article_published_time":"2023-10-21T22:00:00+00:00","og_image":[{"width":731,"height":1024,"url":"https:\/\/buenartevisual.com\/colegiotalavera\/wp-content\/uploads\/2025\/11\/WhatsApp-Image-2023-10-21-at-17.04.53.jpeg","type":"image\/jpeg"}],"author":"Superadministrador","twitter_card":"summary_large_image","twitter_misc":{"Escrito por":"Superadministrador","Tiempo de lectura":"1 minuto"},"schema":{"@context":"https:\/\/schema.org","@graph":[{"@type":"Article","@id":"https:\/\/buenartevisual.com\/colegiotalavera\/2023\/10\/22\/charla-de-nuria-almendro-rubio-nury-sobre-el-acoso-escolar\/#article","isPartOf":{"@id":"https:\/\/buenartevisual.com\/colegiotalavera\/2023\/10\/22\/charla-de-nuria-almendro-rubio-nury-sobre-el-acoso-escolar\/"},"author":{"name":"Superadministrador","@id":"https:\/\/buenartevisual.com\/colegiotalavera\/#\/schema\/person\/ad110da6625b9c32f15289014f79a069"},"headline":"Charla de Nuria Almendro Rubio (Nury) sobre el acoso escolar","datePublished":"2023-10-21T22:00:00+00:00","mainEntityOfPage":{"@id":"https:\/\/buenartevisual.com\/colegiotalavera\/2023\/10\/22\/charla-de-nuria-almendro-rubio-nury-sobre-el-acoso-escolar\/"},"wordCount":195,"commentCount":0,"publisher":{"@id":"https:\/\/buenartevisual.com\/colegiotalavera\/#organization"},"image":{"@id":"https:\/\/buenartevisual.com\/colegiotalavera\/2023\/10\/22\/charla-de-nuria-almendro-rubio-nury-sobre-el-acoso-escolar\/#primaryimage"},"thumbnailUrl":"https:\/\/buenartevisual.com\/colegiotalavera\/wp-content\/uploads\/2025\/11\/WhatsApp-Image-2023-10-21-at-17.04.53.jpeg","articleSection":["Galer\u00eda"],"inLanguage":"es","potentialAction":[{"@type":"CommentAction","name":"Comment","target":["https:\/\/buenartevisual.com\/colegiotalavera\/2023\/10\/22\/charla-de-nuria-almendro-rubio-nury-sobre-el-acoso-escolar\/#respond"]}]},{"@type":"WebPage","@id":"https:\/\/buenartevisual.com\/colegiotalavera\/2023\/10\/22\/charla-de-nuria-almendro-rubio-nury-sobre-el-acoso-escolar\/","url":"https:\/\/buenartevisual.com\/colegiotalavera\/2023\/10\/22\/charla-de-nuria-almendro-rubio-nury-sobre-el-acoso-escolar\/","name":"Charla de Nuria Almendro Rubio (Nury) sobre el acoso escolar - Colegio Misioneras de la Providencia Talavera de la Reina","isPartOf":{"@id":"https:\/\/buenartevisual.com\/colegiotalavera\/#website"},"primaryImageOfPage":{"@id":"https:\/\/buenartevisual.com\/colegiotalavera\/2023\/10\/22\/charla-de-nuria-almendro-rubio-nury-sobre-el-acoso-escolar\/#primaryimage"},"image":{"@id":"https:\/\/buenartevisual.com\/colegiotalavera\/2023\/10\/22\/charla-de-nuria-almendro-rubio-nury-sobre-el-acoso-escolar\/#primaryimage"},"thumbnailUrl":"https:\/\/buenartevisual.com\/colegiotalavera\/wp-content\/uploads\/2025\/11\/WhatsApp-Image-2023-10-21-at-17.04.53.jpeg","datePublished":"2023-10-21T22:00:00+00:00","breadcrumb":{"@id":"https:\/\/buenartevisual.com\/colegiotalavera\/2023\/10\/22\/charla-de-nuria-almendro-rubio-nury-sobre-el-acoso-escolar\/#breadcrumb"},"inLanguage":"es","potentialAction":[{"@type":"ReadAction","target":["https:\/\/buenartevisual.com\/colegiotalavera\/2023\/10\/22\/charla-de-nuria-almendro-rubio-nury-sobre-el-acoso-escolar\/"]}]},{"@type":"ImageObject","inLanguage":"es","@id":"https:\/\/buenartevisual.com\/colegiotalavera\/2023\/10\/22\/charla-de-nuria-almendro-rubio-nury-sobre-el-acoso-escolar\/#primaryimage","url":"https:\/\/buenartevisual.com\/colegiotalavera\/wp-content\/uploads\/2025\/11\/WhatsApp-Image-2023-10-21-at-17.04.53.jpeg","contentUrl":"https:\/\/buenartevisual.com\/colegiotalavera\/wp-content\/uploads\/2025\/11\/WhatsApp-Image-2023-10-21-at-17.04.53.jpeg","width":731,"height":1024},{"@type":"BreadcrumbList","@id":"https:\/\/buenartevisual.com\/colegiotalavera\/2023\/10\/22\/charla-de-nuria-almendro-rubio-nury-sobre-el-acoso-escolar\/#breadcrumb","itemListElement":[{"@type":"ListItem","position":1,"name":"Portada","item":"https:\/\/buenartevisual.com\/colegiotalavera\/"},{"@type":"ListItem","position":2,"name":"Charla de Nuria Almendro Rubio (Nury) sobre el acoso escolar"}]},{"@type":"WebSite","@id":"https:\/\/buenartevisual.com\/colegiotalavera\/#website","url":"https:\/\/buenartevisual.com\/colegiotalavera\/","name":"Colegio Misioneras de la Providencia Talavera de la Reina","description":"Web del colegio Misioneras de la Providencia de Talavera de la Reina","publisher":{"@id":"https:\/\/buenartevisual.com\/colegiotalavera\/#organization"},"potentialAction":[{"@type":"SearchAction","target":{"@type":"EntryPoint","urlTemplate":"https:\/\/buenartevisual.com\/colegiotalavera\/?s={search_term_string}"},"query-input":{"@type":"PropertyValueSpecification","valueRequired":true,"valueName":"search_term_string"}}],"inLanguage":"es"},{"@type":"Organization","@id":"https:\/\/buenartevisual.com\/colegiotalavera\/#organization","name":"Colegio Misioneras de la Providencia Talavera de la Reina","url":"https:\/\/buenartevisual.com\/colegiotalavera\/","logo":{"@type":"ImageObject","inLanguage":"es","@id":"https:\/\/buenartevisual.com\/colegiotalavera\/#\/schema\/logo\/image\/","url":"https:\/\/buenartevisual.com\/colegiotalavera\/wp-content\/uploads\/2025\/10\/logo-misioneras-talavera.png","contentUrl":"https:\/\/buenartevisual.com\/colegiotalavera\/wp-content\/uploads\/2025\/10\/logo-misioneras-talavera.png","width":447,"height":142,"caption":"Colegio Misioneras de la Providencia Talavera de la Reina"},"image":{"@id":"https:\/\/buenartevisual.com\/colegiotalavera\/#\/schema\/logo\/image\/"}},{"@type":"Person","@id":"https:\/\/buenartevisual.com\/colegiotalavera\/#\/schema\/person\/ad110da6625b9c32f15289014f79a069","name":"Superadministrador","image":{"@type":"ImageObject","inLanguage":"es","@id":"https:\/\/buenartevisual.com\/colegiotalavera\/#\/schema\/person\/image\/","url":"https:\/\/secure.gravatar.com\/avatar\/df06c07e05e61dc70ae539d53ff0cc8942dab6bad37c86f1ad69468b5c4fa9c6?s=80&d=mm&r=g","contentUrl":"https:\/\/secure.gravatar.com\/avatar\/df06c07e05e61dc70ae539d53ff0cc8942dab6bad37c86f1ad69468b5c4fa9c6?s=80&d=mm&r=g","caption":"Superadministrador"},"sameAs":["https:\/\/buenartevisual.com\/colegiotalavera"],"url":"https:\/\/buenartevisual.com\/colegiotalavera\/author\/superadministrador\/"}]}},"_links":{"self":[{"href":"https:\/\/buenartevisual.com\/colegiotalavera\/wp-json\/wp\/v2\/posts\/25829","targetHints":{"allow":["GET"]}}],"collection":[{"href":"https:\/\/buenartevisual.com\/colegiotalavera\/wp-json\/wp\/v2\/posts"}],"about":[{"href":"https:\/\/buenartevisual.com\/colegiotalavera\/wp-json\/wp\/v2\/types\/post"}],"author":[{"embeddable":true,"href":"https:\/\/buenartevisual.com\/colegiotalavera\/wp-json\/wp\/v2\/users\/1"}],"replies":[{"embeddable":true,"href":"https:\/\/buenartevisual.com\/colegiotalavera\/wp-json\/wp\/v2\/comments?post=25829"}],"version-history":[{"count":0,"href":"https:\/\/buenartevisual.com\/colegiotalavera\/wp-json\/wp\/v2\/posts\/25829\/revisions"}],"wp:featuredmedia":[{"embeddable":true,"href":"https:\/\/buenartevisual.com\/colegiotalavera\/wp-json\/wp\/v2\/media\/25830"}],"wp:attachment":[{"href":"https:\/\/buenartevisual.com\/colegiotalavera\/wp-json\/wp\/v2\/media?parent=25829"}],"wp:term":[{"taxonomy":"category","embeddable":true,"href":"https:\/\/buenartevisual.com\/colegiotalavera\/wp-json\/wp\/v2\/categories?post=25829"},{"taxonomy":"post_tag","embeddable":true,"href":"https:\/\/buenartevisual.com\/colegiotalavera\/wp-json\/wp\/v2\/tags?post=25829"}],"curies":[{"name":"wp","href":"https:\/\/api.w.org\/{rel}","templated":true}]}}