{"id":25734,"date":"2023-10-01T00:00:00","date_gmt":"2023-09-30T22:00:00","guid":{"rendered":"https:\/\/buenartevisual.com\/colegiotalavera\/2023\/10\/01\/fotos-de-la-eucaristia-de-comienzo-del-curso-2023-2024\/"},"modified":"2025-11-05T14:44:50","modified_gmt":"2025-11-05T13:44:50","slug":"fotos-de-la-eucaristia-de-comienzo-del-curso-2023-2024","status":"publish","type":"post","link":"https:\/\/buenartevisual.com\/colegiotalavera\/2023\/10\/01\/fotos-de-la-eucaristia-de-comienzo-del-curso-2023-2024\/","title":{"rendered":"Fotos de la Eucarist\u00eda de comienzo del curso 2023-2024"},"content":{"rendered":"<p style=\"text-align: left;\">El jueves 28 inauguramos la Pastoral del curso 2023-2024 con una Eucarist\u00eda en el patio para todos los alumnos del colegio, excepto los alumnos de tres a\u00f1os. Que Nuestra Se\u00f1ora de la Providencia nos gu\u00ede en este nuevo curso y que todos aprendamos la importancia del cuidado, siguiendo su ejemplo de madre protectora.<\/p>\n\n","protected":false},"excerpt":{"rendered":"<p>El jueves 28 inauguramos la Pastoral del curso 2023-2024 con una Eucarist\u00eda en el patio para todos los alumnos del colegio, excepto los alumnos de tres a\u00f1os. Que Nuestra Se\u00f1ora de la Providencia nos gu\u00ede en este nuevo curso y que todos aprendamos la importancia del cuidado, siguiendo su ejemplo de madre protectora.<\/p>\n","protected":false},"author":1,"featured_media":25735,"comment_status":"open","ping_status":"open","sticky":false,"template":"","format":"standard","meta":{"footnotes":""},"categories":[285],"tags":[],"class_list":["post-25734","post","type-post","status-publish","format-standard","has-post-thumbnail","hentry","category-galeria"],"yoast_head":"<!-- This site is optimized with the Yoast SEO plugin v26.5 - https:\/\/yoast.com\/wordpress\/plugins\/seo\/ -->\n<title>Fotos de la Eucarist\u00eda de comienzo del curso 2023-2024 - Colegio Misioneras de la Providencia Talavera de la Reina<\/title>\n<meta name=\"robots\" content=\"noindex, follow, max-snippet:-1, max-image-preview:large, max-video-preview:-1\" \/>\n<meta property=\"og:locale\" content=\"es_ES\" \/>\n<meta property=\"og:type\" content=\"article\" \/>\n<meta property=\"og:title\" content=\"Fotos de la Eucarist\u00eda de comienzo del curso 2023-2024 - Colegio Misioneras de la Providencia Talavera de la Reina\" \/>\n<meta property=\"og:description\" content=\"El jueves 28 inauguramos la Pastoral del curso 2023-2024 con una Eucarist\u00eda en el patio para todos los alumnos del colegio, excepto los alumnos de tres a\u00f1os. Que Nuestra Se\u00f1ora de la Providencia nos gu\u00ede en este nuevo curso y que todos aprendamos la importancia del cuidado, siguiendo su ejemplo de madre protectora.\" \/>\n<meta property=\"og:url\" content=\"https:\/\/buenartevisual.com\/colegiotalavera\/2023\/10\/01\/fotos-de-la-eucaristia-de-comienzo-del-curso-2023-2024\/\" \/>\n<meta property=\"og:site_name\" content=\"Colegio Misioneras de la Providencia Talavera de la Reina\" \/>\n<meta property=\"article:published_time\" content=\"2023-09-30T22:00:00+00:00\" \/>\n<meta property=\"article:modified_time\" content=\"2025-11-05T13:44:50+00:00\" \/>\n<meta property=\"og:image\" content=\"https:\/\/buenartevisual.com\/colegiotalavera\/wp-content\/uploads\/2025\/11\/DSC_9031-scaled-1.jpg\" \/>\n\t<meta property=\"og:image:width\" content=\"2560\" \/>\n\t<meta property=\"og:image:height\" content=\"1707\" \/>\n\t<meta property=\"og:image:type\" content=\"image\/jpeg\" \/>\n<meta name=\"author\" content=\"Superadministrador\" \/>\n<meta name=\"twitter:card\" content=\"summary_large_image\" \/>\n<meta name=\"twitter:label1\" content=\"Escrito por\" \/>\n\t<meta name=\"twitter:data1\" content=\"Superadministrador\" \/>\n\t<meta name=\"twitter:label2\" content=\"Tiempo de lectura\" \/>\n\t<meta name=\"twitter:data2\" content=\"1 minuto\" \/>\n<script type=\"application\/ld+json\" class=\"yoast-schema-graph\">{\"@context\":\"https:\/\/schema.org\",\"@graph\":[{\"@type\":\"Article\",\"@id\":\"https:\/\/buenartevisual.com\/colegiotalavera\/2023\/10\/01\/fotos-de-la-eucaristia-de-comienzo-del-curso-2023-2024\/#article\",\"isPartOf\":{\"@id\":\"https:\/\/buenartevisual.com\/colegiotalavera\/2023\/10\/01\/fotos-de-la-eucaristia-de-comienzo-del-curso-2023-2024\/\"},\"author\":{\"name\":\"Superadministrador\",\"@id\":\"https:\/\/buenartevisual.com\/colegiotalavera\/#\/schema\/person\/ad110da6625b9c32f15289014f79a069\"},\"headline\":\"Fotos de la Eucarist\u00eda de comienzo del curso 2023-2024\",\"datePublished\":\"2023-09-30T22:00:00+00:00\",\"dateModified\":\"2025-11-05T13:44:50+00:00\",\"mainEntityOfPage\":{\"@id\":\"https:\/\/buenartevisual.com\/colegiotalavera\/2023\/10\/01\/fotos-de-la-eucaristia-de-comienzo-del-curso-2023-2024\/\"},\"wordCount\":258,\"commentCount\":0,\"publisher\":{\"@id\":\"https:\/\/buenartevisual.com\/colegiotalavera\/#organization\"},\"image\":{\"@id\":\"https:\/\/buenartevisual.com\/colegiotalavera\/2023\/10\/01\/fotos-de-la-eucaristia-de-comienzo-del-curso-2023-2024\/#primaryimage\"},\"thumbnailUrl\":\"https:\/\/buenartevisual.com\/colegiotalavera\/wp-content\/uploads\/2025\/11\/DSC_9031-scaled-1.jpg\",\"articleSection\":[\"Galer\u00eda\"],\"inLanguage\":\"es\",\"potentialAction\":[{\"@type\":\"CommentAction\",\"name\":\"Comment\",\"target\":[\"https:\/\/buenartevisual.com\/colegiotalavera\/2023\/10\/01\/fotos-de-la-eucaristia-de-comienzo-del-curso-2023-2024\/#respond\"]}]},{\"@type\":\"WebPage\",\"@id\":\"https:\/\/buenartevisual.com\/colegiotalavera\/2023\/10\/01\/fotos-de-la-eucaristia-de-comienzo-del-curso-2023-2024\/\",\"url\":\"https:\/\/buenartevisual.com\/colegiotalavera\/2023\/10\/01\/fotos-de-la-eucaristia-de-comienzo-del-curso-2023-2024\/\",\"name\":\"Fotos de la Eucarist\u00eda de comienzo del curso 2023-2024 - Colegio Misioneras de la Providencia Talavera de la Reina\",\"isPartOf\":{\"@id\":\"https:\/\/buenartevisual.com\/colegiotalavera\/#website\"},\"primaryImageOfPage\":{\"@id\":\"https:\/\/buenartevisual.com\/colegiotalavera\/2023\/10\/01\/fotos-de-la-eucaristia-de-comienzo-del-curso-2023-2024\/#primaryimage\"},\"image\":{\"@id\":\"https:\/\/buenartevisual.com\/colegiotalavera\/2023\/10\/01\/fotos-de-la-eucaristia-de-comienzo-del-curso-2023-2024\/#primaryimage\"},\"thumbnailUrl\":\"https:\/\/buenartevisual.com\/colegiotalavera\/wp-content\/uploads\/2025\/11\/DSC_9031-scaled-1.jpg\",\"datePublished\":\"2023-09-30T22:00:00+00:00\",\"dateModified\":\"2025-11-05T13:44:50+00:00\",\"breadcrumb\":{\"@id\":\"https:\/\/buenartevisual.com\/colegiotalavera\/2023\/10\/01\/fotos-de-la-eucaristia-de-comienzo-del-curso-2023-2024\/#breadcrumb\"},\"inLanguage\":\"es\",\"potentialAction\":[{\"@type\":\"ReadAction\",\"target\":[\"https:\/\/buenartevisual.com\/colegiotalavera\/2023\/10\/01\/fotos-de-la-eucaristia-de-comienzo-del-curso-2023-2024\/\"]}]},{\"@type\":\"ImageObject\",\"inLanguage\":\"es\",\"@id\":\"https:\/\/buenartevisual.com\/colegiotalavera\/2023\/10\/01\/fotos-de-la-eucaristia-de-comienzo-del-curso-2023-2024\/#primaryimage\",\"url\":\"https:\/\/buenartevisual.com\/colegiotalavera\/wp-content\/uploads\/2025\/11\/DSC_9031-scaled-1.jpg\",\"contentUrl\":\"https:\/\/buenartevisual.com\/colegiotalavera\/wp-content\/uploads\/2025\/11\/DSC_9031-scaled-1.jpg\",\"width\":2560,\"height\":1707},{\"@type\":\"BreadcrumbList\",\"@id\":\"https:\/\/buenartevisual.com\/colegiotalavera\/2023\/10\/01\/fotos-de-la-eucaristia-de-comienzo-del-curso-2023-2024\/#breadcrumb\",\"itemListElement\":[{\"@type\":\"ListItem\",\"position\":1,\"name\":\"Portada\",\"item\":\"https:\/\/buenartevisual.com\/colegiotalavera\/\"},{\"@type\":\"ListItem\",\"position\":2,\"name\":\"Fotos de la Eucarist\u00eda de comienzo del curso 2023-2024\"}]},{\"@type\":\"WebSite\",\"@id\":\"https:\/\/buenartevisual.com\/colegiotalavera\/#website\",\"url\":\"https:\/\/buenartevisual.com\/colegiotalavera\/\",\"name\":\"Colegio Misioneras de la Providencia Talavera de la Reina\",\"description\":\"Web del colegio Misioneras de la Providencia de Talavera de la Reina\",\"publisher\":{\"@id\":\"https:\/\/buenartevisual.com\/colegiotalavera\/#organization\"},\"potentialAction\":[{\"@type\":\"SearchAction\",\"target\":{\"@type\":\"EntryPoint\",\"urlTemplate\":\"https:\/\/buenartevisual.com\/colegiotalavera\/?s={search_term_string}\"},\"query-input\":{\"@type\":\"PropertyValueSpecification\",\"valueRequired\":true,\"valueName\":\"search_term_string\"}}],\"inLanguage\":\"es\"},{\"@type\":\"Organization\",\"@id\":\"https:\/\/buenartevisual.com\/colegiotalavera\/#organization\",\"name\":\"Colegio Misioneras de la Providencia Talavera de la Reina\",\"url\":\"https:\/\/buenartevisual.com\/colegiotalavera\/\",\"logo\":{\"@type\":\"ImageObject\",\"inLanguage\":\"es\",\"@id\":\"https:\/\/buenartevisual.com\/colegiotalavera\/#\/schema\/logo\/image\/\",\"url\":\"https:\/\/buenartevisual.com\/colegiotalavera\/wp-content\/uploads\/2025\/10\/logo-misioneras-talavera.png\",\"contentUrl\":\"https:\/\/buenartevisual.com\/colegiotalavera\/wp-content\/uploads\/2025\/10\/logo-misioneras-talavera.png\",\"width\":447,\"height\":142,\"caption\":\"Colegio Misioneras de la Providencia Talavera de la Reina\"},\"image\":{\"@id\":\"https:\/\/buenartevisual.com\/colegiotalavera\/#\/schema\/logo\/image\/\"}},{\"@type\":\"Person\",\"@id\":\"https:\/\/buenartevisual.com\/colegiotalavera\/#\/schema\/person\/ad110da6625b9c32f15289014f79a069\",\"name\":\"Superadministrador\",\"image\":{\"@type\":\"ImageObject\",\"inLanguage\":\"es\",\"@id\":\"https:\/\/buenartevisual.com\/colegiotalavera\/#\/schema\/person\/image\/\",\"url\":\"https:\/\/secure.gravatar.com\/avatar\/df06c07e05e61dc70ae539d53ff0cc8942dab6bad37c86f1ad69468b5c4fa9c6?s=80&d=mm&r=g\",\"contentUrl\":\"https:\/\/secure.gravatar.com\/avatar\/df06c07e05e61dc70ae539d53ff0cc8942dab6bad37c86f1ad69468b5c4fa9c6?s=80&d=mm&r=g\",\"caption\":\"Superadministrador\"},\"sameAs\":[\"https:\/\/buenartevisual.com\/colegiotalavera\"],\"url\":\"https:\/\/buenartevisual.com\/colegiotalavera\/author\/superadministrador\/\"}]}<\/script>\n<!-- \/ Yoast SEO plugin. -->","yoast_head_json":{"title":"Fotos de la Eucarist\u00eda de comienzo del curso 2023-2024 - Colegio Misioneras de la Providencia Talavera de la Reina","robots":{"index":"noindex","follow":"follow","max-snippet":"max-snippet:-1","max-image-preview":"max-image-preview:large","max-video-preview":"max-video-preview:-1"},"og_locale":"es_ES","og_type":"article","og_title":"Fotos de la Eucarist\u00eda de comienzo del curso 2023-2024 - Colegio Misioneras de la Providencia Talavera de la Reina","og_description":"El jueves 28 inauguramos la Pastoral del curso 2023-2024 con una Eucarist\u00eda en el patio para todos los alumnos del colegio, excepto los alumnos de tres a\u00f1os. Que Nuestra Se\u00f1ora de la Providencia nos gu\u00ede en este nuevo curso y que todos aprendamos la importancia del cuidado, siguiendo su ejemplo de madre protectora.","og_url":"https:\/\/buenartevisual.com\/colegiotalavera\/2023\/10\/01\/fotos-de-la-eucaristia-de-comienzo-del-curso-2023-2024\/","og_site_name":"Colegio Misioneras de la Providencia Talavera de la Reina","article_published_time":"2023-09-30T22:00:00+00:00","article_modified_time":"2025-11-05T13:44:50+00:00","og_image":[{"width":2560,"height":1707,"url":"https:\/\/buenartevisual.com\/colegiotalavera\/wp-content\/uploads\/2025\/11\/DSC_9031-scaled-1.jpg","type":"image\/jpeg"}],"author":"Superadministrador","twitter_card":"summary_large_image","twitter_misc":{"Escrito por":"Superadministrador","Tiempo de lectura":"1 minuto"},"schema":{"@context":"https:\/\/schema.org","@graph":[{"@type":"Article","@id":"https:\/\/buenartevisual.com\/colegiotalavera\/2023\/10\/01\/fotos-de-la-eucaristia-de-comienzo-del-curso-2023-2024\/#article","isPartOf":{"@id":"https:\/\/buenartevisual.com\/colegiotalavera\/2023\/10\/01\/fotos-de-la-eucaristia-de-comienzo-del-curso-2023-2024\/"},"author":{"name":"Superadministrador","@id":"https:\/\/buenartevisual.com\/colegiotalavera\/#\/schema\/person\/ad110da6625b9c32f15289014f79a069"},"headline":"Fotos de la Eucarist\u00eda de comienzo del curso 2023-2024","datePublished":"2023-09-30T22:00:00+00:00","dateModified":"2025-11-05T13:44:50+00:00","mainEntityOfPage":{"@id":"https:\/\/buenartevisual.com\/colegiotalavera\/2023\/10\/01\/fotos-de-la-eucaristia-de-comienzo-del-curso-2023-2024\/"},"wordCount":258,"commentCount":0,"publisher":{"@id":"https:\/\/buenartevisual.com\/colegiotalavera\/#organization"},"image":{"@id":"https:\/\/buenartevisual.com\/colegiotalavera\/2023\/10\/01\/fotos-de-la-eucaristia-de-comienzo-del-curso-2023-2024\/#primaryimage"},"thumbnailUrl":"https:\/\/buenartevisual.com\/colegiotalavera\/wp-content\/uploads\/2025\/11\/DSC_9031-scaled-1.jpg","articleSection":["Galer\u00eda"],"inLanguage":"es","potentialAction":[{"@type":"CommentAction","name":"Comment","target":["https:\/\/buenartevisual.com\/colegiotalavera\/2023\/10\/01\/fotos-de-la-eucaristia-de-comienzo-del-curso-2023-2024\/#respond"]}]},{"@type":"WebPage","@id":"https:\/\/buenartevisual.com\/colegiotalavera\/2023\/10\/01\/fotos-de-la-eucaristia-de-comienzo-del-curso-2023-2024\/","url":"https:\/\/buenartevisual.com\/colegiotalavera\/2023\/10\/01\/fotos-de-la-eucaristia-de-comienzo-del-curso-2023-2024\/","name":"Fotos de la Eucarist\u00eda de comienzo del curso 2023-2024 - Colegio Misioneras de la Providencia Talavera de la Reina","isPartOf":{"@id":"https:\/\/buenartevisual.com\/colegiotalavera\/#website"},"primaryImageOfPage":{"@id":"https:\/\/buenartevisual.com\/colegiotalavera\/2023\/10\/01\/fotos-de-la-eucaristia-de-comienzo-del-curso-2023-2024\/#primaryimage"},"image":{"@id":"https:\/\/buenartevisual.com\/colegiotalavera\/2023\/10\/01\/fotos-de-la-eucaristia-de-comienzo-del-curso-2023-2024\/#primaryimage"},"thumbnailUrl":"https:\/\/buenartevisual.com\/colegiotalavera\/wp-content\/uploads\/2025\/11\/DSC_9031-scaled-1.jpg","datePublished":"2023-09-30T22:00:00+00:00","dateModified":"2025-11-05T13:44:50+00:00","breadcrumb":{"@id":"https:\/\/buenartevisual.com\/colegiotalavera\/2023\/10\/01\/fotos-de-la-eucaristia-de-comienzo-del-curso-2023-2024\/#breadcrumb"},"inLanguage":"es","potentialAction":[{"@type":"ReadAction","target":["https:\/\/buenartevisual.com\/colegiotalavera\/2023\/10\/01\/fotos-de-la-eucaristia-de-comienzo-del-curso-2023-2024\/"]}]},{"@type":"ImageObject","inLanguage":"es","@id":"https:\/\/buenartevisual.com\/colegiotalavera\/2023\/10\/01\/fotos-de-la-eucaristia-de-comienzo-del-curso-2023-2024\/#primaryimage","url":"https:\/\/buenartevisual.com\/colegiotalavera\/wp-content\/uploads\/2025\/11\/DSC_9031-scaled-1.jpg","contentUrl":"https:\/\/buenartevisual.com\/colegiotalavera\/wp-content\/uploads\/2025\/11\/DSC_9031-scaled-1.jpg","width":2560,"height":1707},{"@type":"BreadcrumbList","@id":"https:\/\/buenartevisual.com\/colegiotalavera\/2023\/10\/01\/fotos-de-la-eucaristia-de-comienzo-del-curso-2023-2024\/#breadcrumb","itemListElement":[{"@type":"ListItem","position":1,"name":"Portada","item":"https:\/\/buenartevisual.com\/colegiotalavera\/"},{"@type":"ListItem","position":2,"name":"Fotos de la Eucarist\u00eda de comienzo del curso 2023-2024"}]},{"@type":"WebSite","@id":"https:\/\/buenartevisual.com\/colegiotalavera\/#website","url":"https:\/\/buenartevisual.com\/colegiotalavera\/","name":"Colegio Misioneras de la Providencia Talavera de la Reina","description":"Web del colegio Misioneras de la Providencia de Talavera de la Reina","publisher":{"@id":"https:\/\/buenartevisual.com\/colegiotalavera\/#organization"},"potentialAction":[{"@type":"SearchAction","target":{"@type":"EntryPoint","urlTemplate":"https:\/\/buenartevisual.com\/colegiotalavera\/?s={search_term_string}"},"query-input":{"@type":"PropertyValueSpecification","valueRequired":true,"valueName":"search_term_string"}}],"inLanguage":"es"},{"@type":"Organization","@id":"https:\/\/buenartevisual.com\/colegiotalavera\/#organization","name":"Colegio Misioneras de la Providencia Talavera de la Reina","url":"https:\/\/buenartevisual.com\/colegiotalavera\/","logo":{"@type":"ImageObject","inLanguage":"es","@id":"https:\/\/buenartevisual.com\/colegiotalavera\/#\/schema\/logo\/image\/","url":"https:\/\/buenartevisual.com\/colegiotalavera\/wp-content\/uploads\/2025\/10\/logo-misioneras-talavera.png","contentUrl":"https:\/\/buenartevisual.com\/colegiotalavera\/wp-content\/uploads\/2025\/10\/logo-misioneras-talavera.png","width":447,"height":142,"caption":"Colegio Misioneras de la Providencia Talavera de la Reina"},"image":{"@id":"https:\/\/buenartevisual.com\/colegiotalavera\/#\/schema\/logo\/image\/"}},{"@type":"Person","@id":"https:\/\/buenartevisual.com\/colegiotalavera\/#\/schema\/person\/ad110da6625b9c32f15289014f79a069","name":"Superadministrador","image":{"@type":"ImageObject","inLanguage":"es","@id":"https:\/\/buenartevisual.com\/colegiotalavera\/#\/schema\/person\/image\/","url":"https:\/\/secure.gravatar.com\/avatar\/df06c07e05e61dc70ae539d53ff0cc8942dab6bad37c86f1ad69468b5c4fa9c6?s=80&d=mm&r=g","contentUrl":"https:\/\/secure.gravatar.com\/avatar\/df06c07e05e61dc70ae539d53ff0cc8942dab6bad37c86f1ad69468b5c4fa9c6?s=80&d=mm&r=g","caption":"Superadministrador"},"sameAs":["https:\/\/buenartevisual.com\/colegiotalavera"],"url":"https:\/\/buenartevisual.com\/colegiotalavera\/author\/superadministrador\/"}]}},"_links":{"self":[{"href":"https:\/\/buenartevisual.com\/colegiotalavera\/wp-json\/wp\/v2\/posts\/25734","targetHints":{"allow":["GET"]}}],"collection":[{"href":"https:\/\/buenartevisual.com\/colegiotalavera\/wp-json\/wp\/v2\/posts"}],"about":[{"href":"https:\/\/buenartevisual.com\/colegiotalavera\/wp-json\/wp\/v2\/types\/post"}],"author":[{"embeddable":true,"href":"https:\/\/buenartevisual.com\/colegiotalavera\/wp-json\/wp\/v2\/users\/1"}],"replies":[{"embeddable":true,"href":"https:\/\/buenartevisual.com\/colegiotalavera\/wp-json\/wp\/v2\/comments?post=25734"}],"version-history":[{"count":1,"href":"https:\/\/buenartevisual.com\/colegiotalavera\/wp-json\/wp\/v2\/posts\/25734\/revisions"}],"predecessor-version":[{"id":25750,"href":"https:\/\/buenartevisual.com\/colegiotalavera\/wp-json\/wp\/v2\/posts\/25734\/revisions\/25750"}],"wp:featuredmedia":[{"embeddable":true,"href":"https:\/\/buenartevisual.com\/colegiotalavera\/wp-json\/wp\/v2\/media\/25735"}],"wp:attachment":[{"href":"https:\/\/buenartevisual.com\/colegiotalavera\/wp-json\/wp\/v2\/media?parent=25734"}],"wp:term":[{"taxonomy":"category","embeddable":true,"href":"https:\/\/buenartevisual.com\/colegiotalavera\/wp-json\/wp\/v2\/categories?post=25734"},{"taxonomy":"post_tag","embeddable":true,"href":"https:\/\/buenartevisual.com\/colegiotalavera\/wp-json\/wp\/v2\/tags?post=25734"}],"curies":[{"name":"wp","href":"https:\/\/api.w.org\/{rel}","templated":true}]}}