{"id":25592,"date":"2023-06-07T00:00:00","date_gmt":"2023-06-06T22:00:00","guid":{"rendered":"https:\/\/buenartevisual.com\/colegiotalavera\/2023\/06\/07\/nuestro-proyecto-de-educacion-infantil\/"},"modified":"2023-06-07T00:00:00","modified_gmt":"2023-06-06T22:00:00","slug":"nuestro-proyecto-de-educacion-infantil","status":"publish","type":"post","link":"https:\/\/buenartevisual.com\/colegiotalavera\/2023\/06\/07\/nuestro-proyecto-de-educacion-infantil\/","title":{"rendered":"Nuestro proyecto de Educaci\u00f3n Infantil"},"content":{"rendered":"<p>El Segundo Ciclo de Educaci\u00f3n Infantil abarca de los 3 a los 5 a\u00f1os, y constituye la etapa inicial de la escolaridad, as\u00ed como la primera toma de contacto de los ni\u00f1os y ni\u00f1as con el centro. Nuestra acci\u00f3n educativa tiene como principal objetivo que los alumnos encuentren en el colegio una prolongaci\u00f3n de su hogar para poder desarrollar su autoestima y autonom\u00eda personal. Trabajamos para que los ni\u00f1os sean felices y est\u00e9n acompa\u00f1ados en su proceso de desarrollo, ayud\u00e1ndolos y potenciando todas sus capacidades. Cada alumno es \u00fanico y tiene su propio desarrollo madurativo y sus circunstancias, que son atendidas de forma individual. Guiados por el profesor, los alumnos trabajan conjuntamente para lograr los objetivos a trav\u00e9s del juego, la acci\u00f3n y la experimentaci\u00f3n, fuente principal de su aprendizaje y desarrollo.<\/p>\n<p>En la etapa de Infantil empleamos el aprendizaje cooperativo y colaborativo; usamos metodolog\u00edas activas a trav\u00e9s de instrumentos para estructurar el pensamiento de los alumnos y hacerlo visible; realizamos proyectos de trabajo que constituyen una estrategia educativa en la que los alumnos planean, implementan y eval\u00faan proyectos que combinan diversas materias curriculares; practicamos con la expresi\u00f3n art\u00edstica como herramienta para el desarrollo cognitivo, la creatividad, la imaginaci\u00f3n y la autonom\u00eda; tambi\u00e9n trabajamos la competencia digital con una gran infraestructura tecnol\u00f3gica. Cada aula de Infantil dispone de un ordenador conectado a un panel digital, que los ni\u00f1os utilizan para complementar de forma l\u00fadica los aprendizajes adquiridos. Y en ocasiones utilizamos la Sala de Audiovisuales o el Sal\u00f3n de Actos del centro.<\/p>\n<p>Desde Educaci\u00f3n Infantil, pasando por Primaria hasta llegar a Secundaria, nuestros alumnos viven un proceso de inmersi\u00f3n en el idioma desde la oralidad hasta la escritura. En Educaci\u00f3n Infantil basamos el aprendizaje en el enfoque comunicativo y lo abordamos de manera l\u00fadica a trav\u00e9s de juegos, canciones, historias, dramatizaciones, actividades pl\u00e1sticas, bailes, etc. para que los ni\u00f1os disfruten de una nueva lengua y la empiezan a incorporar como medio de comunicaci\u00f3n propio con sus profesores y compa\u00f1eros.<\/p>\n<p>El ingl\u00e9s de nuestro centro educativo no es una asignatura m\u00e1s en el horario escolar. A partir de 1\u00ba de infantil, los alumnos tienen sesiones con el profesor especialista de biling\u00fce, qui\u00e9n realizar\u00e1 las clases de idioma \u00fanicamente en ingl\u00e9s, para normalizar en el ni\u00f1o la escucha de una lengua extranjera. Las tutoras, tambi\u00e9n con la especialidad de ingl\u00e9s, apoyan al especialista a lo largo de la jornada escolar, haciendo uso de forma natural de vocabulario y diferentes f\u00f3rmulas de interacci\u00f3n con el idioma.<\/p>\n","protected":false},"excerpt":{"rendered":"<p>El Segundo Ciclo de Educaci\u00f3n Infantil abarca de los 3 a los 5 a\u00f1os, y constituye la etapa inicial de la escolaridad, as\u00ed como la primera toma de contacto de los ni\u00f1os y ni\u00f1as con el centro. Nuestra acci\u00f3n educativa tiene como principal objetivo que los alumnos encuentren en el colegio una prolongaci\u00f3n de su [&hellip;]<\/p>\n","protected":false},"author":1,"featured_media":25593,"comment_status":"open","ping_status":"open","sticky":false,"template":"","format":"standard","meta":{"footnotes":""},"categories":[274],"tags":[],"class_list":["post-25592","post","type-post","status-publish","format-standard","has-post-thumbnail","hentry","category-infantil"],"yoast_head":"<!-- This site is optimized with the Yoast SEO plugin v26.5 - https:\/\/yoast.com\/wordpress\/plugins\/seo\/ -->\n<title>Nuestro proyecto de Educaci\u00f3n Infantil - Colegio Misioneras de la Providencia Talavera de la Reina<\/title>\n<meta name=\"robots\" content=\"noindex, follow, max-snippet:-1, max-image-preview:large, max-video-preview:-1\" \/>\n<meta property=\"og:locale\" content=\"es_ES\" \/>\n<meta property=\"og:type\" content=\"article\" \/>\n<meta property=\"og:title\" content=\"Nuestro proyecto de Educaci\u00f3n Infantil - Colegio Misioneras de la Providencia Talavera de la Reina\" \/>\n<meta property=\"og:description\" content=\"El Segundo Ciclo de Educaci\u00f3n Infantil abarca de los 3 a los 5 a\u00f1os, y constituye la etapa inicial de la escolaridad, as\u00ed como la primera toma de contacto de los ni\u00f1os y ni\u00f1as con el centro. Nuestra acci\u00f3n educativa tiene como principal objetivo que los alumnos encuentren en el colegio una prolongaci\u00f3n de su [&hellip;]\" \/>\n<meta property=\"og:url\" content=\"https:\/\/buenartevisual.com\/colegiotalavera\/2023\/06\/07\/nuestro-proyecto-de-educacion-infantil\/\" \/>\n<meta property=\"og:site_name\" content=\"Colegio Misioneras de la Providencia Talavera de la Reina\" \/>\n<meta property=\"article:published_time\" content=\"2023-06-06T22:00:00+00:00\" \/>\n<meta property=\"og:image\" content=\"https:\/\/buenartevisual.com\/colegiotalavera\/wp-content\/uploads\/2025\/11\/manos-infantiles-coloridas-aisladas-en-blanco-imaginacion-positiva-creativa-artistica-ninez-colorida-mano-de-grupo-divertida-171431207.webp\" \/>\n\t<meta property=\"og:image:width\" content=\"800\" \/>\n\t<meta property=\"og:image:height\" content=\"534\" \/>\n\t<meta property=\"og:image:type\" content=\"image\/webp\" \/>\n<meta name=\"author\" content=\"Superadministrador\" \/>\n<meta name=\"twitter:card\" content=\"summary_large_image\" \/>\n<meta name=\"twitter:label1\" content=\"Escrito por\" \/>\n\t<meta name=\"twitter:data1\" content=\"Superadministrador\" \/>\n\t<meta name=\"twitter:label2\" content=\"Tiempo de lectura\" \/>\n\t<meta name=\"twitter:data2\" content=\"2 minutos\" \/>\n<script type=\"application\/ld+json\" class=\"yoast-schema-graph\">{\"@context\":\"https:\/\/schema.org\",\"@graph\":[{\"@type\":\"Article\",\"@id\":\"https:\/\/buenartevisual.com\/colegiotalavera\/2023\/06\/07\/nuestro-proyecto-de-educacion-infantil\/#article\",\"isPartOf\":{\"@id\":\"https:\/\/buenartevisual.com\/colegiotalavera\/2023\/06\/07\/nuestro-proyecto-de-educacion-infantil\/\"},\"author\":{\"name\":\"Superadministrador\",\"@id\":\"https:\/\/buenartevisual.com\/colegiotalavera\/#\/schema\/person\/ad110da6625b9c32f15289014f79a069\"},\"headline\":\"Nuestro proyecto de Educaci\u00f3n Infantil\",\"datePublished\":\"2023-06-06T22:00:00+00:00\",\"mainEntityOfPage\":{\"@id\":\"https:\/\/buenartevisual.com\/colegiotalavera\/2023\/06\/07\/nuestro-proyecto-de-educacion-infantil\/\"},\"wordCount\":461,\"commentCount\":0,\"publisher\":{\"@id\":\"https:\/\/buenartevisual.com\/colegiotalavera\/#organization\"},\"image\":{\"@id\":\"https:\/\/buenartevisual.com\/colegiotalavera\/2023\/06\/07\/nuestro-proyecto-de-educacion-infantil\/#primaryimage\"},\"thumbnailUrl\":\"https:\/\/buenartevisual.com\/colegiotalavera\/wp-content\/uploads\/2025\/11\/manos-infantiles-coloridas-aisladas-en-blanco-imaginacion-positiva-creativa-artistica-ninez-colorida-mano-de-grupo-divertida-171431207.webp\",\"articleSection\":[\"Infantil\"],\"inLanguage\":\"es\",\"potentialAction\":[{\"@type\":\"CommentAction\",\"name\":\"Comment\",\"target\":[\"https:\/\/buenartevisual.com\/colegiotalavera\/2023\/06\/07\/nuestro-proyecto-de-educacion-infantil\/#respond\"]}]},{\"@type\":\"WebPage\",\"@id\":\"https:\/\/buenartevisual.com\/colegiotalavera\/2023\/06\/07\/nuestro-proyecto-de-educacion-infantil\/\",\"url\":\"https:\/\/buenartevisual.com\/colegiotalavera\/2023\/06\/07\/nuestro-proyecto-de-educacion-infantil\/\",\"name\":\"Nuestro proyecto de Educaci\u00f3n Infantil - Colegio Misioneras de la Providencia Talavera de la Reina\",\"isPartOf\":{\"@id\":\"https:\/\/buenartevisual.com\/colegiotalavera\/#website\"},\"primaryImageOfPage\":{\"@id\":\"https:\/\/buenartevisual.com\/colegiotalavera\/2023\/06\/07\/nuestro-proyecto-de-educacion-infantil\/#primaryimage\"},\"image\":{\"@id\":\"https:\/\/buenartevisual.com\/colegiotalavera\/2023\/06\/07\/nuestro-proyecto-de-educacion-infantil\/#primaryimage\"},\"thumbnailUrl\":\"https:\/\/buenartevisual.com\/colegiotalavera\/wp-content\/uploads\/2025\/11\/manos-infantiles-coloridas-aisladas-en-blanco-imaginacion-positiva-creativa-artistica-ninez-colorida-mano-de-grupo-divertida-171431207.webp\",\"datePublished\":\"2023-06-06T22:00:00+00:00\",\"breadcrumb\":{\"@id\":\"https:\/\/buenartevisual.com\/colegiotalavera\/2023\/06\/07\/nuestro-proyecto-de-educacion-infantil\/#breadcrumb\"},\"inLanguage\":\"es\",\"potentialAction\":[{\"@type\":\"ReadAction\",\"target\":[\"https:\/\/buenartevisual.com\/colegiotalavera\/2023\/06\/07\/nuestro-proyecto-de-educacion-infantil\/\"]}]},{\"@type\":\"ImageObject\",\"inLanguage\":\"es\",\"@id\":\"https:\/\/buenartevisual.com\/colegiotalavera\/2023\/06\/07\/nuestro-proyecto-de-educacion-infantil\/#primaryimage\",\"url\":\"https:\/\/buenartevisual.com\/colegiotalavera\/wp-content\/uploads\/2025\/11\/manos-infantiles-coloridas-aisladas-en-blanco-imaginacion-positiva-creativa-artistica-ninez-colorida-mano-de-grupo-divertida-171431207.webp\",\"contentUrl\":\"https:\/\/buenartevisual.com\/colegiotalavera\/wp-content\/uploads\/2025\/11\/manos-infantiles-coloridas-aisladas-en-blanco-imaginacion-positiva-creativa-artistica-ninez-colorida-mano-de-grupo-divertida-171431207.webp\",\"width\":800,\"height\":534},{\"@type\":\"BreadcrumbList\",\"@id\":\"https:\/\/buenartevisual.com\/colegiotalavera\/2023\/06\/07\/nuestro-proyecto-de-educacion-infantil\/#breadcrumb\",\"itemListElement\":[{\"@type\":\"ListItem\",\"position\":1,\"name\":\"Portada\",\"item\":\"https:\/\/buenartevisual.com\/colegiotalavera\/\"},{\"@type\":\"ListItem\",\"position\":2,\"name\":\"Nuestro proyecto de Educaci\u00f3n Infantil\"}]},{\"@type\":\"WebSite\",\"@id\":\"https:\/\/buenartevisual.com\/colegiotalavera\/#website\",\"url\":\"https:\/\/buenartevisual.com\/colegiotalavera\/\",\"name\":\"Colegio Misioneras de la Providencia Talavera de la Reina\",\"description\":\"Web del colegio Misioneras de la Providencia de Talavera de la Reina\",\"publisher\":{\"@id\":\"https:\/\/buenartevisual.com\/colegiotalavera\/#organization\"},\"potentialAction\":[{\"@type\":\"SearchAction\",\"target\":{\"@type\":\"EntryPoint\",\"urlTemplate\":\"https:\/\/buenartevisual.com\/colegiotalavera\/?s={search_term_string}\"},\"query-input\":{\"@type\":\"PropertyValueSpecification\",\"valueRequired\":true,\"valueName\":\"search_term_string\"}}],\"inLanguage\":\"es\"},{\"@type\":\"Organization\",\"@id\":\"https:\/\/buenartevisual.com\/colegiotalavera\/#organization\",\"name\":\"Colegio Misioneras de la Providencia Talavera de la Reina\",\"url\":\"https:\/\/buenartevisual.com\/colegiotalavera\/\",\"logo\":{\"@type\":\"ImageObject\",\"inLanguage\":\"es\",\"@id\":\"https:\/\/buenartevisual.com\/colegiotalavera\/#\/schema\/logo\/image\/\",\"url\":\"https:\/\/buenartevisual.com\/colegiotalavera\/wp-content\/uploads\/2025\/10\/logo-misioneras-talavera.png\",\"contentUrl\":\"https:\/\/buenartevisual.com\/colegiotalavera\/wp-content\/uploads\/2025\/10\/logo-misioneras-talavera.png\",\"width\":447,\"height\":142,\"caption\":\"Colegio Misioneras de la Providencia Talavera de la Reina\"},\"image\":{\"@id\":\"https:\/\/buenartevisual.com\/colegiotalavera\/#\/schema\/logo\/image\/\"}},{\"@type\":\"Person\",\"@id\":\"https:\/\/buenartevisual.com\/colegiotalavera\/#\/schema\/person\/ad110da6625b9c32f15289014f79a069\",\"name\":\"Superadministrador\",\"image\":{\"@type\":\"ImageObject\",\"inLanguage\":\"es\",\"@id\":\"https:\/\/buenartevisual.com\/colegiotalavera\/#\/schema\/person\/image\/\",\"url\":\"https:\/\/secure.gravatar.com\/avatar\/df06c07e05e61dc70ae539d53ff0cc8942dab6bad37c86f1ad69468b5c4fa9c6?s=80&d=mm&r=g\",\"contentUrl\":\"https:\/\/secure.gravatar.com\/avatar\/df06c07e05e61dc70ae539d53ff0cc8942dab6bad37c86f1ad69468b5c4fa9c6?s=80&d=mm&r=g\",\"caption\":\"Superadministrador\"},\"sameAs\":[\"https:\/\/buenartevisual.com\/colegiotalavera\"],\"url\":\"https:\/\/buenartevisual.com\/colegiotalavera\/author\/superadministrador\/\"}]}<\/script>\n<!-- \/ Yoast SEO plugin. -->","yoast_head_json":{"title":"Nuestro proyecto de Educaci\u00f3n Infantil - Colegio Misioneras de la Providencia Talavera de la Reina","robots":{"index":"noindex","follow":"follow","max-snippet":"max-snippet:-1","max-image-preview":"max-image-preview:large","max-video-preview":"max-video-preview:-1"},"og_locale":"es_ES","og_type":"article","og_title":"Nuestro proyecto de Educaci\u00f3n Infantil - Colegio Misioneras de la Providencia Talavera de la Reina","og_description":"El Segundo Ciclo de Educaci\u00f3n Infantil abarca de los 3 a los 5 a\u00f1os, y constituye la etapa inicial de la escolaridad, as\u00ed como la primera toma de contacto de los ni\u00f1os y ni\u00f1as con el centro. Nuestra acci\u00f3n educativa tiene como principal objetivo que los alumnos encuentren en el colegio una prolongaci\u00f3n de su [&hellip;]","og_url":"https:\/\/buenartevisual.com\/colegiotalavera\/2023\/06\/07\/nuestro-proyecto-de-educacion-infantil\/","og_site_name":"Colegio Misioneras de la Providencia Talavera de la Reina","article_published_time":"2023-06-06T22:00:00+00:00","og_image":[{"width":800,"height":534,"url":"https:\/\/buenartevisual.com\/colegiotalavera\/wp-content\/uploads\/2025\/11\/manos-infantiles-coloridas-aisladas-en-blanco-imaginacion-positiva-creativa-artistica-ninez-colorida-mano-de-grupo-divertida-171431207.webp","type":"image\/webp"}],"author":"Superadministrador","twitter_card":"summary_large_image","twitter_misc":{"Escrito por":"Superadministrador","Tiempo de lectura":"2 minutos"},"schema":{"@context":"https:\/\/schema.org","@graph":[{"@type":"Article","@id":"https:\/\/buenartevisual.com\/colegiotalavera\/2023\/06\/07\/nuestro-proyecto-de-educacion-infantil\/#article","isPartOf":{"@id":"https:\/\/buenartevisual.com\/colegiotalavera\/2023\/06\/07\/nuestro-proyecto-de-educacion-infantil\/"},"author":{"name":"Superadministrador","@id":"https:\/\/buenartevisual.com\/colegiotalavera\/#\/schema\/person\/ad110da6625b9c32f15289014f79a069"},"headline":"Nuestro proyecto de Educaci\u00f3n Infantil","datePublished":"2023-06-06T22:00:00+00:00","mainEntityOfPage":{"@id":"https:\/\/buenartevisual.com\/colegiotalavera\/2023\/06\/07\/nuestro-proyecto-de-educacion-infantil\/"},"wordCount":461,"commentCount":0,"publisher":{"@id":"https:\/\/buenartevisual.com\/colegiotalavera\/#organization"},"image":{"@id":"https:\/\/buenartevisual.com\/colegiotalavera\/2023\/06\/07\/nuestro-proyecto-de-educacion-infantil\/#primaryimage"},"thumbnailUrl":"https:\/\/buenartevisual.com\/colegiotalavera\/wp-content\/uploads\/2025\/11\/manos-infantiles-coloridas-aisladas-en-blanco-imaginacion-positiva-creativa-artistica-ninez-colorida-mano-de-grupo-divertida-171431207.webp","articleSection":["Infantil"],"inLanguage":"es","potentialAction":[{"@type":"CommentAction","name":"Comment","target":["https:\/\/buenartevisual.com\/colegiotalavera\/2023\/06\/07\/nuestro-proyecto-de-educacion-infantil\/#respond"]}]},{"@type":"WebPage","@id":"https:\/\/buenartevisual.com\/colegiotalavera\/2023\/06\/07\/nuestro-proyecto-de-educacion-infantil\/","url":"https:\/\/buenartevisual.com\/colegiotalavera\/2023\/06\/07\/nuestro-proyecto-de-educacion-infantil\/","name":"Nuestro proyecto de Educaci\u00f3n Infantil - Colegio Misioneras de la Providencia Talavera de la Reina","isPartOf":{"@id":"https:\/\/buenartevisual.com\/colegiotalavera\/#website"},"primaryImageOfPage":{"@id":"https:\/\/buenartevisual.com\/colegiotalavera\/2023\/06\/07\/nuestro-proyecto-de-educacion-infantil\/#primaryimage"},"image":{"@id":"https:\/\/buenartevisual.com\/colegiotalavera\/2023\/06\/07\/nuestro-proyecto-de-educacion-infantil\/#primaryimage"},"thumbnailUrl":"https:\/\/buenartevisual.com\/colegiotalavera\/wp-content\/uploads\/2025\/11\/manos-infantiles-coloridas-aisladas-en-blanco-imaginacion-positiva-creativa-artistica-ninez-colorida-mano-de-grupo-divertida-171431207.webp","datePublished":"2023-06-06T22:00:00+00:00","breadcrumb":{"@id":"https:\/\/buenartevisual.com\/colegiotalavera\/2023\/06\/07\/nuestro-proyecto-de-educacion-infantil\/#breadcrumb"},"inLanguage":"es","potentialAction":[{"@type":"ReadAction","target":["https:\/\/buenartevisual.com\/colegiotalavera\/2023\/06\/07\/nuestro-proyecto-de-educacion-infantil\/"]}]},{"@type":"ImageObject","inLanguage":"es","@id":"https:\/\/buenartevisual.com\/colegiotalavera\/2023\/06\/07\/nuestro-proyecto-de-educacion-infantil\/#primaryimage","url":"https:\/\/buenartevisual.com\/colegiotalavera\/wp-content\/uploads\/2025\/11\/manos-infantiles-coloridas-aisladas-en-blanco-imaginacion-positiva-creativa-artistica-ninez-colorida-mano-de-grupo-divertida-171431207.webp","contentUrl":"https:\/\/buenartevisual.com\/colegiotalavera\/wp-content\/uploads\/2025\/11\/manos-infantiles-coloridas-aisladas-en-blanco-imaginacion-positiva-creativa-artistica-ninez-colorida-mano-de-grupo-divertida-171431207.webp","width":800,"height":534},{"@type":"BreadcrumbList","@id":"https:\/\/buenartevisual.com\/colegiotalavera\/2023\/06\/07\/nuestro-proyecto-de-educacion-infantil\/#breadcrumb","itemListElement":[{"@type":"ListItem","position":1,"name":"Portada","item":"https:\/\/buenartevisual.com\/colegiotalavera\/"},{"@type":"ListItem","position":2,"name":"Nuestro proyecto de Educaci\u00f3n Infantil"}]},{"@type":"WebSite","@id":"https:\/\/buenartevisual.com\/colegiotalavera\/#website","url":"https:\/\/buenartevisual.com\/colegiotalavera\/","name":"Colegio Misioneras de la Providencia Talavera de la Reina","description":"Web del colegio Misioneras de la Providencia de Talavera de la Reina","publisher":{"@id":"https:\/\/buenartevisual.com\/colegiotalavera\/#organization"},"potentialAction":[{"@type":"SearchAction","target":{"@type":"EntryPoint","urlTemplate":"https:\/\/buenartevisual.com\/colegiotalavera\/?s={search_term_string}"},"query-input":{"@type":"PropertyValueSpecification","valueRequired":true,"valueName":"search_term_string"}}],"inLanguage":"es"},{"@type":"Organization","@id":"https:\/\/buenartevisual.com\/colegiotalavera\/#organization","name":"Colegio Misioneras de la Providencia Talavera de la Reina","url":"https:\/\/buenartevisual.com\/colegiotalavera\/","logo":{"@type":"ImageObject","inLanguage":"es","@id":"https:\/\/buenartevisual.com\/colegiotalavera\/#\/schema\/logo\/image\/","url":"https:\/\/buenartevisual.com\/colegiotalavera\/wp-content\/uploads\/2025\/10\/logo-misioneras-talavera.png","contentUrl":"https:\/\/buenartevisual.com\/colegiotalavera\/wp-content\/uploads\/2025\/10\/logo-misioneras-talavera.png","width":447,"height":142,"caption":"Colegio Misioneras de la Providencia Talavera de la Reina"},"image":{"@id":"https:\/\/buenartevisual.com\/colegiotalavera\/#\/schema\/logo\/image\/"}},{"@type":"Person","@id":"https:\/\/buenartevisual.com\/colegiotalavera\/#\/schema\/person\/ad110da6625b9c32f15289014f79a069","name":"Superadministrador","image":{"@type":"ImageObject","inLanguage":"es","@id":"https:\/\/buenartevisual.com\/colegiotalavera\/#\/schema\/person\/image\/","url":"https:\/\/secure.gravatar.com\/avatar\/df06c07e05e61dc70ae539d53ff0cc8942dab6bad37c86f1ad69468b5c4fa9c6?s=80&d=mm&r=g","contentUrl":"https:\/\/secure.gravatar.com\/avatar\/df06c07e05e61dc70ae539d53ff0cc8942dab6bad37c86f1ad69468b5c4fa9c6?s=80&d=mm&r=g","caption":"Superadministrador"},"sameAs":["https:\/\/buenartevisual.com\/colegiotalavera"],"url":"https:\/\/buenartevisual.com\/colegiotalavera\/author\/superadministrador\/"}]}},"_links":{"self":[{"href":"https:\/\/buenartevisual.com\/colegiotalavera\/wp-json\/wp\/v2\/posts\/25592","targetHints":{"allow":["GET"]}}],"collection":[{"href":"https:\/\/buenartevisual.com\/colegiotalavera\/wp-json\/wp\/v2\/posts"}],"about":[{"href":"https:\/\/buenartevisual.com\/colegiotalavera\/wp-json\/wp\/v2\/types\/post"}],"author":[{"embeddable":true,"href":"https:\/\/buenartevisual.com\/colegiotalavera\/wp-json\/wp\/v2\/users\/1"}],"replies":[{"embeddable":true,"href":"https:\/\/buenartevisual.com\/colegiotalavera\/wp-json\/wp\/v2\/comments?post=25592"}],"version-history":[{"count":0,"href":"https:\/\/buenartevisual.com\/colegiotalavera\/wp-json\/wp\/v2\/posts\/25592\/revisions"}],"wp:featuredmedia":[{"embeddable":true,"href":"https:\/\/buenartevisual.com\/colegiotalavera\/wp-json\/wp\/v2\/media\/25593"}],"wp:attachment":[{"href":"https:\/\/buenartevisual.com\/colegiotalavera\/wp-json\/wp\/v2\/media?parent=25592"}],"wp:term":[{"taxonomy":"category","embeddable":true,"href":"https:\/\/buenartevisual.com\/colegiotalavera\/wp-json\/wp\/v2\/categories?post=25592"},{"taxonomy":"post_tag","embeddable":true,"href":"https:\/\/buenartevisual.com\/colegiotalavera\/wp-json\/wp\/v2\/tags?post=25592"}],"curies":[{"name":"wp","href":"https:\/\/api.w.org\/{rel}","templated":true}]}}