{"id":25459,"date":"2017-10-28T00:00:00","date_gmt":"2017-10-27T22:00:00","guid":{"rendered":"https:\/\/buenartevisual.com\/colegiotalavera\/2017\/10\/28\/cronica-del-primer-encuentro-de-la-familia-providente-del-curso-2017-2018\/"},"modified":"2017-10-28T00:00:00","modified_gmt":"2017-10-27T22:00:00","slug":"cronica-del-primer-encuentro-de-la-familia-providente-del-curso-2017-2018","status":"publish","type":"post","link":"https:\/\/buenartevisual.com\/colegiotalavera\/2017\/10\/28\/cronica-del-primer-encuentro-de-la-familia-providente-del-curso-2017-2018\/","title":{"rendered":"Cr\u00f3nica del primer encuentro de la Familia Providente del curso 2017-2018"},"content":{"rendered":"<p>El s\u00e1bado<em> 28 de octubre<\/em> hemos retomado las reuniones de la F<strong>amilia Providente<\/strong>. Tras una breve oraci\u00f3n dirigida a Nuestra Se\u00f1ora de la Providencia, la Hermana\u00a0 Blanca ha presentado el acto y ha dado la palabra a la Hermana M\u00aa \u00c1ngeles, que ha explicado el contenido de un cuadernillo repartido entre todos y que podemos ver en la\u00a0p\u00e1gina de la\u00a0 Casa General.<\/p>\n<p>A continuaci\u00f3n el padre Andr\u00e9s ha introducido el tema de debate de esta primera parte del encuentro, la oraci\u00f3n del laicado. Partiendo del papel del cristiano que trata de educar en su fe en este siglo XXI y de una cita del <em>Evangelii Gaudium<\/em>, exhortaci\u00f3n apost\u00f3lica del papa Francisco, hemos llegado al punto central del debate: la oraci\u00f3n desde el punto de vista del laico, primero como experiencia en general y luego como experiencia de la Providencia divina. La Hermana M\u00aa \u00c1ngeles ha aportado diversas citas del padre Joaqu\u00edn Alonso acerca de la oraci\u00f3n, varios de los asistentes han expuesto su experiencia personal sobre el tema tratado y, finalmente, se han planteado algunas cuestiones para reflexionar.<\/p>\n<p>A continuaci\u00f3n ha tenido lugar la Eucarist\u00eda, como es habitual, en la que han participado tambi\u00e9n los ni\u00f1os que han acudido esta tarde con sus padres y que durante del debate han estado al cargo de monitoras voluntarias. La tarde ha finalizada con una conversaci\u00f3n muy animada entre todos los asistentes, que hemos compartido alimentos y bebidas puestos en com\u00fan.<\/p>\n\n<blockquote><p>Para ver la galer\u00eda completa, pulse <a href=\"https:\/\/misionerastalavera.es\/cronica-del-primer-encuentro-de-la-familia-providente-del-curso-2017-2018\/\">aqu\u00ed<\/a>.<\/p><\/blockquote>\n","protected":false},"excerpt":{"rendered":"<p>El s\u00e1bado 28 de octubre hemos retomado las reuniones de la Familia Providente. Tras una breve oraci\u00f3n dirigida a Nuestra Se\u00f1ora de la Providencia, la Hermana\u00a0 Blanca ha presentado el acto y ha dado la palabra a la Hermana M\u00aa \u00c1ngeles, que ha explicado el contenido de un cuadernillo repartido entre todos y que podemos [&hellip;]<\/p>\n","protected":false},"author":1,"featured_media":25460,"comment_status":"open","ping_status":"open","sticky":false,"template":"","format":"standard","meta":{"footnotes":""},"categories":[262],"tags":[],"class_list":["post-25459","post","type-post","status-publish","format-standard","has-post-thumbnail","hentry","category-familia-providente"],"yoast_head":"<!-- This site is optimized with the Yoast SEO plugin v26.5 - https:\/\/yoast.com\/wordpress\/plugins\/seo\/ -->\n<title>Cr\u00f3nica del primer encuentro de la Familia Providente del curso 2017-2018 - Colegio Misioneras de la Providencia Talavera de la Reina<\/title>\n<meta name=\"robots\" content=\"noindex, follow, max-snippet:-1, max-image-preview:large, max-video-preview:-1\" \/>\n<meta property=\"og:locale\" content=\"es_ES\" \/>\n<meta property=\"og:type\" content=\"article\" \/>\n<meta property=\"og:title\" content=\"Cr\u00f3nica del primer encuentro de la Familia Providente del curso 2017-2018 - Colegio Misioneras de la Providencia Talavera de la Reina\" \/>\n<meta property=\"og:description\" content=\"El s\u00e1bado 28 de octubre hemos retomado las reuniones de la Familia Providente. Tras una breve oraci\u00f3n dirigida a Nuestra Se\u00f1ora de la Providencia, la Hermana\u00a0 Blanca ha presentado el acto y ha dado la palabra a la Hermana M\u00aa \u00c1ngeles, que ha explicado el contenido de un cuadernillo repartido entre todos y que podemos [&hellip;]\" \/>\n<meta property=\"og:url\" content=\"https:\/\/buenartevisual.com\/colegiotalavera\/2017\/10\/28\/cronica-del-primer-encuentro-de-la-familia-providente-del-curso-2017-2018\/\" \/>\n<meta property=\"og:site_name\" content=\"Colegio Misioneras de la Providencia Talavera de la Reina\" \/>\n<meta property=\"article:published_time\" content=\"2017-10-27T22:00:00+00:00\" \/>\n<meta property=\"og:image\" content=\"https:\/\/buenartevisual.com\/colegiotalavera\/wp-content\/uploads\/2025\/11\/04.jpg\" \/>\n\t<meta property=\"og:image:width\" content=\"500\" \/>\n\t<meta property=\"og:image:height\" content=\"500\" \/>\n\t<meta property=\"og:image:type\" content=\"image\/jpeg\" \/>\n<meta name=\"author\" content=\"Superadministrador\" \/>\n<meta name=\"twitter:card\" content=\"summary_large_image\" \/>\n<meta name=\"twitter:label1\" content=\"Escrito por\" \/>\n\t<meta name=\"twitter:data1\" content=\"Superadministrador\" \/>\n\t<meta name=\"twitter:label2\" content=\"Tiempo de lectura\" \/>\n\t<meta name=\"twitter:data2\" content=\"1 minuto\" \/>\n<script type=\"application\/ld+json\" class=\"yoast-schema-graph\">{\"@context\":\"https:\/\/schema.org\",\"@graph\":[{\"@type\":\"Article\",\"@id\":\"https:\/\/buenartevisual.com\/colegiotalavera\/2017\/10\/28\/cronica-del-primer-encuentro-de-la-familia-providente-del-curso-2017-2018\/#article\",\"isPartOf\":{\"@id\":\"https:\/\/buenartevisual.com\/colegiotalavera\/2017\/10\/28\/cronica-del-primer-encuentro-de-la-familia-providente-del-curso-2017-2018\/\"},\"author\":{\"name\":\"Superadministrador\",\"@id\":\"https:\/\/buenartevisual.com\/colegiotalavera\/#\/schema\/person\/ad110da6625b9c32f15289014f79a069\"},\"headline\":\"Cr\u00f3nica del primer encuentro de la Familia Providente del curso 2017-2018\",\"datePublished\":\"2017-10-27T22:00:00+00:00\",\"mainEntityOfPage\":{\"@id\":\"https:\/\/buenartevisual.com\/colegiotalavera\/2017\/10\/28\/cronica-del-primer-encuentro-de-la-familia-providente-del-curso-2017-2018\/\"},\"wordCount\":304,\"commentCount\":0,\"publisher\":{\"@id\":\"https:\/\/buenartevisual.com\/colegiotalavera\/#organization\"},\"image\":{\"@id\":\"https:\/\/buenartevisual.com\/colegiotalavera\/2017\/10\/28\/cronica-del-primer-encuentro-de-la-familia-providente-del-curso-2017-2018\/#primaryimage\"},\"thumbnailUrl\":\"https:\/\/buenartevisual.com\/colegiotalavera\/wp-content\/uploads\/2025\/11\/04.jpg\",\"articleSection\":[\"Familia Providente\"],\"inLanguage\":\"es\",\"potentialAction\":[{\"@type\":\"CommentAction\",\"name\":\"Comment\",\"target\":[\"https:\/\/buenartevisual.com\/colegiotalavera\/2017\/10\/28\/cronica-del-primer-encuentro-de-la-familia-providente-del-curso-2017-2018\/#respond\"]}]},{\"@type\":\"WebPage\",\"@id\":\"https:\/\/buenartevisual.com\/colegiotalavera\/2017\/10\/28\/cronica-del-primer-encuentro-de-la-familia-providente-del-curso-2017-2018\/\",\"url\":\"https:\/\/buenartevisual.com\/colegiotalavera\/2017\/10\/28\/cronica-del-primer-encuentro-de-la-familia-providente-del-curso-2017-2018\/\",\"name\":\"Cr\u00f3nica del primer encuentro de la Familia Providente del curso 2017-2018 - Colegio Misioneras de la Providencia Talavera de la Reina\",\"isPartOf\":{\"@id\":\"https:\/\/buenartevisual.com\/colegiotalavera\/#website\"},\"primaryImageOfPage\":{\"@id\":\"https:\/\/buenartevisual.com\/colegiotalavera\/2017\/10\/28\/cronica-del-primer-encuentro-de-la-familia-providente-del-curso-2017-2018\/#primaryimage\"},\"image\":{\"@id\":\"https:\/\/buenartevisual.com\/colegiotalavera\/2017\/10\/28\/cronica-del-primer-encuentro-de-la-familia-providente-del-curso-2017-2018\/#primaryimage\"},\"thumbnailUrl\":\"https:\/\/buenartevisual.com\/colegiotalavera\/wp-content\/uploads\/2025\/11\/04.jpg\",\"datePublished\":\"2017-10-27T22:00:00+00:00\",\"breadcrumb\":{\"@id\":\"https:\/\/buenartevisual.com\/colegiotalavera\/2017\/10\/28\/cronica-del-primer-encuentro-de-la-familia-providente-del-curso-2017-2018\/#breadcrumb\"},\"inLanguage\":\"es\",\"potentialAction\":[{\"@type\":\"ReadAction\",\"target\":[\"https:\/\/buenartevisual.com\/colegiotalavera\/2017\/10\/28\/cronica-del-primer-encuentro-de-la-familia-providente-del-curso-2017-2018\/\"]}]},{\"@type\":\"ImageObject\",\"inLanguage\":\"es\",\"@id\":\"https:\/\/buenartevisual.com\/colegiotalavera\/2017\/10\/28\/cronica-del-primer-encuentro-de-la-familia-providente-del-curso-2017-2018\/#primaryimage\",\"url\":\"https:\/\/buenartevisual.com\/colegiotalavera\/wp-content\/uploads\/2025\/11\/04.jpg\",\"contentUrl\":\"https:\/\/buenartevisual.com\/colegiotalavera\/wp-content\/uploads\/2025\/11\/04.jpg\",\"width\":500,\"height\":500},{\"@type\":\"BreadcrumbList\",\"@id\":\"https:\/\/buenartevisual.com\/colegiotalavera\/2017\/10\/28\/cronica-del-primer-encuentro-de-la-familia-providente-del-curso-2017-2018\/#breadcrumb\",\"itemListElement\":[{\"@type\":\"ListItem\",\"position\":1,\"name\":\"Portada\",\"item\":\"https:\/\/buenartevisual.com\/colegiotalavera\/\"},{\"@type\":\"ListItem\",\"position\":2,\"name\":\"Cr\u00f3nica del primer encuentro de la Familia Providente del curso 2017-2018\"}]},{\"@type\":\"WebSite\",\"@id\":\"https:\/\/buenartevisual.com\/colegiotalavera\/#website\",\"url\":\"https:\/\/buenartevisual.com\/colegiotalavera\/\",\"name\":\"Colegio Misioneras de la Providencia Talavera de la Reina\",\"description\":\"Web del colegio Misioneras de la Providencia de Talavera de la Reina\",\"publisher\":{\"@id\":\"https:\/\/buenartevisual.com\/colegiotalavera\/#organization\"},\"potentialAction\":[{\"@type\":\"SearchAction\",\"target\":{\"@type\":\"EntryPoint\",\"urlTemplate\":\"https:\/\/buenartevisual.com\/colegiotalavera\/?s={search_term_string}\"},\"query-input\":{\"@type\":\"PropertyValueSpecification\",\"valueRequired\":true,\"valueName\":\"search_term_string\"}}],\"inLanguage\":\"es\"},{\"@type\":\"Organization\",\"@id\":\"https:\/\/buenartevisual.com\/colegiotalavera\/#organization\",\"name\":\"Colegio Misioneras de la Providencia Talavera de la Reina\",\"url\":\"https:\/\/buenartevisual.com\/colegiotalavera\/\",\"logo\":{\"@type\":\"ImageObject\",\"inLanguage\":\"es\",\"@id\":\"https:\/\/buenartevisual.com\/colegiotalavera\/#\/schema\/logo\/image\/\",\"url\":\"https:\/\/buenartevisual.com\/colegiotalavera\/wp-content\/uploads\/2025\/10\/logo-misioneras-talavera.png\",\"contentUrl\":\"https:\/\/buenartevisual.com\/colegiotalavera\/wp-content\/uploads\/2025\/10\/logo-misioneras-talavera.png\",\"width\":447,\"height\":142,\"caption\":\"Colegio Misioneras de la Providencia Talavera de la Reina\"},\"image\":{\"@id\":\"https:\/\/buenartevisual.com\/colegiotalavera\/#\/schema\/logo\/image\/\"}},{\"@type\":\"Person\",\"@id\":\"https:\/\/buenartevisual.com\/colegiotalavera\/#\/schema\/person\/ad110da6625b9c32f15289014f79a069\",\"name\":\"Superadministrador\",\"image\":{\"@type\":\"ImageObject\",\"inLanguage\":\"es\",\"@id\":\"https:\/\/buenartevisual.com\/colegiotalavera\/#\/schema\/person\/image\/\",\"url\":\"https:\/\/secure.gravatar.com\/avatar\/df06c07e05e61dc70ae539d53ff0cc8942dab6bad37c86f1ad69468b5c4fa9c6?s=80&d=mm&r=g\",\"contentUrl\":\"https:\/\/secure.gravatar.com\/avatar\/df06c07e05e61dc70ae539d53ff0cc8942dab6bad37c86f1ad69468b5c4fa9c6?s=80&d=mm&r=g\",\"caption\":\"Superadministrador\"},\"sameAs\":[\"https:\/\/buenartevisual.com\/colegiotalavera\"],\"url\":\"https:\/\/buenartevisual.com\/colegiotalavera\/author\/superadministrador\/\"}]}<\/script>\n<!-- \/ Yoast SEO plugin. -->","yoast_head_json":{"title":"Cr\u00f3nica del primer encuentro de la Familia Providente del curso 2017-2018 - Colegio Misioneras de la Providencia Talavera de la Reina","robots":{"index":"noindex","follow":"follow","max-snippet":"max-snippet:-1","max-image-preview":"max-image-preview:large","max-video-preview":"max-video-preview:-1"},"og_locale":"es_ES","og_type":"article","og_title":"Cr\u00f3nica del primer encuentro de la Familia Providente del curso 2017-2018 - Colegio Misioneras de la Providencia Talavera de la Reina","og_description":"El s\u00e1bado 28 de octubre hemos retomado las reuniones de la Familia Providente. Tras una breve oraci\u00f3n dirigida a Nuestra Se\u00f1ora de la Providencia, la Hermana\u00a0 Blanca ha presentado el acto y ha dado la palabra a la Hermana M\u00aa \u00c1ngeles, que ha explicado el contenido de un cuadernillo repartido entre todos y que podemos [&hellip;]","og_url":"https:\/\/buenartevisual.com\/colegiotalavera\/2017\/10\/28\/cronica-del-primer-encuentro-de-la-familia-providente-del-curso-2017-2018\/","og_site_name":"Colegio Misioneras de la Providencia Talavera de la Reina","article_published_time":"2017-10-27T22:00:00+00:00","og_image":[{"width":500,"height":500,"url":"https:\/\/buenartevisual.com\/colegiotalavera\/wp-content\/uploads\/2025\/11\/04.jpg","type":"image\/jpeg"}],"author":"Superadministrador","twitter_card":"summary_large_image","twitter_misc":{"Escrito por":"Superadministrador","Tiempo de lectura":"1 minuto"},"schema":{"@context":"https:\/\/schema.org","@graph":[{"@type":"Article","@id":"https:\/\/buenartevisual.com\/colegiotalavera\/2017\/10\/28\/cronica-del-primer-encuentro-de-la-familia-providente-del-curso-2017-2018\/#article","isPartOf":{"@id":"https:\/\/buenartevisual.com\/colegiotalavera\/2017\/10\/28\/cronica-del-primer-encuentro-de-la-familia-providente-del-curso-2017-2018\/"},"author":{"name":"Superadministrador","@id":"https:\/\/buenartevisual.com\/colegiotalavera\/#\/schema\/person\/ad110da6625b9c32f15289014f79a069"},"headline":"Cr\u00f3nica del primer encuentro de la Familia Providente del curso 2017-2018","datePublished":"2017-10-27T22:00:00+00:00","mainEntityOfPage":{"@id":"https:\/\/buenartevisual.com\/colegiotalavera\/2017\/10\/28\/cronica-del-primer-encuentro-de-la-familia-providente-del-curso-2017-2018\/"},"wordCount":304,"commentCount":0,"publisher":{"@id":"https:\/\/buenartevisual.com\/colegiotalavera\/#organization"},"image":{"@id":"https:\/\/buenartevisual.com\/colegiotalavera\/2017\/10\/28\/cronica-del-primer-encuentro-de-la-familia-providente-del-curso-2017-2018\/#primaryimage"},"thumbnailUrl":"https:\/\/buenartevisual.com\/colegiotalavera\/wp-content\/uploads\/2025\/11\/04.jpg","articleSection":["Familia Providente"],"inLanguage":"es","potentialAction":[{"@type":"CommentAction","name":"Comment","target":["https:\/\/buenartevisual.com\/colegiotalavera\/2017\/10\/28\/cronica-del-primer-encuentro-de-la-familia-providente-del-curso-2017-2018\/#respond"]}]},{"@type":"WebPage","@id":"https:\/\/buenartevisual.com\/colegiotalavera\/2017\/10\/28\/cronica-del-primer-encuentro-de-la-familia-providente-del-curso-2017-2018\/","url":"https:\/\/buenartevisual.com\/colegiotalavera\/2017\/10\/28\/cronica-del-primer-encuentro-de-la-familia-providente-del-curso-2017-2018\/","name":"Cr\u00f3nica del primer encuentro de la Familia Providente del curso 2017-2018 - Colegio Misioneras de la Providencia Talavera de la Reina","isPartOf":{"@id":"https:\/\/buenartevisual.com\/colegiotalavera\/#website"},"primaryImageOfPage":{"@id":"https:\/\/buenartevisual.com\/colegiotalavera\/2017\/10\/28\/cronica-del-primer-encuentro-de-la-familia-providente-del-curso-2017-2018\/#primaryimage"},"image":{"@id":"https:\/\/buenartevisual.com\/colegiotalavera\/2017\/10\/28\/cronica-del-primer-encuentro-de-la-familia-providente-del-curso-2017-2018\/#primaryimage"},"thumbnailUrl":"https:\/\/buenartevisual.com\/colegiotalavera\/wp-content\/uploads\/2025\/11\/04.jpg","datePublished":"2017-10-27T22:00:00+00:00","breadcrumb":{"@id":"https:\/\/buenartevisual.com\/colegiotalavera\/2017\/10\/28\/cronica-del-primer-encuentro-de-la-familia-providente-del-curso-2017-2018\/#breadcrumb"},"inLanguage":"es","potentialAction":[{"@type":"ReadAction","target":["https:\/\/buenartevisual.com\/colegiotalavera\/2017\/10\/28\/cronica-del-primer-encuentro-de-la-familia-providente-del-curso-2017-2018\/"]}]},{"@type":"ImageObject","inLanguage":"es","@id":"https:\/\/buenartevisual.com\/colegiotalavera\/2017\/10\/28\/cronica-del-primer-encuentro-de-la-familia-providente-del-curso-2017-2018\/#primaryimage","url":"https:\/\/buenartevisual.com\/colegiotalavera\/wp-content\/uploads\/2025\/11\/04.jpg","contentUrl":"https:\/\/buenartevisual.com\/colegiotalavera\/wp-content\/uploads\/2025\/11\/04.jpg","width":500,"height":500},{"@type":"BreadcrumbList","@id":"https:\/\/buenartevisual.com\/colegiotalavera\/2017\/10\/28\/cronica-del-primer-encuentro-de-la-familia-providente-del-curso-2017-2018\/#breadcrumb","itemListElement":[{"@type":"ListItem","position":1,"name":"Portada","item":"https:\/\/buenartevisual.com\/colegiotalavera\/"},{"@type":"ListItem","position":2,"name":"Cr\u00f3nica del primer encuentro de la Familia Providente del curso 2017-2018"}]},{"@type":"WebSite","@id":"https:\/\/buenartevisual.com\/colegiotalavera\/#website","url":"https:\/\/buenartevisual.com\/colegiotalavera\/","name":"Colegio Misioneras de la Providencia Talavera de la Reina","description":"Web del colegio Misioneras de la Providencia de Talavera de la Reina","publisher":{"@id":"https:\/\/buenartevisual.com\/colegiotalavera\/#organization"},"potentialAction":[{"@type":"SearchAction","target":{"@type":"EntryPoint","urlTemplate":"https:\/\/buenartevisual.com\/colegiotalavera\/?s={search_term_string}"},"query-input":{"@type":"PropertyValueSpecification","valueRequired":true,"valueName":"search_term_string"}}],"inLanguage":"es"},{"@type":"Organization","@id":"https:\/\/buenartevisual.com\/colegiotalavera\/#organization","name":"Colegio Misioneras de la Providencia Talavera de la Reina","url":"https:\/\/buenartevisual.com\/colegiotalavera\/","logo":{"@type":"ImageObject","inLanguage":"es","@id":"https:\/\/buenartevisual.com\/colegiotalavera\/#\/schema\/logo\/image\/","url":"https:\/\/buenartevisual.com\/colegiotalavera\/wp-content\/uploads\/2025\/10\/logo-misioneras-talavera.png","contentUrl":"https:\/\/buenartevisual.com\/colegiotalavera\/wp-content\/uploads\/2025\/10\/logo-misioneras-talavera.png","width":447,"height":142,"caption":"Colegio Misioneras de la Providencia Talavera de la Reina"},"image":{"@id":"https:\/\/buenartevisual.com\/colegiotalavera\/#\/schema\/logo\/image\/"}},{"@type":"Person","@id":"https:\/\/buenartevisual.com\/colegiotalavera\/#\/schema\/person\/ad110da6625b9c32f15289014f79a069","name":"Superadministrador","image":{"@type":"ImageObject","inLanguage":"es","@id":"https:\/\/buenartevisual.com\/colegiotalavera\/#\/schema\/person\/image\/","url":"https:\/\/secure.gravatar.com\/avatar\/df06c07e05e61dc70ae539d53ff0cc8942dab6bad37c86f1ad69468b5c4fa9c6?s=80&d=mm&r=g","contentUrl":"https:\/\/secure.gravatar.com\/avatar\/df06c07e05e61dc70ae539d53ff0cc8942dab6bad37c86f1ad69468b5c4fa9c6?s=80&d=mm&r=g","caption":"Superadministrador"},"sameAs":["https:\/\/buenartevisual.com\/colegiotalavera"],"url":"https:\/\/buenartevisual.com\/colegiotalavera\/author\/superadministrador\/"}]}},"_links":{"self":[{"href":"https:\/\/buenartevisual.com\/colegiotalavera\/wp-json\/wp\/v2\/posts\/25459","targetHints":{"allow":["GET"]}}],"collection":[{"href":"https:\/\/buenartevisual.com\/colegiotalavera\/wp-json\/wp\/v2\/posts"}],"about":[{"href":"https:\/\/buenartevisual.com\/colegiotalavera\/wp-json\/wp\/v2\/types\/post"}],"author":[{"embeddable":true,"href":"https:\/\/buenartevisual.com\/colegiotalavera\/wp-json\/wp\/v2\/users\/1"}],"replies":[{"embeddable":true,"href":"https:\/\/buenartevisual.com\/colegiotalavera\/wp-json\/wp\/v2\/comments?post=25459"}],"version-history":[{"count":0,"href":"https:\/\/buenartevisual.com\/colegiotalavera\/wp-json\/wp\/v2\/posts\/25459\/revisions"}],"wp:featuredmedia":[{"embeddable":true,"href":"https:\/\/buenartevisual.com\/colegiotalavera\/wp-json\/wp\/v2\/media\/25460"}],"wp:attachment":[{"href":"https:\/\/buenartevisual.com\/colegiotalavera\/wp-json\/wp\/v2\/media?parent=25459"}],"wp:term":[{"taxonomy":"category","embeddable":true,"href":"https:\/\/buenartevisual.com\/colegiotalavera\/wp-json\/wp\/v2\/categories?post=25459"},{"taxonomy":"post_tag","embeddable":true,"href":"https:\/\/buenartevisual.com\/colegiotalavera\/wp-json\/wp\/v2\/tags?post=25459"}],"curies":[{"name":"wp","href":"https:\/\/api.w.org\/{rel}","templated":true}]}}