{"id":14107,"date":"2025-10-19T22:35:42","date_gmt":"2025-10-19T20:35:42","guid":{"rendered":"https:\/\/misionerastalavera.es\/?p=14107"},"modified":"2025-10-19T22:35:42","modified_gmt":"2025-10-19T20:35:42","slug":"nuestro-colegio-ha-acogido-esta-semana-las-reliquias-de-san-carlo-acutis","status":"publish","type":"post","link":"https:\/\/buenartevisual.com\/colegiotalavera\/2025\/10\/19\/nuestro-colegio-ha-acogido-esta-semana-las-reliquias-de-san-carlo-acutis\/","title":{"rendered":"Nuestro colegio ha acogido esta semana las reliquias de san Carlo Acutis"},"content":{"rendered":"<p>Las reliquias de uno de los santos de m\u00e1s reciente canonizaci\u00f3n, Carlo Acutis, han viajado desde As\u00eds hasta Talavera de la Reina, en concreto hasta nuestro colegio, donde se le han ofrecido dos eucarist\u00edas, una para todos los fieles que quisieron acercarse hasta nuestro centro, y otra para el alumnado y el claustro del centro. El martes por la tarde tuvo lugar la primera de ellas, concelebrada por varios sacerdotes y presidida por nuestro obispo, monse\u00f1or Francisco Cerro Chaves, que resalt\u00f3 en Carlo sus muchas cualidades, en especial la originalidad. Al d\u00eda siguiente alumnos y profesores asistieron a una ceremonia exclusiva para ellos, tras la cual se establecieron turnos de oraci\u00f3n por cursos. Galer\u00eda de fotos en este <a href=\"https:\/\/drive.google.com\/drive\/folders\/1AKdisvE5YQvq7LxF6x5lkdiwRnUJSPps?usp=sharing\">enlace<\/a>.<\/p>\n<p>&nbsp;<\/p>\n<p><center><br \/>\n<div style=\"width: 640px;\" class=\"wp-video\"><video class=\"wp-video-shortcode\" id=\"video-14107-1\" width=\"640\" height=\"360\" preload=\"metadata\" controls=\"controls\"><source type=\"video\/mp4\" src=\"https:\/\/buenartevisual.com\/colegiotalavera\/wp-content\/uploads\/2025\/10\/video-de-alumnos-hablando-sobre-las-reliquias-de-san-Carlo-Acutis-1.mp4?_=1\" \/><source type=\"\" src=\"\" \/><a href=\"https:\/\/buenartevisual.com\/colegiotalavera\/wp-content\/uploads\/2025\/10\/video-de-alumnos-hablando-sobre-las-reliquias-de-san-Carlo-Acutis-1.mp4\">https:\/\/buenartevisual.com\/colegiotalavera\/wp-content\/uploads\/2025\/10\/video-de-alumnos-hablando-sobre-las-reliquias-de-san-Carlo-Acutis-1.mp4<\/a><\/video><\/div><\/p>\n<p><\/center><\/p>\n","protected":false},"excerpt":{"rendered":"<p>Las reliquias de uno de los santos de m\u00e1s reciente canonizaci\u00f3n, Carlo Acutis, han viajado desde As\u00eds hasta Talavera de la Reina, en concreto hasta nuestro colegio, donde se le han ofrecido dos eucarist\u00edas, una para todos los fieles que quisieron acercarse hasta nuestro centro, y otra para el alumnado y el claustro del centro. [&hellip;]<\/p>\n","protected":false},"author":1,"featured_media":14108,"comment_status":"closed","ping_status":"open","sticky":false,"template":"","format":"standard","meta":{"footnotes":""},"categories":[322],"tags":[306,313,275,288,257],"class_list":["post-14107","post","type-post","status-publish","format-standard","has-post-thumbnail","hentry","category-pastoral","tag-actividades","tag-alumnos","tag-cristianismo","tag-eucaristia","tag-familias"],"yoast_head":"<!-- This site is optimized with the Yoast SEO plugin v26.5 - https:\/\/yoast.com\/wordpress\/plugins\/seo\/ -->\n<title>Nuestro colegio ha acogido esta semana las reliquias de san Carlo Acutis - Colegio Misioneras de la Providencia Talavera de la Reina<\/title>\n<meta name=\"robots\" content=\"noindex, follow, max-snippet:-1, max-image-preview:large, max-video-preview:-1\" \/>\n<meta property=\"og:locale\" content=\"es_ES\" \/>\n<meta property=\"og:type\" content=\"article\" \/>\n<meta property=\"og:title\" content=\"Nuestro colegio ha acogido esta semana las reliquias de san Carlo Acutis - Colegio Misioneras de la Providencia Talavera de la Reina\" \/>\n<meta property=\"og:description\" content=\"Las reliquias de uno de los santos de m\u00e1s reciente canonizaci\u00f3n, Carlo Acutis, han viajado desde As\u00eds hasta Talavera de la Reina, en concreto hasta nuestro colegio, donde se le han ofrecido dos eucarist\u00edas, una para todos los fieles que quisieron acercarse hasta nuestro centro, y otra para el alumnado y el claustro del centro. [&hellip;]\" \/>\n<meta property=\"og:url\" content=\"https:\/\/buenartevisual.com\/colegiotalavera\/2025\/10\/19\/nuestro-colegio-ha-acogido-esta-semana-las-reliquias-de-san-carlo-acutis\/\" \/>\n<meta property=\"og:site_name\" content=\"Colegio Misioneras de la Providencia Talavera de la Reina\" \/>\n<meta property=\"article:published_time\" content=\"2025-10-19T20:35:42+00:00\" \/>\n<meta property=\"og:image\" content=\"https:\/\/buenartevisual.com\/colegiotalavera\/wp-content\/uploads\/2025\/10\/DSC_3892-recortada-scaled-1.jpg\" \/>\n\t<meta property=\"og:image:width\" content=\"1372\" \/>\n\t<meta property=\"og:image:height\" content=\"2560\" \/>\n\t<meta property=\"og:image:type\" content=\"image\/jpeg\" \/>\n<meta name=\"author\" content=\"Superadministrador\" \/>\n<meta name=\"twitter:card\" content=\"summary_large_image\" \/>\n<meta name=\"twitter:label1\" content=\"Escrito por\" \/>\n\t<meta name=\"twitter:data1\" content=\"Superadministrador\" \/>\n\t<meta name=\"twitter:label2\" content=\"Tiempo de lectura\" \/>\n\t<meta name=\"twitter:data2\" content=\"1 minuto\" \/>\n<script type=\"application\/ld+json\" class=\"yoast-schema-graph\">{\"@context\":\"https:\/\/schema.org\",\"@graph\":[{\"@type\":\"Article\",\"@id\":\"https:\/\/buenartevisual.com\/colegiotalavera\/2025\/10\/19\/nuestro-colegio-ha-acogido-esta-semana-las-reliquias-de-san-carlo-acutis\/#article\",\"isPartOf\":{\"@id\":\"https:\/\/buenartevisual.com\/colegiotalavera\/2025\/10\/19\/nuestro-colegio-ha-acogido-esta-semana-las-reliquias-de-san-carlo-acutis\/\"},\"author\":{\"name\":\"Superadministrador\",\"@id\":\"https:\/\/buenartevisual.com\/colegiotalavera\/#\/schema\/person\/ad110da6625b9c32f15289014f79a069\"},\"headline\":\"Nuestro colegio ha acogido esta semana las reliquias de san Carlo Acutis\",\"datePublished\":\"2025-10-19T20:35:42+00:00\",\"mainEntityOfPage\":{\"@id\":\"https:\/\/buenartevisual.com\/colegiotalavera\/2025\/10\/19\/nuestro-colegio-ha-acogido-esta-semana-las-reliquias-de-san-carlo-acutis\/\"},\"wordCount\":152,\"publisher\":{\"@id\":\"https:\/\/buenartevisual.com\/colegiotalavera\/#organization\"},\"image\":{\"@id\":\"https:\/\/buenartevisual.com\/colegiotalavera\/2025\/10\/19\/nuestro-colegio-ha-acogido-esta-semana-las-reliquias-de-san-carlo-acutis\/#primaryimage\"},\"thumbnailUrl\":\"https:\/\/buenartevisual.com\/colegiotalavera\/wp-content\/uploads\/2025\/10\/DSC_3892-recortada-scaled-1.jpg\",\"keywords\":[\"Actividades\",\"alumnos\",\"Cristianismo\",\"Eucarist\u00eda\",\"familias\"],\"articleSection\":[\"Pastoral del colegio\"],\"inLanguage\":\"es\"},{\"@type\":\"WebPage\",\"@id\":\"https:\/\/buenartevisual.com\/colegiotalavera\/2025\/10\/19\/nuestro-colegio-ha-acogido-esta-semana-las-reliquias-de-san-carlo-acutis\/\",\"url\":\"https:\/\/buenartevisual.com\/colegiotalavera\/2025\/10\/19\/nuestro-colegio-ha-acogido-esta-semana-las-reliquias-de-san-carlo-acutis\/\",\"name\":\"Nuestro colegio ha acogido esta semana las reliquias de san Carlo Acutis - Colegio Misioneras de la Providencia Talavera de la Reina\",\"isPartOf\":{\"@id\":\"https:\/\/buenartevisual.com\/colegiotalavera\/#website\"},\"primaryImageOfPage\":{\"@id\":\"https:\/\/buenartevisual.com\/colegiotalavera\/2025\/10\/19\/nuestro-colegio-ha-acogido-esta-semana-las-reliquias-de-san-carlo-acutis\/#primaryimage\"},\"image\":{\"@id\":\"https:\/\/buenartevisual.com\/colegiotalavera\/2025\/10\/19\/nuestro-colegio-ha-acogido-esta-semana-las-reliquias-de-san-carlo-acutis\/#primaryimage\"},\"thumbnailUrl\":\"https:\/\/buenartevisual.com\/colegiotalavera\/wp-content\/uploads\/2025\/10\/DSC_3892-recortada-scaled-1.jpg\",\"datePublished\":\"2025-10-19T20:35:42+00:00\",\"breadcrumb\":{\"@id\":\"https:\/\/buenartevisual.com\/colegiotalavera\/2025\/10\/19\/nuestro-colegio-ha-acogido-esta-semana-las-reliquias-de-san-carlo-acutis\/#breadcrumb\"},\"inLanguage\":\"es\",\"potentialAction\":[{\"@type\":\"ReadAction\",\"target\":[\"https:\/\/buenartevisual.com\/colegiotalavera\/2025\/10\/19\/nuestro-colegio-ha-acogido-esta-semana-las-reliquias-de-san-carlo-acutis\/\"]}]},{\"@type\":\"ImageObject\",\"inLanguage\":\"es\",\"@id\":\"https:\/\/buenartevisual.com\/colegiotalavera\/2025\/10\/19\/nuestro-colegio-ha-acogido-esta-semana-las-reliquias-de-san-carlo-acutis\/#primaryimage\",\"url\":\"https:\/\/buenartevisual.com\/colegiotalavera\/wp-content\/uploads\/2025\/10\/DSC_3892-recortada-scaled-1.jpg\",\"contentUrl\":\"https:\/\/buenartevisual.com\/colegiotalavera\/wp-content\/uploads\/2025\/10\/DSC_3892-recortada-scaled-1.jpg\",\"width\":1372,\"height\":2560},{\"@type\":\"BreadcrumbList\",\"@id\":\"https:\/\/buenartevisual.com\/colegiotalavera\/2025\/10\/19\/nuestro-colegio-ha-acogido-esta-semana-las-reliquias-de-san-carlo-acutis\/#breadcrumb\",\"itemListElement\":[{\"@type\":\"ListItem\",\"position\":1,\"name\":\"Portada\",\"item\":\"https:\/\/buenartevisual.com\/colegiotalavera\/\"},{\"@type\":\"ListItem\",\"position\":2,\"name\":\"Nuestro colegio ha acogido esta semana las reliquias de san Carlo Acutis\"}]},{\"@type\":\"WebSite\",\"@id\":\"https:\/\/buenartevisual.com\/colegiotalavera\/#website\",\"url\":\"https:\/\/buenartevisual.com\/colegiotalavera\/\",\"name\":\"Colegio Misioneras de la Providencia Talavera de la Reina\",\"description\":\"Web del colegio Misioneras de la Providencia de Talavera de la Reina\",\"publisher\":{\"@id\":\"https:\/\/buenartevisual.com\/colegiotalavera\/#organization\"},\"potentialAction\":[{\"@type\":\"SearchAction\",\"target\":{\"@type\":\"EntryPoint\",\"urlTemplate\":\"https:\/\/buenartevisual.com\/colegiotalavera\/?s={search_term_string}\"},\"query-input\":{\"@type\":\"PropertyValueSpecification\",\"valueRequired\":true,\"valueName\":\"search_term_string\"}}],\"inLanguage\":\"es\"},{\"@type\":\"Organization\",\"@id\":\"https:\/\/buenartevisual.com\/colegiotalavera\/#organization\",\"name\":\"Colegio Misioneras de la Providencia Talavera de la Reina\",\"url\":\"https:\/\/buenartevisual.com\/colegiotalavera\/\",\"logo\":{\"@type\":\"ImageObject\",\"inLanguage\":\"es\",\"@id\":\"https:\/\/buenartevisual.com\/colegiotalavera\/#\/schema\/logo\/image\/\",\"url\":\"https:\/\/buenartevisual.com\/colegiotalavera\/wp-content\/uploads\/2025\/10\/logo-misioneras-talavera.png\",\"contentUrl\":\"https:\/\/buenartevisual.com\/colegiotalavera\/wp-content\/uploads\/2025\/10\/logo-misioneras-talavera.png\",\"width\":447,\"height\":142,\"caption\":\"Colegio Misioneras de la Providencia Talavera de la Reina\"},\"image\":{\"@id\":\"https:\/\/buenartevisual.com\/colegiotalavera\/#\/schema\/logo\/image\/\"}},{\"@type\":\"Person\",\"@id\":\"https:\/\/buenartevisual.com\/colegiotalavera\/#\/schema\/person\/ad110da6625b9c32f15289014f79a069\",\"name\":\"Superadministrador\",\"image\":{\"@type\":\"ImageObject\",\"inLanguage\":\"es\",\"@id\":\"https:\/\/buenartevisual.com\/colegiotalavera\/#\/schema\/person\/image\/\",\"url\":\"https:\/\/secure.gravatar.com\/avatar\/df06c07e05e61dc70ae539d53ff0cc8942dab6bad37c86f1ad69468b5c4fa9c6?s=80&d=mm&r=g\",\"contentUrl\":\"https:\/\/secure.gravatar.com\/avatar\/df06c07e05e61dc70ae539d53ff0cc8942dab6bad37c86f1ad69468b5c4fa9c6?s=80&d=mm&r=g\",\"caption\":\"Superadministrador\"},\"sameAs\":[\"https:\/\/buenartevisual.com\/colegiotalavera\"],\"url\":\"https:\/\/buenartevisual.com\/colegiotalavera\/author\/superadministrador\/\"}]}<\/script>\n<!-- \/ Yoast SEO plugin. -->","yoast_head_json":{"title":"Nuestro colegio ha acogido esta semana las reliquias de san Carlo Acutis - Colegio Misioneras de la Providencia Talavera de la Reina","robots":{"index":"noindex","follow":"follow","max-snippet":"max-snippet:-1","max-image-preview":"max-image-preview:large","max-video-preview":"max-video-preview:-1"},"og_locale":"es_ES","og_type":"article","og_title":"Nuestro colegio ha acogido esta semana las reliquias de san Carlo Acutis - Colegio Misioneras de la Providencia Talavera de la Reina","og_description":"Las reliquias de uno de los santos de m\u00e1s reciente canonizaci\u00f3n, Carlo Acutis, han viajado desde As\u00eds hasta Talavera de la Reina, en concreto hasta nuestro colegio, donde se le han ofrecido dos eucarist\u00edas, una para todos los fieles que quisieron acercarse hasta nuestro centro, y otra para el alumnado y el claustro del centro. [&hellip;]","og_url":"https:\/\/buenartevisual.com\/colegiotalavera\/2025\/10\/19\/nuestro-colegio-ha-acogido-esta-semana-las-reliquias-de-san-carlo-acutis\/","og_site_name":"Colegio Misioneras de la Providencia Talavera de la Reina","article_published_time":"2025-10-19T20:35:42+00:00","og_image":[{"width":1372,"height":2560,"url":"https:\/\/buenartevisual.com\/colegiotalavera\/wp-content\/uploads\/2025\/10\/DSC_3892-recortada-scaled-1.jpg","type":"image\/jpeg"}],"author":"Superadministrador","twitter_card":"summary_large_image","twitter_misc":{"Escrito por":"Superadministrador","Tiempo de lectura":"1 minuto"},"schema":{"@context":"https:\/\/schema.org","@graph":[{"@type":"Article","@id":"https:\/\/buenartevisual.com\/colegiotalavera\/2025\/10\/19\/nuestro-colegio-ha-acogido-esta-semana-las-reliquias-de-san-carlo-acutis\/#article","isPartOf":{"@id":"https:\/\/buenartevisual.com\/colegiotalavera\/2025\/10\/19\/nuestro-colegio-ha-acogido-esta-semana-las-reliquias-de-san-carlo-acutis\/"},"author":{"name":"Superadministrador","@id":"https:\/\/buenartevisual.com\/colegiotalavera\/#\/schema\/person\/ad110da6625b9c32f15289014f79a069"},"headline":"Nuestro colegio ha acogido esta semana las reliquias de san Carlo Acutis","datePublished":"2025-10-19T20:35:42+00:00","mainEntityOfPage":{"@id":"https:\/\/buenartevisual.com\/colegiotalavera\/2025\/10\/19\/nuestro-colegio-ha-acogido-esta-semana-las-reliquias-de-san-carlo-acutis\/"},"wordCount":152,"publisher":{"@id":"https:\/\/buenartevisual.com\/colegiotalavera\/#organization"},"image":{"@id":"https:\/\/buenartevisual.com\/colegiotalavera\/2025\/10\/19\/nuestro-colegio-ha-acogido-esta-semana-las-reliquias-de-san-carlo-acutis\/#primaryimage"},"thumbnailUrl":"https:\/\/buenartevisual.com\/colegiotalavera\/wp-content\/uploads\/2025\/10\/DSC_3892-recortada-scaled-1.jpg","keywords":["Actividades","alumnos","Cristianismo","Eucarist\u00eda","familias"],"articleSection":["Pastoral del colegio"],"inLanguage":"es"},{"@type":"WebPage","@id":"https:\/\/buenartevisual.com\/colegiotalavera\/2025\/10\/19\/nuestro-colegio-ha-acogido-esta-semana-las-reliquias-de-san-carlo-acutis\/","url":"https:\/\/buenartevisual.com\/colegiotalavera\/2025\/10\/19\/nuestro-colegio-ha-acogido-esta-semana-las-reliquias-de-san-carlo-acutis\/","name":"Nuestro colegio ha acogido esta semana las reliquias de san Carlo Acutis - Colegio Misioneras de la Providencia Talavera de la Reina","isPartOf":{"@id":"https:\/\/buenartevisual.com\/colegiotalavera\/#website"},"primaryImageOfPage":{"@id":"https:\/\/buenartevisual.com\/colegiotalavera\/2025\/10\/19\/nuestro-colegio-ha-acogido-esta-semana-las-reliquias-de-san-carlo-acutis\/#primaryimage"},"image":{"@id":"https:\/\/buenartevisual.com\/colegiotalavera\/2025\/10\/19\/nuestro-colegio-ha-acogido-esta-semana-las-reliquias-de-san-carlo-acutis\/#primaryimage"},"thumbnailUrl":"https:\/\/buenartevisual.com\/colegiotalavera\/wp-content\/uploads\/2025\/10\/DSC_3892-recortada-scaled-1.jpg","datePublished":"2025-10-19T20:35:42+00:00","breadcrumb":{"@id":"https:\/\/buenartevisual.com\/colegiotalavera\/2025\/10\/19\/nuestro-colegio-ha-acogido-esta-semana-las-reliquias-de-san-carlo-acutis\/#breadcrumb"},"inLanguage":"es","potentialAction":[{"@type":"ReadAction","target":["https:\/\/buenartevisual.com\/colegiotalavera\/2025\/10\/19\/nuestro-colegio-ha-acogido-esta-semana-las-reliquias-de-san-carlo-acutis\/"]}]},{"@type":"ImageObject","inLanguage":"es","@id":"https:\/\/buenartevisual.com\/colegiotalavera\/2025\/10\/19\/nuestro-colegio-ha-acogido-esta-semana-las-reliquias-de-san-carlo-acutis\/#primaryimage","url":"https:\/\/buenartevisual.com\/colegiotalavera\/wp-content\/uploads\/2025\/10\/DSC_3892-recortada-scaled-1.jpg","contentUrl":"https:\/\/buenartevisual.com\/colegiotalavera\/wp-content\/uploads\/2025\/10\/DSC_3892-recortada-scaled-1.jpg","width":1372,"height":2560},{"@type":"BreadcrumbList","@id":"https:\/\/buenartevisual.com\/colegiotalavera\/2025\/10\/19\/nuestro-colegio-ha-acogido-esta-semana-las-reliquias-de-san-carlo-acutis\/#breadcrumb","itemListElement":[{"@type":"ListItem","position":1,"name":"Portada","item":"https:\/\/buenartevisual.com\/colegiotalavera\/"},{"@type":"ListItem","position":2,"name":"Nuestro colegio ha acogido esta semana las reliquias de san Carlo Acutis"}]},{"@type":"WebSite","@id":"https:\/\/buenartevisual.com\/colegiotalavera\/#website","url":"https:\/\/buenartevisual.com\/colegiotalavera\/","name":"Colegio Misioneras de la Providencia Talavera de la Reina","description":"Web del colegio Misioneras de la Providencia de Talavera de la Reina","publisher":{"@id":"https:\/\/buenartevisual.com\/colegiotalavera\/#organization"},"potentialAction":[{"@type":"SearchAction","target":{"@type":"EntryPoint","urlTemplate":"https:\/\/buenartevisual.com\/colegiotalavera\/?s={search_term_string}"},"query-input":{"@type":"PropertyValueSpecification","valueRequired":true,"valueName":"search_term_string"}}],"inLanguage":"es"},{"@type":"Organization","@id":"https:\/\/buenartevisual.com\/colegiotalavera\/#organization","name":"Colegio Misioneras de la Providencia Talavera de la Reina","url":"https:\/\/buenartevisual.com\/colegiotalavera\/","logo":{"@type":"ImageObject","inLanguage":"es","@id":"https:\/\/buenartevisual.com\/colegiotalavera\/#\/schema\/logo\/image\/","url":"https:\/\/buenartevisual.com\/colegiotalavera\/wp-content\/uploads\/2025\/10\/logo-misioneras-talavera.png","contentUrl":"https:\/\/buenartevisual.com\/colegiotalavera\/wp-content\/uploads\/2025\/10\/logo-misioneras-talavera.png","width":447,"height":142,"caption":"Colegio Misioneras de la Providencia Talavera de la Reina"},"image":{"@id":"https:\/\/buenartevisual.com\/colegiotalavera\/#\/schema\/logo\/image\/"}},{"@type":"Person","@id":"https:\/\/buenartevisual.com\/colegiotalavera\/#\/schema\/person\/ad110da6625b9c32f15289014f79a069","name":"Superadministrador","image":{"@type":"ImageObject","inLanguage":"es","@id":"https:\/\/buenartevisual.com\/colegiotalavera\/#\/schema\/person\/image\/","url":"https:\/\/secure.gravatar.com\/avatar\/df06c07e05e61dc70ae539d53ff0cc8942dab6bad37c86f1ad69468b5c4fa9c6?s=80&d=mm&r=g","contentUrl":"https:\/\/secure.gravatar.com\/avatar\/df06c07e05e61dc70ae539d53ff0cc8942dab6bad37c86f1ad69468b5c4fa9c6?s=80&d=mm&r=g","caption":"Superadministrador"},"sameAs":["https:\/\/buenartevisual.com\/colegiotalavera"],"url":"https:\/\/buenartevisual.com\/colegiotalavera\/author\/superadministrador\/"}]}},"_links":{"self":[{"href":"https:\/\/buenartevisual.com\/colegiotalavera\/wp-json\/wp\/v2\/posts\/14107","targetHints":{"allow":["GET"]}}],"collection":[{"href":"https:\/\/buenartevisual.com\/colegiotalavera\/wp-json\/wp\/v2\/posts"}],"about":[{"href":"https:\/\/buenartevisual.com\/colegiotalavera\/wp-json\/wp\/v2\/types\/post"}],"author":[{"embeddable":true,"href":"https:\/\/buenartevisual.com\/colegiotalavera\/wp-json\/wp\/v2\/users\/1"}],"replies":[{"embeddable":true,"href":"https:\/\/buenartevisual.com\/colegiotalavera\/wp-json\/wp\/v2\/comments?post=14107"}],"version-history":[{"count":0,"href":"https:\/\/buenartevisual.com\/colegiotalavera\/wp-json\/wp\/v2\/posts\/14107\/revisions"}],"wp:featuredmedia":[{"embeddable":true,"href":"https:\/\/buenartevisual.com\/colegiotalavera\/wp-json\/wp\/v2\/media\/14108"}],"wp:attachment":[{"href":"https:\/\/buenartevisual.com\/colegiotalavera\/wp-json\/wp\/v2\/media?parent=14107"}],"wp:term":[{"taxonomy":"category","embeddable":true,"href":"https:\/\/buenartevisual.com\/colegiotalavera\/wp-json\/wp\/v2\/categories?post=14107"},{"taxonomy":"post_tag","embeddable":true,"href":"https:\/\/buenartevisual.com\/colegiotalavera\/wp-json\/wp\/v2\/tags?post=14107"}],"curies":[{"name":"wp","href":"https:\/\/api.w.org\/{rel}","templated":true}]}}