{"id":13824,"date":"2025-06-18T23:18:58","date_gmt":"2025-06-18T21:18:58","guid":{"rendered":"https:\/\/misionerastalavera.es\/?p=13824"},"modified":"2025-06-18T23:18:58","modified_gmt":"2025-06-18T21:18:58","slug":"fotos-del-ensayo-general-previo-a-la-fiesta-fin-de-curso-2025-alumnos-de-infantil","status":"publish","type":"post","link":"https:\/\/buenartevisual.com\/colegiotalavera\/2025\/06\/18\/fotos-del-ensayo-general-previo-a-la-fiesta-fin-de-curso-2025-alumnos-de-infantil\/","title":{"rendered":"Fotos del Ensayo General previo a la Fiesta Fin de Curso 2025 (alumnos de Infantil)"},"content":{"rendered":"<p>En este <a href=\"https:\/\/drive.google.com\/drive\/folders\/1siS1WCON58cu-jXmCWrZRqNi4dJCUTl1?usp=sharing\">enlace<\/a> hay una selecci\u00f3n de fotos del Ensayo General que se hace la v\u00edspera de la Fiesta Fin de Curso, solo de alumnos de Infantil.<\/p>\n","protected":false},"excerpt":{"rendered":"<p>En este enlace hay una selecci\u00f3n de fotos del Ensayo General que se hace la v\u00edspera de la Fiesta Fin de Curso, solo de alumnos de Infantil.<\/p>\n","protected":false},"author":1,"featured_media":13825,"comment_status":"closed","ping_status":"open","sticky":false,"template":"","format":"standard","meta":{"footnotes":""},"categories":[285,274],"tags":[306,313,307,259,302],"class_list":["post-13824","post","type-post","status-publish","format-standard","has-post-thumbnail","hentry","category-galeria","category-infantil","tag-actividades","tag-alumnos","tag-dias-especiales","tag-educacion","tag-infantil"],"yoast_head":"<!-- This site is optimized with the Yoast SEO plugin v26.5 - https:\/\/yoast.com\/wordpress\/plugins\/seo\/ -->\n<title>Fotos del Ensayo General previo a la Fiesta Fin de Curso 2025 (alumnos de Infantil) - Colegio Misioneras de la Providencia Talavera de la Reina<\/title>\n<meta name=\"robots\" content=\"noindex, follow, max-snippet:-1, max-image-preview:large, max-video-preview:-1\" \/>\n<meta property=\"og:locale\" content=\"es_ES\" \/>\n<meta property=\"og:type\" content=\"article\" \/>\n<meta property=\"og:title\" content=\"Fotos del Ensayo General previo a la Fiesta Fin de Curso 2025 (alumnos de Infantil) - Colegio Misioneras de la Providencia Talavera de la Reina\" \/>\n<meta property=\"og:description\" content=\"En este enlace hay una selecci\u00f3n de fotos del Ensayo General que se hace la v\u00edspera de la Fiesta Fin de Curso, solo de alumnos de Infantil.\" \/>\n<meta property=\"og:url\" content=\"https:\/\/buenartevisual.com\/colegiotalavera\/2025\/06\/18\/fotos-del-ensayo-general-previo-a-la-fiesta-fin-de-curso-2025-alumnos-de-infantil\/\" \/>\n<meta property=\"og:site_name\" content=\"Colegio Misioneras de la Providencia Talavera de la Reina\" \/>\n<meta property=\"article:published_time\" content=\"2025-06-18T21:18:58+00:00\" \/>\n<meta name=\"author\" content=\"Superadministrador\" \/>\n<meta name=\"twitter:card\" content=\"summary_large_image\" \/>\n<meta name=\"twitter:label1\" content=\"Escrito por\" \/>\n\t<meta name=\"twitter:data1\" content=\"Superadministrador\" \/>\n\t<meta name=\"twitter:label2\" content=\"Tiempo de lectura\" \/>\n\t<meta name=\"twitter:data2\" content=\"1 minuto\" \/>\n<script type=\"application\/ld+json\" class=\"yoast-schema-graph\">{\"@context\":\"https:\/\/schema.org\",\"@graph\":[{\"@type\":\"Article\",\"@id\":\"https:\/\/buenartevisual.com\/colegiotalavera\/2025\/06\/18\/fotos-del-ensayo-general-previo-a-la-fiesta-fin-de-curso-2025-alumnos-de-infantil\/#article\",\"isPartOf\":{\"@id\":\"https:\/\/buenartevisual.com\/colegiotalavera\/2025\/06\/18\/fotos-del-ensayo-general-previo-a-la-fiesta-fin-de-curso-2025-alumnos-de-infantil\/\"},\"author\":{\"name\":\"Superadministrador\",\"@id\":\"https:\/\/buenartevisual.com\/colegiotalavera\/#\/schema\/person\/ad110da6625b9c32f15289014f79a069\"},\"headline\":\"Fotos del Ensayo General previo a la Fiesta Fin de Curso 2025 (alumnos de Infantil)\",\"datePublished\":\"2025-06-18T21:18:58+00:00\",\"mainEntityOfPage\":{\"@id\":\"https:\/\/buenartevisual.com\/colegiotalavera\/2025\/06\/18\/fotos-del-ensayo-general-previo-a-la-fiesta-fin-de-curso-2025-alumnos-de-infantil\/\"},\"wordCount\":43,\"publisher\":{\"@id\":\"https:\/\/buenartevisual.com\/colegiotalavera\/#organization\"},\"image\":{\"@id\":\"https:\/\/buenartevisual.com\/colegiotalavera\/2025\/06\/18\/fotos-del-ensayo-general-previo-a-la-fiesta-fin-de-curso-2025-alumnos-de-infantil\/#primaryimage\"},\"thumbnailUrl\":\"\",\"keywords\":[\"Actividades\",\"alumnos\",\"D\u00edas especiales\",\"educaci\u00f3n\",\"Infantil\"],\"articleSection\":[\"Galer\u00eda\",\"Infantil\"],\"inLanguage\":\"es\"},{\"@type\":\"WebPage\",\"@id\":\"https:\/\/buenartevisual.com\/colegiotalavera\/2025\/06\/18\/fotos-del-ensayo-general-previo-a-la-fiesta-fin-de-curso-2025-alumnos-de-infantil\/\",\"url\":\"https:\/\/buenartevisual.com\/colegiotalavera\/2025\/06\/18\/fotos-del-ensayo-general-previo-a-la-fiesta-fin-de-curso-2025-alumnos-de-infantil\/\",\"name\":\"Fotos del Ensayo General previo a la Fiesta Fin de Curso 2025 (alumnos de Infantil) - Colegio Misioneras de la Providencia Talavera de la Reina\",\"isPartOf\":{\"@id\":\"https:\/\/buenartevisual.com\/colegiotalavera\/#website\"},\"primaryImageOfPage\":{\"@id\":\"https:\/\/buenartevisual.com\/colegiotalavera\/2025\/06\/18\/fotos-del-ensayo-general-previo-a-la-fiesta-fin-de-curso-2025-alumnos-de-infantil\/#primaryimage\"},\"image\":{\"@id\":\"https:\/\/buenartevisual.com\/colegiotalavera\/2025\/06\/18\/fotos-del-ensayo-general-previo-a-la-fiesta-fin-de-curso-2025-alumnos-de-infantil\/#primaryimage\"},\"thumbnailUrl\":\"\",\"datePublished\":\"2025-06-18T21:18:58+00:00\",\"breadcrumb\":{\"@id\":\"https:\/\/buenartevisual.com\/colegiotalavera\/2025\/06\/18\/fotos-del-ensayo-general-previo-a-la-fiesta-fin-de-curso-2025-alumnos-de-infantil\/#breadcrumb\"},\"inLanguage\":\"es\",\"potentialAction\":[{\"@type\":\"ReadAction\",\"target\":[\"https:\/\/buenartevisual.com\/colegiotalavera\/2025\/06\/18\/fotos-del-ensayo-general-previo-a-la-fiesta-fin-de-curso-2025-alumnos-de-infantil\/\"]}]},{\"@type\":\"ImageObject\",\"inLanguage\":\"es\",\"@id\":\"https:\/\/buenartevisual.com\/colegiotalavera\/2025\/06\/18\/fotos-del-ensayo-general-previo-a-la-fiesta-fin-de-curso-2025-alumnos-de-infantil\/#primaryimage\",\"url\":\"\",\"contentUrl\":\"\"},{\"@type\":\"BreadcrumbList\",\"@id\":\"https:\/\/buenartevisual.com\/colegiotalavera\/2025\/06\/18\/fotos-del-ensayo-general-previo-a-la-fiesta-fin-de-curso-2025-alumnos-de-infantil\/#breadcrumb\",\"itemListElement\":[{\"@type\":\"ListItem\",\"position\":1,\"name\":\"Portada\",\"item\":\"https:\/\/buenartevisual.com\/colegiotalavera\/\"},{\"@type\":\"ListItem\",\"position\":2,\"name\":\"Fotos del Ensayo General previo a la Fiesta Fin de Curso 2025 (alumnos de Infantil)\"}]},{\"@type\":\"WebSite\",\"@id\":\"https:\/\/buenartevisual.com\/colegiotalavera\/#website\",\"url\":\"https:\/\/buenartevisual.com\/colegiotalavera\/\",\"name\":\"Colegio Misioneras de la Providencia Talavera de la Reina\",\"description\":\"Web del colegio Misioneras de la Providencia de Talavera de la Reina\",\"publisher\":{\"@id\":\"https:\/\/buenartevisual.com\/colegiotalavera\/#organization\"},\"potentialAction\":[{\"@type\":\"SearchAction\",\"target\":{\"@type\":\"EntryPoint\",\"urlTemplate\":\"https:\/\/buenartevisual.com\/colegiotalavera\/?s={search_term_string}\"},\"query-input\":{\"@type\":\"PropertyValueSpecification\",\"valueRequired\":true,\"valueName\":\"search_term_string\"}}],\"inLanguage\":\"es\"},{\"@type\":\"Organization\",\"@id\":\"https:\/\/buenartevisual.com\/colegiotalavera\/#organization\",\"name\":\"Colegio Misioneras de la Providencia Talavera de la Reina\",\"url\":\"https:\/\/buenartevisual.com\/colegiotalavera\/\",\"logo\":{\"@type\":\"ImageObject\",\"inLanguage\":\"es\",\"@id\":\"https:\/\/buenartevisual.com\/colegiotalavera\/#\/schema\/logo\/image\/\",\"url\":\"https:\/\/buenartevisual.com\/colegiotalavera\/wp-content\/uploads\/2025\/10\/logo-misioneras-talavera.png\",\"contentUrl\":\"https:\/\/buenartevisual.com\/colegiotalavera\/wp-content\/uploads\/2025\/10\/logo-misioneras-talavera.png\",\"width\":447,\"height\":142,\"caption\":\"Colegio Misioneras de la Providencia Talavera de la Reina\"},\"image\":{\"@id\":\"https:\/\/buenartevisual.com\/colegiotalavera\/#\/schema\/logo\/image\/\"}},{\"@type\":\"Person\",\"@id\":\"https:\/\/buenartevisual.com\/colegiotalavera\/#\/schema\/person\/ad110da6625b9c32f15289014f79a069\",\"name\":\"Superadministrador\",\"image\":{\"@type\":\"ImageObject\",\"inLanguage\":\"es\",\"@id\":\"https:\/\/buenartevisual.com\/colegiotalavera\/#\/schema\/person\/image\/\",\"url\":\"https:\/\/secure.gravatar.com\/avatar\/df06c07e05e61dc70ae539d53ff0cc8942dab6bad37c86f1ad69468b5c4fa9c6?s=80&d=mm&r=g\",\"contentUrl\":\"https:\/\/secure.gravatar.com\/avatar\/df06c07e05e61dc70ae539d53ff0cc8942dab6bad37c86f1ad69468b5c4fa9c6?s=80&d=mm&r=g\",\"caption\":\"Superadministrador\"},\"sameAs\":[\"https:\/\/buenartevisual.com\/colegiotalavera\"],\"url\":\"https:\/\/buenartevisual.com\/colegiotalavera\/author\/superadministrador\/\"}]}<\/script>\n<!-- \/ Yoast SEO plugin. -->","yoast_head_json":{"title":"Fotos del Ensayo General previo a la Fiesta Fin de Curso 2025 (alumnos de Infantil) - Colegio Misioneras de la Providencia Talavera de la Reina","robots":{"index":"noindex","follow":"follow","max-snippet":"max-snippet:-1","max-image-preview":"max-image-preview:large","max-video-preview":"max-video-preview:-1"},"og_locale":"es_ES","og_type":"article","og_title":"Fotos del Ensayo General previo a la Fiesta Fin de Curso 2025 (alumnos de Infantil) - Colegio Misioneras de la Providencia Talavera de la Reina","og_description":"En este enlace hay una selecci\u00f3n de fotos del Ensayo General que se hace la v\u00edspera de la Fiesta Fin de Curso, solo de alumnos de Infantil.","og_url":"https:\/\/buenartevisual.com\/colegiotalavera\/2025\/06\/18\/fotos-del-ensayo-general-previo-a-la-fiesta-fin-de-curso-2025-alumnos-de-infantil\/","og_site_name":"Colegio Misioneras de la Providencia Talavera de la Reina","article_published_time":"2025-06-18T21:18:58+00:00","author":"Superadministrador","twitter_card":"summary_large_image","twitter_misc":{"Escrito por":"Superadministrador","Tiempo de lectura":"1 minuto"},"schema":{"@context":"https:\/\/schema.org","@graph":[{"@type":"Article","@id":"https:\/\/buenartevisual.com\/colegiotalavera\/2025\/06\/18\/fotos-del-ensayo-general-previo-a-la-fiesta-fin-de-curso-2025-alumnos-de-infantil\/#article","isPartOf":{"@id":"https:\/\/buenartevisual.com\/colegiotalavera\/2025\/06\/18\/fotos-del-ensayo-general-previo-a-la-fiesta-fin-de-curso-2025-alumnos-de-infantil\/"},"author":{"name":"Superadministrador","@id":"https:\/\/buenartevisual.com\/colegiotalavera\/#\/schema\/person\/ad110da6625b9c32f15289014f79a069"},"headline":"Fotos del Ensayo General previo a la Fiesta Fin de Curso 2025 (alumnos de Infantil)","datePublished":"2025-06-18T21:18:58+00:00","mainEntityOfPage":{"@id":"https:\/\/buenartevisual.com\/colegiotalavera\/2025\/06\/18\/fotos-del-ensayo-general-previo-a-la-fiesta-fin-de-curso-2025-alumnos-de-infantil\/"},"wordCount":43,"publisher":{"@id":"https:\/\/buenartevisual.com\/colegiotalavera\/#organization"},"image":{"@id":"https:\/\/buenartevisual.com\/colegiotalavera\/2025\/06\/18\/fotos-del-ensayo-general-previo-a-la-fiesta-fin-de-curso-2025-alumnos-de-infantil\/#primaryimage"},"thumbnailUrl":"","keywords":["Actividades","alumnos","D\u00edas especiales","educaci\u00f3n","Infantil"],"articleSection":["Galer\u00eda","Infantil"],"inLanguage":"es"},{"@type":"WebPage","@id":"https:\/\/buenartevisual.com\/colegiotalavera\/2025\/06\/18\/fotos-del-ensayo-general-previo-a-la-fiesta-fin-de-curso-2025-alumnos-de-infantil\/","url":"https:\/\/buenartevisual.com\/colegiotalavera\/2025\/06\/18\/fotos-del-ensayo-general-previo-a-la-fiesta-fin-de-curso-2025-alumnos-de-infantil\/","name":"Fotos del Ensayo General previo a la Fiesta Fin de Curso 2025 (alumnos de Infantil) - Colegio Misioneras de la Providencia Talavera de la Reina","isPartOf":{"@id":"https:\/\/buenartevisual.com\/colegiotalavera\/#website"},"primaryImageOfPage":{"@id":"https:\/\/buenartevisual.com\/colegiotalavera\/2025\/06\/18\/fotos-del-ensayo-general-previo-a-la-fiesta-fin-de-curso-2025-alumnos-de-infantil\/#primaryimage"},"image":{"@id":"https:\/\/buenartevisual.com\/colegiotalavera\/2025\/06\/18\/fotos-del-ensayo-general-previo-a-la-fiesta-fin-de-curso-2025-alumnos-de-infantil\/#primaryimage"},"thumbnailUrl":"","datePublished":"2025-06-18T21:18:58+00:00","breadcrumb":{"@id":"https:\/\/buenartevisual.com\/colegiotalavera\/2025\/06\/18\/fotos-del-ensayo-general-previo-a-la-fiesta-fin-de-curso-2025-alumnos-de-infantil\/#breadcrumb"},"inLanguage":"es","potentialAction":[{"@type":"ReadAction","target":["https:\/\/buenartevisual.com\/colegiotalavera\/2025\/06\/18\/fotos-del-ensayo-general-previo-a-la-fiesta-fin-de-curso-2025-alumnos-de-infantil\/"]}]},{"@type":"ImageObject","inLanguage":"es","@id":"https:\/\/buenartevisual.com\/colegiotalavera\/2025\/06\/18\/fotos-del-ensayo-general-previo-a-la-fiesta-fin-de-curso-2025-alumnos-de-infantil\/#primaryimage","url":"","contentUrl":""},{"@type":"BreadcrumbList","@id":"https:\/\/buenartevisual.com\/colegiotalavera\/2025\/06\/18\/fotos-del-ensayo-general-previo-a-la-fiesta-fin-de-curso-2025-alumnos-de-infantil\/#breadcrumb","itemListElement":[{"@type":"ListItem","position":1,"name":"Portada","item":"https:\/\/buenartevisual.com\/colegiotalavera\/"},{"@type":"ListItem","position":2,"name":"Fotos del Ensayo General previo a la Fiesta Fin de Curso 2025 (alumnos de Infantil)"}]},{"@type":"WebSite","@id":"https:\/\/buenartevisual.com\/colegiotalavera\/#website","url":"https:\/\/buenartevisual.com\/colegiotalavera\/","name":"Colegio Misioneras de la Providencia Talavera de la Reina","description":"Web del colegio Misioneras de la Providencia de Talavera de la Reina","publisher":{"@id":"https:\/\/buenartevisual.com\/colegiotalavera\/#organization"},"potentialAction":[{"@type":"SearchAction","target":{"@type":"EntryPoint","urlTemplate":"https:\/\/buenartevisual.com\/colegiotalavera\/?s={search_term_string}"},"query-input":{"@type":"PropertyValueSpecification","valueRequired":true,"valueName":"search_term_string"}}],"inLanguage":"es"},{"@type":"Organization","@id":"https:\/\/buenartevisual.com\/colegiotalavera\/#organization","name":"Colegio Misioneras de la Providencia Talavera de la Reina","url":"https:\/\/buenartevisual.com\/colegiotalavera\/","logo":{"@type":"ImageObject","inLanguage":"es","@id":"https:\/\/buenartevisual.com\/colegiotalavera\/#\/schema\/logo\/image\/","url":"https:\/\/buenartevisual.com\/colegiotalavera\/wp-content\/uploads\/2025\/10\/logo-misioneras-talavera.png","contentUrl":"https:\/\/buenartevisual.com\/colegiotalavera\/wp-content\/uploads\/2025\/10\/logo-misioneras-talavera.png","width":447,"height":142,"caption":"Colegio Misioneras de la Providencia Talavera de la Reina"},"image":{"@id":"https:\/\/buenartevisual.com\/colegiotalavera\/#\/schema\/logo\/image\/"}},{"@type":"Person","@id":"https:\/\/buenartevisual.com\/colegiotalavera\/#\/schema\/person\/ad110da6625b9c32f15289014f79a069","name":"Superadministrador","image":{"@type":"ImageObject","inLanguage":"es","@id":"https:\/\/buenartevisual.com\/colegiotalavera\/#\/schema\/person\/image\/","url":"https:\/\/secure.gravatar.com\/avatar\/df06c07e05e61dc70ae539d53ff0cc8942dab6bad37c86f1ad69468b5c4fa9c6?s=80&d=mm&r=g","contentUrl":"https:\/\/secure.gravatar.com\/avatar\/df06c07e05e61dc70ae539d53ff0cc8942dab6bad37c86f1ad69468b5c4fa9c6?s=80&d=mm&r=g","caption":"Superadministrador"},"sameAs":["https:\/\/buenartevisual.com\/colegiotalavera"],"url":"https:\/\/buenartevisual.com\/colegiotalavera\/author\/superadministrador\/"}]}},"_links":{"self":[{"href":"https:\/\/buenartevisual.com\/colegiotalavera\/wp-json\/wp\/v2\/posts\/13824","targetHints":{"allow":["GET"]}}],"collection":[{"href":"https:\/\/buenartevisual.com\/colegiotalavera\/wp-json\/wp\/v2\/posts"}],"about":[{"href":"https:\/\/buenartevisual.com\/colegiotalavera\/wp-json\/wp\/v2\/types\/post"}],"author":[{"embeddable":true,"href":"https:\/\/buenartevisual.com\/colegiotalavera\/wp-json\/wp\/v2\/users\/1"}],"replies":[{"embeddable":true,"href":"https:\/\/buenartevisual.com\/colegiotalavera\/wp-json\/wp\/v2\/comments?post=13824"}],"version-history":[{"count":0,"href":"https:\/\/buenartevisual.com\/colegiotalavera\/wp-json\/wp\/v2\/posts\/13824\/revisions"}],"wp:featuredmedia":[{"embeddable":true,"href":"https:\/\/buenartevisual.com\/colegiotalavera\/wp-json\/"}],"wp:attachment":[{"href":"https:\/\/buenartevisual.com\/colegiotalavera\/wp-json\/wp\/v2\/media?parent=13824"}],"wp:term":[{"taxonomy":"category","embeddable":true,"href":"https:\/\/buenartevisual.com\/colegiotalavera\/wp-json\/wp\/v2\/categories?post=13824"},{"taxonomy":"post_tag","embeddable":true,"href":"https:\/\/buenartevisual.com\/colegiotalavera\/wp-json\/wp\/v2\/tags?post=13824"}],"curies":[{"name":"wp","href":"https:\/\/api.w.org\/{rel}","templated":true}]}}