{"id":13780,"date":"2025-06-16T23:28:48","date_gmt":"2025-06-16T21:28:48","guid":{"rendered":"https:\/\/misionerastalavera.es\/?p=13780"},"modified":"2025-06-16T23:28:48","modified_gmt":"2025-06-16T21:28:48","slug":"nuestra-senora-de-la-providencia-en-la-salida-procesional-de-la-virgen-del-prado","status":"publish","type":"post","link":"https:\/\/buenartevisual.com\/colegiotalavera\/2025\/06\/16\/nuestra-senora-de-la-providencia-en-la-salida-procesional-de-la-virgen-del-prado\/","title":{"rendered":"Nuestra  Se\u00f1ora de la Providencia en la salida procesional de la Virgen del Prado"},"content":{"rendered":"<p>El s\u00e1bado 31 de mayo se celebr\u00f3 la salida procesional de la patrona de la ciudad de la cer\u00e1mica, la Virgen del Prado, con motivo del Jubileo de la Esperanza. Nuestro centro, como todos los colegios religiosos de Talavera y muchas parroquias de poblaciones cercanas, particip\u00f3 en dicha procesi\u00f3n con la imagen de Nuestra Se\u00f1ora de la Providencia, que fue portada por alumnos de 4\u00ba de Secundaria y acompa\u00f1ada por numerosas familias.<\/p>\n<div id='gallery-1' class='gallery galleryid-13780 gallery-columns-3 gallery-size-full'><figure class='gallery-item'>\n\t\t\t<div class='gallery-icon portrait'>\n\t\t\t\t<a href='https:\/\/buenartevisual.com\/colegiotalavera\/dsc_6340\/'><img fetchpriority=\"high\" decoding=\"async\" width=\"1569\" height=\"2560\" src=\"https:\/\/buenartevisual.com\/colegiotalavera\/wp-content\/uploads\/2025\/06\/DSC_6340-scaled-1.jpg\" class=\"attachment-full size-full\" alt=\"\" srcset=\"https:\/\/buenartevisual.com\/colegiotalavera\/wp-content\/uploads\/2025\/06\/DSC_6340-scaled-1.jpg 1569w, https:\/\/buenartevisual.com\/colegiotalavera\/wp-content\/uploads\/2025\/06\/DSC_6340-scaled-1-628x1024.jpg 628w, https:\/\/buenartevisual.com\/colegiotalavera\/wp-content\/uploads\/2025\/06\/DSC_6340-scaled-1-768x1253.jpg 768w, https:\/\/buenartevisual.com\/colegiotalavera\/wp-content\/uploads\/2025\/06\/DSC_6340-scaled-1-941x1536.jpg 941w, https:\/\/buenartevisual.com\/colegiotalavera\/wp-content\/uploads\/2025\/06\/DSC_6340-scaled-1-1255x2048.jpg 1255w\" sizes=\"(max-width: 1569px) 100vw, 1569px\" \/><\/a>\n\t\t\t<\/div><\/figure><figure class='gallery-item'>\n\t\t\t<div class='gallery-icon portrait'>\n\t\t\t\t<a href='https:\/\/buenartevisual.com\/colegiotalavera\/dsc_6342\/'><img decoding=\"async\" width=\"1569\" height=\"2560\" src=\"https:\/\/buenartevisual.com\/colegiotalavera\/wp-content\/uploads\/2025\/06\/DSC_6342-scaled-1.jpg\" class=\"attachment-full size-full\" alt=\"\" srcset=\"https:\/\/buenartevisual.com\/colegiotalavera\/wp-content\/uploads\/2025\/06\/DSC_6342-scaled-1.jpg 1569w, https:\/\/buenartevisual.com\/colegiotalavera\/wp-content\/uploads\/2025\/06\/DSC_6342-scaled-1-628x1024.jpg 628w, https:\/\/buenartevisual.com\/colegiotalavera\/wp-content\/uploads\/2025\/06\/DSC_6342-scaled-1-768x1253.jpg 768w, https:\/\/buenartevisual.com\/colegiotalavera\/wp-content\/uploads\/2025\/06\/DSC_6342-scaled-1-941x1536.jpg 941w, https:\/\/buenartevisual.com\/colegiotalavera\/wp-content\/uploads\/2025\/06\/DSC_6342-scaled-1-1255x2048.jpg 1255w\" sizes=\"(max-width: 1569px) 100vw, 1569px\" \/><\/a>\n\t\t\t<\/div><\/figure><figure class='gallery-item'>\n\t\t\t<div class='gallery-icon portrait'>\n\t\t\t\t<a href='https:\/\/buenartevisual.com\/colegiotalavera\/dsc_6349\/'><img decoding=\"async\" width=\"1707\" height=\"2560\" src=\"https:\/\/buenartevisual.com\/colegiotalavera\/wp-content\/uploads\/2025\/06\/DSC_6349-scaled-1.jpg\" class=\"attachment-full size-full\" alt=\"\" srcset=\"https:\/\/buenartevisual.com\/colegiotalavera\/wp-content\/uploads\/2025\/06\/DSC_6349-scaled-1.jpg 1707w, https:\/\/buenartevisual.com\/colegiotalavera\/wp-content\/uploads\/2025\/06\/DSC_6349-scaled-1-683x1024.jpg 683w, https:\/\/buenartevisual.com\/colegiotalavera\/wp-content\/uploads\/2025\/06\/DSC_6349-scaled-1-768x1152.jpg 768w, https:\/\/buenartevisual.com\/colegiotalavera\/wp-content\/uploads\/2025\/06\/DSC_6349-scaled-1-1024x1536.jpg 1024w, https:\/\/buenartevisual.com\/colegiotalavera\/wp-content\/uploads\/2025\/06\/DSC_6349-scaled-1-1366x2048.jpg 1366w\" sizes=\"(max-width: 1707px) 100vw, 1707px\" \/><\/a>\n\t\t\t<\/div><\/figure><figure class='gallery-item'>\n\t\t\t<div class='gallery-icon portrait'>\n\t\t\t\t<a href='https:\/\/buenartevisual.com\/colegiotalavera\/dsc_6359\/'><img loading=\"lazy\" decoding=\"async\" width=\"1569\" height=\"2560\" src=\"https:\/\/buenartevisual.com\/colegiotalavera\/wp-content\/uploads\/2025\/06\/DSC_6359-scaled-1.jpg\" class=\"attachment-full size-full\" alt=\"\" srcset=\"https:\/\/buenartevisual.com\/colegiotalavera\/wp-content\/uploads\/2025\/06\/DSC_6359-scaled-1.jpg 1569w, https:\/\/buenartevisual.com\/colegiotalavera\/wp-content\/uploads\/2025\/06\/DSC_6359-scaled-1-628x1024.jpg 628w, https:\/\/buenartevisual.com\/colegiotalavera\/wp-content\/uploads\/2025\/06\/DSC_6359-scaled-1-768x1253.jpg 768w, https:\/\/buenartevisual.com\/colegiotalavera\/wp-content\/uploads\/2025\/06\/DSC_6359-scaled-1-941x1536.jpg 941w, https:\/\/buenartevisual.com\/colegiotalavera\/wp-content\/uploads\/2025\/06\/DSC_6359-scaled-1-1255x2048.jpg 1255w\" sizes=\"(max-width: 1569px) 100vw, 1569px\" \/><\/a>\n\t\t\t<\/div><\/figure><figure class='gallery-item'>\n\t\t\t<div class='gallery-icon portrait'>\n\t\t\t\t<a href='https:\/\/buenartevisual.com\/colegiotalavera\/dsc_6362\/'><img loading=\"lazy\" decoding=\"async\" width=\"1738\" height=\"2560\" src=\"https:\/\/buenartevisual.com\/colegiotalavera\/wp-content\/uploads\/2025\/06\/DSC_6362-scaled-1.jpg\" class=\"attachment-full size-full\" alt=\"\" srcset=\"https:\/\/buenartevisual.com\/colegiotalavera\/wp-content\/uploads\/2025\/06\/DSC_6362-scaled-1.jpg 1738w, https:\/\/buenartevisual.com\/colegiotalavera\/wp-content\/uploads\/2025\/06\/DSC_6362-scaled-1-695x1024.jpg 695w, https:\/\/buenartevisual.com\/colegiotalavera\/wp-content\/uploads\/2025\/06\/DSC_6362-scaled-1-768x1131.jpg 768w, https:\/\/buenartevisual.com\/colegiotalavera\/wp-content\/uploads\/2025\/06\/DSC_6362-scaled-1-1043x1536.jpg 1043w, https:\/\/buenartevisual.com\/colegiotalavera\/wp-content\/uploads\/2025\/06\/DSC_6362-scaled-1-1390x2048.jpg 1390w\" sizes=\"(max-width: 1738px) 100vw, 1738px\" \/><\/a>\n\t\t\t<\/div><\/figure><figure class='gallery-item'>\n\t\t\t<div class='gallery-icon portrait'>\n\t\t\t\t<a href='https:\/\/buenartevisual.com\/colegiotalavera\/dsc_6364\/'><img loading=\"lazy\" decoding=\"async\" width=\"1564\" height=\"2560\" src=\"https:\/\/buenartevisual.com\/colegiotalavera\/wp-content\/uploads\/2025\/06\/DSC_6364-scaled-1.jpg\" class=\"attachment-full size-full\" alt=\"\" srcset=\"https:\/\/buenartevisual.com\/colegiotalavera\/wp-content\/uploads\/2025\/06\/DSC_6364-scaled-1.jpg 1564w, https:\/\/buenartevisual.com\/colegiotalavera\/wp-content\/uploads\/2025\/06\/DSC_6364-scaled-1-626x1024.jpg 626w, https:\/\/buenartevisual.com\/colegiotalavera\/wp-content\/uploads\/2025\/06\/DSC_6364-scaled-1-768x1257.jpg 768w, https:\/\/buenartevisual.com\/colegiotalavera\/wp-content\/uploads\/2025\/06\/DSC_6364-scaled-1-938x1536.jpg 938w, https:\/\/buenartevisual.com\/colegiotalavera\/wp-content\/uploads\/2025\/06\/DSC_6364-scaled-1-1251x2048.jpg 1251w\" sizes=\"(max-width: 1564px) 100vw, 1564px\" \/><\/a>\n\t\t\t<\/div><\/figure><figure class='gallery-item'>\n\t\t\t<div class='gallery-icon portrait'>\n\t\t\t\t<a href='https:\/\/buenartevisual.com\/colegiotalavera\/dsc_6383-2\/'><img loading=\"lazy\" decoding=\"async\" width=\"1707\" height=\"2560\" src=\"https:\/\/buenartevisual.com\/colegiotalavera\/wp-content\/uploads\/2025\/06\/DSC_6383-scaled-1.jpg\" class=\"attachment-full size-full\" alt=\"\" srcset=\"https:\/\/buenartevisual.com\/colegiotalavera\/wp-content\/uploads\/2025\/06\/DSC_6383-scaled-1.jpg 1707w, https:\/\/buenartevisual.com\/colegiotalavera\/wp-content\/uploads\/2025\/06\/DSC_6383-scaled-1-683x1024.jpg 683w, https:\/\/buenartevisual.com\/colegiotalavera\/wp-content\/uploads\/2025\/06\/DSC_6383-scaled-1-768x1152.jpg 768w, https:\/\/buenartevisual.com\/colegiotalavera\/wp-content\/uploads\/2025\/06\/DSC_6383-scaled-1-1024x1536.jpg 1024w, https:\/\/buenartevisual.com\/colegiotalavera\/wp-content\/uploads\/2025\/06\/DSC_6383-scaled-1-1366x2048.jpg 1366w\" sizes=\"(max-width: 1707px) 100vw, 1707px\" \/><\/a>\n\t\t\t<\/div><\/figure><figure class='gallery-item'>\n\t\t\t<div class='gallery-icon portrait'>\n\t\t\t\t<a href='https:\/\/buenartevisual.com\/colegiotalavera\/dsc_6397-2\/'><img loading=\"lazy\" decoding=\"async\" width=\"1707\" height=\"2560\" src=\"https:\/\/buenartevisual.com\/colegiotalavera\/wp-content\/uploads\/2025\/06\/DSC_6397-scaled-1.jpg\" class=\"attachment-full size-full\" alt=\"\" srcset=\"https:\/\/buenartevisual.com\/colegiotalavera\/wp-content\/uploads\/2025\/06\/DSC_6397-scaled-1.jpg 1707w, https:\/\/buenartevisual.com\/colegiotalavera\/wp-content\/uploads\/2025\/06\/DSC_6397-scaled-1-683x1024.jpg 683w, https:\/\/buenartevisual.com\/colegiotalavera\/wp-content\/uploads\/2025\/06\/DSC_6397-scaled-1-768x1152.jpg 768w, https:\/\/buenartevisual.com\/colegiotalavera\/wp-content\/uploads\/2025\/06\/DSC_6397-scaled-1-1024x1536.jpg 1024w, https:\/\/buenartevisual.com\/colegiotalavera\/wp-content\/uploads\/2025\/06\/DSC_6397-scaled-1-1366x2048.jpg 1366w\" sizes=\"(max-width: 1707px) 100vw, 1707px\" \/><\/a>\n\t\t\t<\/div><\/figure><figure class='gallery-item'>\n\t\t\t<div class='gallery-icon portrait'>\n\t\t\t\t<a href='https:\/\/buenartevisual.com\/colegiotalavera\/dsc_6409\/'><img loading=\"lazy\" decoding=\"async\" width=\"1707\" height=\"2560\" src=\"https:\/\/buenartevisual.com\/colegiotalavera\/wp-content\/uploads\/2025\/06\/DSC_6409-scaled-1.jpg\" class=\"attachment-full size-full\" alt=\"\" srcset=\"https:\/\/buenartevisual.com\/colegiotalavera\/wp-content\/uploads\/2025\/06\/DSC_6409-scaled-1.jpg 1707w, https:\/\/buenartevisual.com\/colegiotalavera\/wp-content\/uploads\/2025\/06\/DSC_6409-scaled-1-683x1024.jpg 683w, https:\/\/buenartevisual.com\/colegiotalavera\/wp-content\/uploads\/2025\/06\/DSC_6409-scaled-1-768x1152.jpg 768w, https:\/\/buenartevisual.com\/colegiotalavera\/wp-content\/uploads\/2025\/06\/DSC_6409-scaled-1-1024x1536.jpg 1024w, https:\/\/buenartevisual.com\/colegiotalavera\/wp-content\/uploads\/2025\/06\/DSC_6409-scaled-1-1366x2048.jpg 1366w\" sizes=\"(max-width: 1707px) 100vw, 1707px\" \/><\/a>\n\t\t\t<\/div><\/figure><figure class='gallery-item'>\n\t\t\t<div class='gallery-icon landscape'>\n\t\t\t\t<a href='https:\/\/buenartevisual.com\/colegiotalavera\/dsc_6441\/'><img loading=\"lazy\" decoding=\"async\" width=\"2560\" height=\"1707\" src=\"https:\/\/buenartevisual.com\/colegiotalavera\/wp-content\/uploads\/2025\/06\/DSC_6441-scaled-1.jpg\" class=\"attachment-full size-full\" alt=\"\" srcset=\"https:\/\/buenartevisual.com\/colegiotalavera\/wp-content\/uploads\/2025\/06\/DSC_6441-scaled-1.jpg 2560w, https:\/\/buenartevisual.com\/colegiotalavera\/wp-content\/uploads\/2025\/06\/DSC_6441-scaled-1-1024x683.jpg 1024w, https:\/\/buenartevisual.com\/colegiotalavera\/wp-content\/uploads\/2025\/06\/DSC_6441-scaled-1-768x512.jpg 768w, https:\/\/buenartevisual.com\/colegiotalavera\/wp-content\/uploads\/2025\/06\/DSC_6441-scaled-1-1536x1024.jpg 1536w, https:\/\/buenartevisual.com\/colegiotalavera\/wp-content\/uploads\/2025\/06\/DSC_6441-scaled-1-2048x1366.jpg 2048w\" sizes=\"(max-width: 2560px) 100vw, 2560px\" \/><\/a>\n\t\t\t<\/div><\/figure><figure class='gallery-item'>\n\t\t\t<div class='gallery-icon landscape'>\n\t\t\t\t<a href='https:\/\/buenartevisual.com\/colegiotalavera\/dsc_6452\/'><img loading=\"lazy\" decoding=\"async\" width=\"2560\" height=\"1707\" src=\"https:\/\/buenartevisual.com\/colegiotalavera\/wp-content\/uploads\/2025\/06\/DSC_6452-scaled-1.jpg\" class=\"attachment-full size-full\" alt=\"\" srcset=\"https:\/\/buenartevisual.com\/colegiotalavera\/wp-content\/uploads\/2025\/06\/DSC_6452-scaled-1.jpg 2560w, https:\/\/buenartevisual.com\/colegiotalavera\/wp-content\/uploads\/2025\/06\/DSC_6452-scaled-1-1024x683.jpg 1024w, https:\/\/buenartevisual.com\/colegiotalavera\/wp-content\/uploads\/2025\/06\/DSC_6452-scaled-1-768x512.jpg 768w, https:\/\/buenartevisual.com\/colegiotalavera\/wp-content\/uploads\/2025\/06\/DSC_6452-scaled-1-1536x1024.jpg 1536w, https:\/\/buenartevisual.com\/colegiotalavera\/wp-content\/uploads\/2025\/06\/DSC_6452-scaled-1-2048x1366.jpg 2048w\" sizes=\"(max-width: 2560px) 100vw, 2560px\" \/><\/a>\n\t\t\t<\/div><\/figure><figure class='gallery-item'>\n\t\t\t<div class='gallery-icon landscape'>\n\t\t\t\t<a href='https:\/\/buenartevisual.com\/colegiotalavera\/dsc_6457\/'><img loading=\"lazy\" decoding=\"async\" width=\"2560\" height=\"1707\" src=\"https:\/\/buenartevisual.com\/colegiotalavera\/wp-content\/uploads\/2025\/06\/DSC_6457-scaled-1.jpg\" class=\"attachment-full size-full\" alt=\"\" srcset=\"https:\/\/buenartevisual.com\/colegiotalavera\/wp-content\/uploads\/2025\/06\/DSC_6457-scaled-1.jpg 2560w, https:\/\/buenartevisual.com\/colegiotalavera\/wp-content\/uploads\/2025\/06\/DSC_6457-scaled-1-1024x683.jpg 1024w, https:\/\/buenartevisual.com\/colegiotalavera\/wp-content\/uploads\/2025\/06\/DSC_6457-scaled-1-768x512.jpg 768w, https:\/\/buenartevisual.com\/colegiotalavera\/wp-content\/uploads\/2025\/06\/DSC_6457-scaled-1-1536x1024.jpg 1536w, https:\/\/buenartevisual.com\/colegiotalavera\/wp-content\/uploads\/2025\/06\/DSC_6457-scaled-1-2048x1366.jpg 2048w\" sizes=\"(max-width: 2560px) 100vw, 2560px\" \/><\/a>\n\t\t\t<\/div><\/figure><figure class='gallery-item'>\n\t\t\t<div class='gallery-icon portrait'>\n\t\t\t\t<a href='https:\/\/buenartevisual.com\/colegiotalavera\/dsc_6463\/'><img loading=\"lazy\" decoding=\"async\" width=\"1564\" height=\"2560\" src=\"https:\/\/buenartevisual.com\/colegiotalavera\/wp-content\/uploads\/2025\/06\/DSC_6463-scaled-1.jpg\" class=\"attachment-full size-full\" alt=\"\" srcset=\"https:\/\/buenartevisual.com\/colegiotalavera\/wp-content\/uploads\/2025\/06\/DSC_6463-scaled-1.jpg 1564w, https:\/\/buenartevisual.com\/colegiotalavera\/wp-content\/uploads\/2025\/06\/DSC_6463-scaled-1-626x1024.jpg 626w, https:\/\/buenartevisual.com\/colegiotalavera\/wp-content\/uploads\/2025\/06\/DSC_6463-scaled-1-768x1257.jpg 768w, https:\/\/buenartevisual.com\/colegiotalavera\/wp-content\/uploads\/2025\/06\/DSC_6463-scaled-1-938x1536.jpg 938w, https:\/\/buenartevisual.com\/colegiotalavera\/wp-content\/uploads\/2025\/06\/DSC_6463-scaled-1-1251x2048.jpg 1251w\" sizes=\"(max-width: 1564px) 100vw, 1564px\" \/><\/a>\n\t\t\t<\/div><\/figure><figure class='gallery-item'>\n\t\t\t<div class='gallery-icon portrait'>\n\t\t\t\t<a href='https:\/\/buenartevisual.com\/colegiotalavera\/dsc_6484\/'><img loading=\"lazy\" decoding=\"async\" width=\"1707\" height=\"2560\" src=\"https:\/\/buenartevisual.com\/colegiotalavera\/wp-content\/uploads\/2025\/06\/DSC_6484-scaled-1.jpg\" class=\"attachment-full size-full\" alt=\"\" srcset=\"https:\/\/buenartevisual.com\/colegiotalavera\/wp-content\/uploads\/2025\/06\/DSC_6484-scaled-1.jpg 1707w, https:\/\/buenartevisual.com\/colegiotalavera\/wp-content\/uploads\/2025\/06\/DSC_6484-scaled-1-683x1024.jpg 683w, https:\/\/buenartevisual.com\/colegiotalavera\/wp-content\/uploads\/2025\/06\/DSC_6484-scaled-1-768x1152.jpg 768w, https:\/\/buenartevisual.com\/colegiotalavera\/wp-content\/uploads\/2025\/06\/DSC_6484-scaled-1-1024x1536.jpg 1024w, https:\/\/buenartevisual.com\/colegiotalavera\/wp-content\/uploads\/2025\/06\/DSC_6484-scaled-1-1366x2048.jpg 1366w\" sizes=\"(max-width: 1707px) 100vw, 1707px\" \/><\/a>\n\t\t\t<\/div><\/figure><figure class='gallery-item'>\n\t\t\t<div class='gallery-icon portrait'>\n\t\t\t\t<a href='https:\/\/buenartevisual.com\/colegiotalavera\/dsc_6488\/'><img loading=\"lazy\" decoding=\"async\" width=\"1707\" height=\"2560\" src=\"https:\/\/buenartevisual.com\/colegiotalavera\/wp-content\/uploads\/2025\/06\/DSC_6488-scaled-1.jpg\" class=\"attachment-full size-full\" alt=\"\" srcset=\"https:\/\/buenartevisual.com\/colegiotalavera\/wp-content\/uploads\/2025\/06\/DSC_6488-scaled-1.jpg 1707w, https:\/\/buenartevisual.com\/colegiotalavera\/wp-content\/uploads\/2025\/06\/DSC_6488-scaled-1-683x1024.jpg 683w, https:\/\/buenartevisual.com\/colegiotalavera\/wp-content\/uploads\/2025\/06\/DSC_6488-scaled-1-768x1152.jpg 768w, https:\/\/buenartevisual.com\/colegiotalavera\/wp-content\/uploads\/2025\/06\/DSC_6488-scaled-1-1024x1536.jpg 1024w, https:\/\/buenartevisual.com\/colegiotalavera\/wp-content\/uploads\/2025\/06\/DSC_6488-scaled-1-1366x2048.jpg 1366w\" sizes=\"(max-width: 1707px) 100vw, 1707px\" \/><\/a>\n\t\t\t<\/div><\/figure><figure class='gallery-item'>\n\t\t\t<div class='gallery-icon portrait'>\n\t\t\t\t<a href='https:\/\/buenartevisual.com\/colegiotalavera\/dsc_6495\/'><img loading=\"lazy\" decoding=\"async\" width=\"1707\" height=\"2560\" src=\"https:\/\/buenartevisual.com\/colegiotalavera\/wp-content\/uploads\/2025\/06\/DSC_6495-scaled-1.jpg\" class=\"attachment-full size-full\" alt=\"\" srcset=\"https:\/\/buenartevisual.com\/colegiotalavera\/wp-content\/uploads\/2025\/06\/DSC_6495-scaled-1.jpg 1707w, https:\/\/buenartevisual.com\/colegiotalavera\/wp-content\/uploads\/2025\/06\/DSC_6495-scaled-1-683x1024.jpg 683w, https:\/\/buenartevisual.com\/colegiotalavera\/wp-content\/uploads\/2025\/06\/DSC_6495-scaled-1-768x1152.jpg 768w, https:\/\/buenartevisual.com\/colegiotalavera\/wp-content\/uploads\/2025\/06\/DSC_6495-scaled-1-1024x1536.jpg 1024w, https:\/\/buenartevisual.com\/colegiotalavera\/wp-content\/uploads\/2025\/06\/DSC_6495-scaled-1-1366x2048.jpg 1366w\" sizes=\"(max-width: 1707px) 100vw, 1707px\" \/><\/a>\n\t\t\t<\/div><\/figure>\n\t\t<\/div>\n\n","protected":false},"excerpt":{"rendered":"<p>El s\u00e1bado 31 de mayo se celebr\u00f3 la salida procesional de la patrona de la ciudad de la cer\u00e1mica, la Virgen del Prado, con motivo del Jubileo de la Esperanza. Nuestro centro, como todos los colegios religiosos de Talavera y muchas parroquias de poblaciones cercanas, particip\u00f3 en dicha procesi\u00f3n con la imagen de Nuestra Se\u00f1ora [&hellip;]<\/p>\n","protected":false},"author":1,"featured_media":13793,"comment_status":"closed","ping_status":"open","sticky":false,"template":"","format":"standard","meta":{"footnotes":""},"categories":[360],"tags":[306,313,275,307,259,257,292],"class_list":["post-13780","post","type-post","status-publish","format-standard","has-post-thumbnail","hentry","category-pastoral-colegio","tag-actividades","tag-alumnos","tag-cristianismo","tag-dias-especiales","tag-educacion","tag-familias","tag-talavera-de-la-reina"],"yoast_head":"<!-- This site is optimized with the Yoast SEO plugin v26.5 - https:\/\/yoast.com\/wordpress\/plugins\/seo\/ -->\n<title>Nuestra Se\u00f1ora de la Providencia en la salida procesional de la Virgen del Prado - Colegio Misioneras de la Providencia Talavera de la Reina<\/title>\n<meta name=\"robots\" content=\"noindex, follow, max-snippet:-1, max-image-preview:large, max-video-preview:-1\" \/>\n<meta property=\"og:locale\" content=\"es_ES\" \/>\n<meta property=\"og:type\" content=\"article\" \/>\n<meta property=\"og:title\" content=\"Nuestra Se\u00f1ora de la Providencia en la salida procesional de la Virgen del Prado - Colegio Misioneras de la Providencia Talavera de la Reina\" \/>\n<meta property=\"og:description\" content=\"El s\u00e1bado 31 de mayo se celebr\u00f3 la salida procesional de la patrona de la ciudad de la cer\u00e1mica, la Virgen del Prado, con motivo del Jubileo de la Esperanza. Nuestro centro, como todos los colegios religiosos de Talavera y muchas parroquias de poblaciones cercanas, particip\u00f3 en dicha procesi\u00f3n con la imagen de Nuestra Se\u00f1ora [&hellip;]\" \/>\n<meta property=\"og:url\" content=\"https:\/\/buenartevisual.com\/colegiotalavera\/2025\/06\/16\/nuestra-senora-de-la-providencia-en-la-salida-procesional-de-la-virgen-del-prado\/\" \/>\n<meta property=\"og:site_name\" content=\"Colegio Misioneras de la Providencia Talavera de la Reina\" \/>\n<meta property=\"article:published_time\" content=\"2025-06-16T21:28:48+00:00\" \/>\n<meta property=\"og:image\" content=\"https:\/\/buenartevisual.com\/colegiotalavera\/wp-content\/uploads\/2025\/06\/DSC_6463-scaled-1.jpg\" \/>\n\t<meta property=\"og:image:width\" content=\"1564\" \/>\n\t<meta property=\"og:image:height\" content=\"2560\" \/>\n\t<meta property=\"og:image:type\" content=\"image\/jpeg\" \/>\n<meta name=\"author\" content=\"Superadministrador\" \/>\n<meta name=\"twitter:card\" content=\"summary_large_image\" \/>\n<meta name=\"twitter:label1\" content=\"Escrito por\" \/>\n\t<meta name=\"twitter:data1\" content=\"Superadministrador\" \/>\n\t<meta name=\"twitter:label2\" content=\"Tiempo de lectura\" \/>\n\t<meta name=\"twitter:data2\" content=\"1 minuto\" \/>\n<script type=\"application\/ld+json\" class=\"yoast-schema-graph\">{\"@context\":\"https:\/\/schema.org\",\"@graph\":[{\"@type\":\"Article\",\"@id\":\"https:\/\/buenartevisual.com\/colegiotalavera\/2025\/06\/16\/nuestra-senora-de-la-providencia-en-la-salida-procesional-de-la-virgen-del-prado\/#article\",\"isPartOf\":{\"@id\":\"https:\/\/buenartevisual.com\/colegiotalavera\/2025\/06\/16\/nuestra-senora-de-la-providencia-en-la-salida-procesional-de-la-virgen-del-prado\/\"},\"author\":{\"name\":\"Superadministrador\",\"@id\":\"https:\/\/buenartevisual.com\/colegiotalavera\/#\/schema\/person\/ad110da6625b9c32f15289014f79a069\"},\"headline\":\"Nuestra Se\u00f1ora de la Providencia en la salida procesional de la Virgen del Prado\",\"datePublished\":\"2025-06-16T21:28:48+00:00\",\"mainEntityOfPage\":{\"@id\":\"https:\/\/buenartevisual.com\/colegiotalavera\/2025\/06\/16\/nuestra-senora-de-la-providencia-en-la-salida-procesional-de-la-virgen-del-prado\/\"},\"wordCount\":98,\"publisher\":{\"@id\":\"https:\/\/buenartevisual.com\/colegiotalavera\/#organization\"},\"image\":{\"@id\":\"https:\/\/buenartevisual.com\/colegiotalavera\/2025\/06\/16\/nuestra-senora-de-la-providencia-en-la-salida-procesional-de-la-virgen-del-prado\/#primaryimage\"},\"thumbnailUrl\":\"https:\/\/buenartevisual.com\/colegiotalavera\/wp-content\/uploads\/2025\/06\/DSC_6463-scaled-1.jpg\",\"keywords\":[\"Actividades\",\"alumnos\",\"Cristianismo\",\"D\u00edas especiales\",\"educaci\u00f3n\",\"familias\",\"Talavera de la Reina\"],\"articleSection\":[\"Pastoral Colegio\"],\"inLanguage\":\"es\"},{\"@type\":\"WebPage\",\"@id\":\"https:\/\/buenartevisual.com\/colegiotalavera\/2025\/06\/16\/nuestra-senora-de-la-providencia-en-la-salida-procesional-de-la-virgen-del-prado\/\",\"url\":\"https:\/\/buenartevisual.com\/colegiotalavera\/2025\/06\/16\/nuestra-senora-de-la-providencia-en-la-salida-procesional-de-la-virgen-del-prado\/\",\"name\":\"Nuestra Se\u00f1ora de la Providencia en la salida procesional de la Virgen del Prado - Colegio Misioneras de la Providencia Talavera de la Reina\",\"isPartOf\":{\"@id\":\"https:\/\/buenartevisual.com\/colegiotalavera\/#website\"},\"primaryImageOfPage\":{\"@id\":\"https:\/\/buenartevisual.com\/colegiotalavera\/2025\/06\/16\/nuestra-senora-de-la-providencia-en-la-salida-procesional-de-la-virgen-del-prado\/#primaryimage\"},\"image\":{\"@id\":\"https:\/\/buenartevisual.com\/colegiotalavera\/2025\/06\/16\/nuestra-senora-de-la-providencia-en-la-salida-procesional-de-la-virgen-del-prado\/#primaryimage\"},\"thumbnailUrl\":\"https:\/\/buenartevisual.com\/colegiotalavera\/wp-content\/uploads\/2025\/06\/DSC_6463-scaled-1.jpg\",\"datePublished\":\"2025-06-16T21:28:48+00:00\",\"breadcrumb\":{\"@id\":\"https:\/\/buenartevisual.com\/colegiotalavera\/2025\/06\/16\/nuestra-senora-de-la-providencia-en-la-salida-procesional-de-la-virgen-del-prado\/#breadcrumb\"},\"inLanguage\":\"es\",\"potentialAction\":[{\"@type\":\"ReadAction\",\"target\":[\"https:\/\/buenartevisual.com\/colegiotalavera\/2025\/06\/16\/nuestra-senora-de-la-providencia-en-la-salida-procesional-de-la-virgen-del-prado\/\"]}]},{\"@type\":\"ImageObject\",\"inLanguage\":\"es\",\"@id\":\"https:\/\/buenartevisual.com\/colegiotalavera\/2025\/06\/16\/nuestra-senora-de-la-providencia-en-la-salida-procesional-de-la-virgen-del-prado\/#primaryimage\",\"url\":\"https:\/\/buenartevisual.com\/colegiotalavera\/wp-content\/uploads\/2025\/06\/DSC_6463-scaled-1.jpg\",\"contentUrl\":\"https:\/\/buenartevisual.com\/colegiotalavera\/wp-content\/uploads\/2025\/06\/DSC_6463-scaled-1.jpg\",\"width\":1564,\"height\":2560},{\"@type\":\"BreadcrumbList\",\"@id\":\"https:\/\/buenartevisual.com\/colegiotalavera\/2025\/06\/16\/nuestra-senora-de-la-providencia-en-la-salida-procesional-de-la-virgen-del-prado\/#breadcrumb\",\"itemListElement\":[{\"@type\":\"ListItem\",\"position\":1,\"name\":\"Portada\",\"item\":\"https:\/\/buenartevisual.com\/colegiotalavera\/\"},{\"@type\":\"ListItem\",\"position\":2,\"name\":\"Nuestra Se\u00f1ora de la Providencia en la salida procesional de la Virgen del Prado\"}]},{\"@type\":\"WebSite\",\"@id\":\"https:\/\/buenartevisual.com\/colegiotalavera\/#website\",\"url\":\"https:\/\/buenartevisual.com\/colegiotalavera\/\",\"name\":\"Colegio Misioneras de la Providencia Talavera de la Reina\",\"description\":\"Web del colegio Misioneras de la Providencia de Talavera de la Reina\",\"publisher\":{\"@id\":\"https:\/\/buenartevisual.com\/colegiotalavera\/#organization\"},\"potentialAction\":[{\"@type\":\"SearchAction\",\"target\":{\"@type\":\"EntryPoint\",\"urlTemplate\":\"https:\/\/buenartevisual.com\/colegiotalavera\/?s={search_term_string}\"},\"query-input\":{\"@type\":\"PropertyValueSpecification\",\"valueRequired\":true,\"valueName\":\"search_term_string\"}}],\"inLanguage\":\"es\"},{\"@type\":\"Organization\",\"@id\":\"https:\/\/buenartevisual.com\/colegiotalavera\/#organization\",\"name\":\"Colegio Misioneras de la Providencia Talavera de la Reina\",\"url\":\"https:\/\/buenartevisual.com\/colegiotalavera\/\",\"logo\":{\"@type\":\"ImageObject\",\"inLanguage\":\"es\",\"@id\":\"https:\/\/buenartevisual.com\/colegiotalavera\/#\/schema\/logo\/image\/\",\"url\":\"https:\/\/buenartevisual.com\/colegiotalavera\/wp-content\/uploads\/2025\/10\/logo-misioneras-talavera.png\",\"contentUrl\":\"https:\/\/buenartevisual.com\/colegiotalavera\/wp-content\/uploads\/2025\/10\/logo-misioneras-talavera.png\",\"width\":447,\"height\":142,\"caption\":\"Colegio Misioneras de la Providencia Talavera de la Reina\"},\"image\":{\"@id\":\"https:\/\/buenartevisual.com\/colegiotalavera\/#\/schema\/logo\/image\/\"}},{\"@type\":\"Person\",\"@id\":\"https:\/\/buenartevisual.com\/colegiotalavera\/#\/schema\/person\/ad110da6625b9c32f15289014f79a069\",\"name\":\"Superadministrador\",\"image\":{\"@type\":\"ImageObject\",\"inLanguage\":\"es\",\"@id\":\"https:\/\/buenartevisual.com\/colegiotalavera\/#\/schema\/person\/image\/\",\"url\":\"https:\/\/secure.gravatar.com\/avatar\/df06c07e05e61dc70ae539d53ff0cc8942dab6bad37c86f1ad69468b5c4fa9c6?s=80&d=mm&r=g\",\"contentUrl\":\"https:\/\/secure.gravatar.com\/avatar\/df06c07e05e61dc70ae539d53ff0cc8942dab6bad37c86f1ad69468b5c4fa9c6?s=80&d=mm&r=g\",\"caption\":\"Superadministrador\"},\"sameAs\":[\"https:\/\/buenartevisual.com\/colegiotalavera\"],\"url\":\"https:\/\/buenartevisual.com\/colegiotalavera\/author\/superadministrador\/\"}]}<\/script>\n<!-- \/ Yoast SEO plugin. -->","yoast_head_json":{"title":"Nuestra Se\u00f1ora de la Providencia en la salida procesional de la Virgen del Prado - Colegio Misioneras de la Providencia Talavera de la Reina","robots":{"index":"noindex","follow":"follow","max-snippet":"max-snippet:-1","max-image-preview":"max-image-preview:large","max-video-preview":"max-video-preview:-1"},"og_locale":"es_ES","og_type":"article","og_title":"Nuestra Se\u00f1ora de la Providencia en la salida procesional de la Virgen del Prado - Colegio Misioneras de la Providencia Talavera de la Reina","og_description":"El s\u00e1bado 31 de mayo se celebr\u00f3 la salida procesional de la patrona de la ciudad de la cer\u00e1mica, la Virgen del Prado, con motivo del Jubileo de la Esperanza. Nuestro centro, como todos los colegios religiosos de Talavera y muchas parroquias de poblaciones cercanas, particip\u00f3 en dicha procesi\u00f3n con la imagen de Nuestra Se\u00f1ora [&hellip;]","og_url":"https:\/\/buenartevisual.com\/colegiotalavera\/2025\/06\/16\/nuestra-senora-de-la-providencia-en-la-salida-procesional-de-la-virgen-del-prado\/","og_site_name":"Colegio Misioneras de la Providencia Talavera de la Reina","article_published_time":"2025-06-16T21:28:48+00:00","og_image":[{"width":1564,"height":2560,"url":"https:\/\/buenartevisual.com\/colegiotalavera\/wp-content\/uploads\/2025\/06\/DSC_6463-scaled-1.jpg","type":"image\/jpeg"}],"author":"Superadministrador","twitter_card":"summary_large_image","twitter_misc":{"Escrito por":"Superadministrador","Tiempo de lectura":"1 minuto"},"schema":{"@context":"https:\/\/schema.org","@graph":[{"@type":"Article","@id":"https:\/\/buenartevisual.com\/colegiotalavera\/2025\/06\/16\/nuestra-senora-de-la-providencia-en-la-salida-procesional-de-la-virgen-del-prado\/#article","isPartOf":{"@id":"https:\/\/buenartevisual.com\/colegiotalavera\/2025\/06\/16\/nuestra-senora-de-la-providencia-en-la-salida-procesional-de-la-virgen-del-prado\/"},"author":{"name":"Superadministrador","@id":"https:\/\/buenartevisual.com\/colegiotalavera\/#\/schema\/person\/ad110da6625b9c32f15289014f79a069"},"headline":"Nuestra Se\u00f1ora de la Providencia en la salida procesional de la Virgen del Prado","datePublished":"2025-06-16T21:28:48+00:00","mainEntityOfPage":{"@id":"https:\/\/buenartevisual.com\/colegiotalavera\/2025\/06\/16\/nuestra-senora-de-la-providencia-en-la-salida-procesional-de-la-virgen-del-prado\/"},"wordCount":98,"publisher":{"@id":"https:\/\/buenartevisual.com\/colegiotalavera\/#organization"},"image":{"@id":"https:\/\/buenartevisual.com\/colegiotalavera\/2025\/06\/16\/nuestra-senora-de-la-providencia-en-la-salida-procesional-de-la-virgen-del-prado\/#primaryimage"},"thumbnailUrl":"https:\/\/buenartevisual.com\/colegiotalavera\/wp-content\/uploads\/2025\/06\/DSC_6463-scaled-1.jpg","keywords":["Actividades","alumnos","Cristianismo","D\u00edas especiales","educaci\u00f3n","familias","Talavera de la Reina"],"articleSection":["Pastoral Colegio"],"inLanguage":"es"},{"@type":"WebPage","@id":"https:\/\/buenartevisual.com\/colegiotalavera\/2025\/06\/16\/nuestra-senora-de-la-providencia-en-la-salida-procesional-de-la-virgen-del-prado\/","url":"https:\/\/buenartevisual.com\/colegiotalavera\/2025\/06\/16\/nuestra-senora-de-la-providencia-en-la-salida-procesional-de-la-virgen-del-prado\/","name":"Nuestra Se\u00f1ora de la Providencia en la salida procesional de la Virgen del Prado - Colegio Misioneras de la Providencia Talavera de la Reina","isPartOf":{"@id":"https:\/\/buenartevisual.com\/colegiotalavera\/#website"},"primaryImageOfPage":{"@id":"https:\/\/buenartevisual.com\/colegiotalavera\/2025\/06\/16\/nuestra-senora-de-la-providencia-en-la-salida-procesional-de-la-virgen-del-prado\/#primaryimage"},"image":{"@id":"https:\/\/buenartevisual.com\/colegiotalavera\/2025\/06\/16\/nuestra-senora-de-la-providencia-en-la-salida-procesional-de-la-virgen-del-prado\/#primaryimage"},"thumbnailUrl":"https:\/\/buenartevisual.com\/colegiotalavera\/wp-content\/uploads\/2025\/06\/DSC_6463-scaled-1.jpg","datePublished":"2025-06-16T21:28:48+00:00","breadcrumb":{"@id":"https:\/\/buenartevisual.com\/colegiotalavera\/2025\/06\/16\/nuestra-senora-de-la-providencia-en-la-salida-procesional-de-la-virgen-del-prado\/#breadcrumb"},"inLanguage":"es","potentialAction":[{"@type":"ReadAction","target":["https:\/\/buenartevisual.com\/colegiotalavera\/2025\/06\/16\/nuestra-senora-de-la-providencia-en-la-salida-procesional-de-la-virgen-del-prado\/"]}]},{"@type":"ImageObject","inLanguage":"es","@id":"https:\/\/buenartevisual.com\/colegiotalavera\/2025\/06\/16\/nuestra-senora-de-la-providencia-en-la-salida-procesional-de-la-virgen-del-prado\/#primaryimage","url":"https:\/\/buenartevisual.com\/colegiotalavera\/wp-content\/uploads\/2025\/06\/DSC_6463-scaled-1.jpg","contentUrl":"https:\/\/buenartevisual.com\/colegiotalavera\/wp-content\/uploads\/2025\/06\/DSC_6463-scaled-1.jpg","width":1564,"height":2560},{"@type":"BreadcrumbList","@id":"https:\/\/buenartevisual.com\/colegiotalavera\/2025\/06\/16\/nuestra-senora-de-la-providencia-en-la-salida-procesional-de-la-virgen-del-prado\/#breadcrumb","itemListElement":[{"@type":"ListItem","position":1,"name":"Portada","item":"https:\/\/buenartevisual.com\/colegiotalavera\/"},{"@type":"ListItem","position":2,"name":"Nuestra Se\u00f1ora de la Providencia en la salida procesional de la Virgen del Prado"}]},{"@type":"WebSite","@id":"https:\/\/buenartevisual.com\/colegiotalavera\/#website","url":"https:\/\/buenartevisual.com\/colegiotalavera\/","name":"Colegio Misioneras de la Providencia Talavera de la Reina","description":"Web del colegio Misioneras de la Providencia de Talavera de la Reina","publisher":{"@id":"https:\/\/buenartevisual.com\/colegiotalavera\/#organization"},"potentialAction":[{"@type":"SearchAction","target":{"@type":"EntryPoint","urlTemplate":"https:\/\/buenartevisual.com\/colegiotalavera\/?s={search_term_string}"},"query-input":{"@type":"PropertyValueSpecification","valueRequired":true,"valueName":"search_term_string"}}],"inLanguage":"es"},{"@type":"Organization","@id":"https:\/\/buenartevisual.com\/colegiotalavera\/#organization","name":"Colegio Misioneras de la Providencia Talavera de la Reina","url":"https:\/\/buenartevisual.com\/colegiotalavera\/","logo":{"@type":"ImageObject","inLanguage":"es","@id":"https:\/\/buenartevisual.com\/colegiotalavera\/#\/schema\/logo\/image\/","url":"https:\/\/buenartevisual.com\/colegiotalavera\/wp-content\/uploads\/2025\/10\/logo-misioneras-talavera.png","contentUrl":"https:\/\/buenartevisual.com\/colegiotalavera\/wp-content\/uploads\/2025\/10\/logo-misioneras-talavera.png","width":447,"height":142,"caption":"Colegio Misioneras de la Providencia Talavera de la Reina"},"image":{"@id":"https:\/\/buenartevisual.com\/colegiotalavera\/#\/schema\/logo\/image\/"}},{"@type":"Person","@id":"https:\/\/buenartevisual.com\/colegiotalavera\/#\/schema\/person\/ad110da6625b9c32f15289014f79a069","name":"Superadministrador","image":{"@type":"ImageObject","inLanguage":"es","@id":"https:\/\/buenartevisual.com\/colegiotalavera\/#\/schema\/person\/image\/","url":"https:\/\/secure.gravatar.com\/avatar\/df06c07e05e61dc70ae539d53ff0cc8942dab6bad37c86f1ad69468b5c4fa9c6?s=80&d=mm&r=g","contentUrl":"https:\/\/secure.gravatar.com\/avatar\/df06c07e05e61dc70ae539d53ff0cc8942dab6bad37c86f1ad69468b5c4fa9c6?s=80&d=mm&r=g","caption":"Superadministrador"},"sameAs":["https:\/\/buenartevisual.com\/colegiotalavera"],"url":"https:\/\/buenartevisual.com\/colegiotalavera\/author\/superadministrador\/"}]}},"_links":{"self":[{"href":"https:\/\/buenartevisual.com\/colegiotalavera\/wp-json\/wp\/v2\/posts\/13780","targetHints":{"allow":["GET"]}}],"collection":[{"href":"https:\/\/buenartevisual.com\/colegiotalavera\/wp-json\/wp\/v2\/posts"}],"about":[{"href":"https:\/\/buenartevisual.com\/colegiotalavera\/wp-json\/wp\/v2\/types\/post"}],"author":[{"embeddable":true,"href":"https:\/\/buenartevisual.com\/colegiotalavera\/wp-json\/wp\/v2\/users\/1"}],"replies":[{"embeddable":true,"href":"https:\/\/buenartevisual.com\/colegiotalavera\/wp-json\/wp\/v2\/comments?post=13780"}],"version-history":[{"count":0,"href":"https:\/\/buenartevisual.com\/colegiotalavera\/wp-json\/wp\/v2\/posts\/13780\/revisions"}],"wp:featuredmedia":[{"embeddable":true,"href":"https:\/\/buenartevisual.com\/colegiotalavera\/wp-json\/wp\/v2\/media\/13793"}],"wp:attachment":[{"href":"https:\/\/buenartevisual.com\/colegiotalavera\/wp-json\/wp\/v2\/media?parent=13780"}],"wp:term":[{"taxonomy":"category","embeddable":true,"href":"https:\/\/buenartevisual.com\/colegiotalavera\/wp-json\/wp\/v2\/categories?post=13780"},{"taxonomy":"post_tag","embeddable":true,"href":"https:\/\/buenartevisual.com\/colegiotalavera\/wp-json\/wp\/v2\/tags?post=13780"}],"curies":[{"name":"wp","href":"https:\/\/api.w.org\/{rel}","templated":true}]}}