{"id":13769,"date":"2025-06-16T08:56:26","date_gmt":"2025-06-16T06:56:26","guid":{"rendered":"https:\/\/misionerastalavera.es\/?p=13769"},"modified":"2025-06-16T08:56:26","modified_gmt":"2025-06-16T06:56:26","slug":"agradecimiento-a-las-empresas-a-los-profesionales-y-a-las-familias","status":"publish","type":"post","link":"https:\/\/buenartevisual.com\/colegiotalavera\/2025\/06\/16\/agradecimiento-a-las-empresas-a-los-profesionales-y-a-las-familias\/","title":{"rendered":"Agradecimiento a las empresas, a los profesionales y a las familias"},"content":{"rendered":"<p>Nuestra Fiesta Fin de Curso ha sido un \u00e9xito por la gran asistencia de p\u00fablico, por la calidad de los bailes de nuestros alumnos y por los buenos momentos de los que todos cuantos formamos la comunidad educativa del Colegio Joaqu\u00edn Alonso hemos podido disfrutar el s\u00e1bado 14 de junio. Pero nada de esto hubiera podido ser sin los colaboradores y su trabajo: por un lado, los que siempre est\u00e1n ah\u00ed con su esfuerzo, los integrantes de la Asociaci\u00f3n de Madres y Padres de Alumnos, y por el otro, los que han colaborado en esta Fiesta para que todo salga a las mil maravillas. Este v\u00eddeo es un gesto de agradecimiento con todos ellos.<\/p>\n<p><center><br \/>\n<\/p>\n<p>&lt;c\/enter&gt;<\/p>\n<p>\u00a0<\/p>\n<p><\/center><\/p>\n","protected":false},"excerpt":{"rendered":"<p>Nuestra Fiesta Fin de Curso ha sido un \u00e9xito por la gran asistencia de p\u00fablico, por la calidad de los bailes de nuestros alumnos y por los buenos momentos de los que todos cuantos formamos la comunidad educativa del Colegio Joaqu\u00edn Alonso hemos podido disfrutar el s\u00e1bado 14 de junio. Pero nada de esto hubiera [&hellip;]<\/p>\n","protected":false},"author":1,"featured_media":13771,"comment_status":"closed","ping_status":"open","sticky":false,"template":"","format":"standard","meta":{"footnotes":""},"categories":[309],"tags":[306,313,310,272,259,257,325,318,327],"class_list":["post-13769","post","type-post","status-publish","format-standard","has-post-thumbnail","hentry","category-ampa","tag-actividades","tag-alumnos","tag-ampa","tag-convivencia","tag-educacion","tag-familias","tag-festividades","tag-profesores","tag-tradiciones"],"yoast_head":"<!-- This site is optimized with the Yoast SEO plugin v26.5 - https:\/\/yoast.com\/wordpress\/plugins\/seo\/ -->\n<title>Agradecimiento a las empresas, a los profesionales y a las familias - Colegio Misioneras de la Providencia Talavera de la Reina<\/title>\n<meta name=\"robots\" content=\"noindex, follow, max-snippet:-1, max-image-preview:large, max-video-preview:-1\" \/>\n<meta property=\"og:locale\" content=\"es_ES\" \/>\n<meta property=\"og:type\" content=\"article\" \/>\n<meta property=\"og:title\" content=\"Agradecimiento a las empresas, a los profesionales y a las familias - Colegio Misioneras de la Providencia Talavera de la Reina\" \/>\n<meta property=\"og:description\" content=\"Nuestra Fiesta Fin de Curso ha sido un \u00e9xito por la gran asistencia de p\u00fablico, por la calidad de los bailes de nuestros alumnos y por los buenos momentos de los que todos cuantos formamos la comunidad educativa del Colegio Joaqu\u00edn Alonso hemos podido disfrutar el s\u00e1bado 14 de junio. Pero nada de esto hubiera [&hellip;]\" \/>\n<meta property=\"og:url\" content=\"https:\/\/buenartevisual.com\/colegiotalavera\/2025\/06\/16\/agradecimiento-a-las-empresas-a-los-profesionales-y-a-las-familias\/\" \/>\n<meta property=\"og:site_name\" content=\"Colegio Misioneras de la Providencia Talavera de la Reina\" \/>\n<meta property=\"article:published_time\" content=\"2025-06-16T06:56:26+00:00\" \/>\n<meta property=\"og:image\" content=\"https:\/\/buenartevisual.com\/colegiotalavera\/wp-content\/uploads\/2025\/06\/DSC_0575.JPG-foto-general-de-la-Fiesta-Fin-de-Curso-2025-scaled-1.jpg\" \/>\n\t<meta property=\"og:image:width\" content=\"2560\" \/>\n\t<meta property=\"og:image:height\" content=\"1707\" \/>\n\t<meta property=\"og:image:type\" content=\"image\/jpeg\" \/>\n<meta name=\"author\" content=\"Superadministrador\" \/>\n<meta name=\"twitter:card\" content=\"summary_large_image\" \/>\n<meta name=\"twitter:label1\" content=\"Escrito por\" \/>\n\t<meta name=\"twitter:data1\" content=\"Superadministrador\" \/>\n\t<meta name=\"twitter:label2\" content=\"Tiempo de lectura\" \/>\n\t<meta name=\"twitter:data2\" content=\"1 minuto\" \/>\n<script type=\"application\/ld+json\" class=\"yoast-schema-graph\">{\"@context\":\"https:\/\/schema.org\",\"@graph\":[{\"@type\":\"Article\",\"@id\":\"https:\/\/buenartevisual.com\/colegiotalavera\/2025\/06\/16\/agradecimiento-a-las-empresas-a-los-profesionales-y-a-las-familias\/#article\",\"isPartOf\":{\"@id\":\"https:\/\/buenartevisual.com\/colegiotalavera\/2025\/06\/16\/agradecimiento-a-las-empresas-a-los-profesionales-y-a-las-familias\/\"},\"author\":{\"name\":\"Superadministrador\",\"@id\":\"https:\/\/buenartevisual.com\/colegiotalavera\/#\/schema\/person\/ad110da6625b9c32f15289014f79a069\"},\"headline\":\"Agradecimiento a las empresas, a los profesionales y a las familias\",\"datePublished\":\"2025-06-16T06:56:26+00:00\",\"mainEntityOfPage\":{\"@id\":\"https:\/\/buenartevisual.com\/colegiotalavera\/2025\/06\/16\/agradecimiento-a-las-empresas-a-los-profesionales-y-a-las-familias\/\"},\"wordCount\":149,\"publisher\":{\"@id\":\"https:\/\/buenartevisual.com\/colegiotalavera\/#organization\"},\"image\":{\"@id\":\"https:\/\/buenartevisual.com\/colegiotalavera\/2025\/06\/16\/agradecimiento-a-las-empresas-a-los-profesionales-y-a-las-familias\/#primaryimage\"},\"thumbnailUrl\":\"https:\/\/buenartevisual.com\/colegiotalavera\/wp-content\/uploads\/2025\/06\/DSC_0575.JPG-foto-general-de-la-Fiesta-Fin-de-Curso-2025-scaled-1.jpg\",\"keywords\":[\"Actividades\",\"alumnos\",\"AMPA\",\"Convivencia\",\"educaci\u00f3n\",\"familias\",\"Festividades\",\"Profesores\",\"tradiciones\"],\"articleSection\":[\"AMPA\"],\"inLanguage\":\"es\"},{\"@type\":\"WebPage\",\"@id\":\"https:\/\/buenartevisual.com\/colegiotalavera\/2025\/06\/16\/agradecimiento-a-las-empresas-a-los-profesionales-y-a-las-familias\/\",\"url\":\"https:\/\/buenartevisual.com\/colegiotalavera\/2025\/06\/16\/agradecimiento-a-las-empresas-a-los-profesionales-y-a-las-familias\/\",\"name\":\"Agradecimiento a las empresas, a los profesionales y a las familias - Colegio Misioneras de la Providencia Talavera de la Reina\",\"isPartOf\":{\"@id\":\"https:\/\/buenartevisual.com\/colegiotalavera\/#website\"},\"primaryImageOfPage\":{\"@id\":\"https:\/\/buenartevisual.com\/colegiotalavera\/2025\/06\/16\/agradecimiento-a-las-empresas-a-los-profesionales-y-a-las-familias\/#primaryimage\"},\"image\":{\"@id\":\"https:\/\/buenartevisual.com\/colegiotalavera\/2025\/06\/16\/agradecimiento-a-las-empresas-a-los-profesionales-y-a-las-familias\/#primaryimage\"},\"thumbnailUrl\":\"https:\/\/buenartevisual.com\/colegiotalavera\/wp-content\/uploads\/2025\/06\/DSC_0575.JPG-foto-general-de-la-Fiesta-Fin-de-Curso-2025-scaled-1.jpg\",\"datePublished\":\"2025-06-16T06:56:26+00:00\",\"breadcrumb\":{\"@id\":\"https:\/\/buenartevisual.com\/colegiotalavera\/2025\/06\/16\/agradecimiento-a-las-empresas-a-los-profesionales-y-a-las-familias\/#breadcrumb\"},\"inLanguage\":\"es\",\"potentialAction\":[{\"@type\":\"ReadAction\",\"target\":[\"https:\/\/buenartevisual.com\/colegiotalavera\/2025\/06\/16\/agradecimiento-a-las-empresas-a-los-profesionales-y-a-las-familias\/\"]}]},{\"@type\":\"ImageObject\",\"inLanguage\":\"es\",\"@id\":\"https:\/\/buenartevisual.com\/colegiotalavera\/2025\/06\/16\/agradecimiento-a-las-empresas-a-los-profesionales-y-a-las-familias\/#primaryimage\",\"url\":\"https:\/\/buenartevisual.com\/colegiotalavera\/wp-content\/uploads\/2025\/06\/DSC_0575.JPG-foto-general-de-la-Fiesta-Fin-de-Curso-2025-scaled-1.jpg\",\"contentUrl\":\"https:\/\/buenartevisual.com\/colegiotalavera\/wp-content\/uploads\/2025\/06\/DSC_0575.JPG-foto-general-de-la-Fiesta-Fin-de-Curso-2025-scaled-1.jpg\",\"width\":2560,\"height\":1707},{\"@type\":\"BreadcrumbList\",\"@id\":\"https:\/\/buenartevisual.com\/colegiotalavera\/2025\/06\/16\/agradecimiento-a-las-empresas-a-los-profesionales-y-a-las-familias\/#breadcrumb\",\"itemListElement\":[{\"@type\":\"ListItem\",\"position\":1,\"name\":\"Portada\",\"item\":\"https:\/\/buenartevisual.com\/colegiotalavera\/\"},{\"@type\":\"ListItem\",\"position\":2,\"name\":\"Agradecimiento a las empresas, a los profesionales y a las familias\"}]},{\"@type\":\"WebSite\",\"@id\":\"https:\/\/buenartevisual.com\/colegiotalavera\/#website\",\"url\":\"https:\/\/buenartevisual.com\/colegiotalavera\/\",\"name\":\"Colegio Misioneras de la Providencia Talavera de la Reina\",\"description\":\"Web del colegio Misioneras de la Providencia de Talavera de la Reina\",\"publisher\":{\"@id\":\"https:\/\/buenartevisual.com\/colegiotalavera\/#organization\"},\"potentialAction\":[{\"@type\":\"SearchAction\",\"target\":{\"@type\":\"EntryPoint\",\"urlTemplate\":\"https:\/\/buenartevisual.com\/colegiotalavera\/?s={search_term_string}\"},\"query-input\":{\"@type\":\"PropertyValueSpecification\",\"valueRequired\":true,\"valueName\":\"search_term_string\"}}],\"inLanguage\":\"es\"},{\"@type\":\"Organization\",\"@id\":\"https:\/\/buenartevisual.com\/colegiotalavera\/#organization\",\"name\":\"Colegio Misioneras de la Providencia Talavera de la Reina\",\"url\":\"https:\/\/buenartevisual.com\/colegiotalavera\/\",\"logo\":{\"@type\":\"ImageObject\",\"inLanguage\":\"es\",\"@id\":\"https:\/\/buenartevisual.com\/colegiotalavera\/#\/schema\/logo\/image\/\",\"url\":\"https:\/\/buenartevisual.com\/colegiotalavera\/wp-content\/uploads\/2025\/10\/logo-misioneras-talavera.png\",\"contentUrl\":\"https:\/\/buenartevisual.com\/colegiotalavera\/wp-content\/uploads\/2025\/10\/logo-misioneras-talavera.png\",\"width\":447,\"height\":142,\"caption\":\"Colegio Misioneras de la Providencia Talavera de la Reina\"},\"image\":{\"@id\":\"https:\/\/buenartevisual.com\/colegiotalavera\/#\/schema\/logo\/image\/\"}},{\"@type\":\"Person\",\"@id\":\"https:\/\/buenartevisual.com\/colegiotalavera\/#\/schema\/person\/ad110da6625b9c32f15289014f79a069\",\"name\":\"Superadministrador\",\"image\":{\"@type\":\"ImageObject\",\"inLanguage\":\"es\",\"@id\":\"https:\/\/buenartevisual.com\/colegiotalavera\/#\/schema\/person\/image\/\",\"url\":\"https:\/\/secure.gravatar.com\/avatar\/df06c07e05e61dc70ae539d53ff0cc8942dab6bad37c86f1ad69468b5c4fa9c6?s=80&d=mm&r=g\",\"contentUrl\":\"https:\/\/secure.gravatar.com\/avatar\/df06c07e05e61dc70ae539d53ff0cc8942dab6bad37c86f1ad69468b5c4fa9c6?s=80&d=mm&r=g\",\"caption\":\"Superadministrador\"},\"sameAs\":[\"https:\/\/buenartevisual.com\/colegiotalavera\"],\"url\":\"https:\/\/buenartevisual.com\/colegiotalavera\/author\/superadministrador\/\"}]}<\/script>\n<!-- \/ Yoast SEO plugin. -->","yoast_head_json":{"title":"Agradecimiento a las empresas, a los profesionales y a las familias - Colegio Misioneras de la Providencia Talavera de la Reina","robots":{"index":"noindex","follow":"follow","max-snippet":"max-snippet:-1","max-image-preview":"max-image-preview:large","max-video-preview":"max-video-preview:-1"},"og_locale":"es_ES","og_type":"article","og_title":"Agradecimiento a las empresas, a los profesionales y a las familias - Colegio Misioneras de la Providencia Talavera de la Reina","og_description":"Nuestra Fiesta Fin de Curso ha sido un \u00e9xito por la gran asistencia de p\u00fablico, por la calidad de los bailes de nuestros alumnos y por los buenos momentos de los que todos cuantos formamos la comunidad educativa del Colegio Joaqu\u00edn Alonso hemos podido disfrutar el s\u00e1bado 14 de junio. Pero nada de esto hubiera [&hellip;]","og_url":"https:\/\/buenartevisual.com\/colegiotalavera\/2025\/06\/16\/agradecimiento-a-las-empresas-a-los-profesionales-y-a-las-familias\/","og_site_name":"Colegio Misioneras de la Providencia Talavera de la Reina","article_published_time":"2025-06-16T06:56:26+00:00","og_image":[{"width":2560,"height":1707,"url":"https:\/\/buenartevisual.com\/colegiotalavera\/wp-content\/uploads\/2025\/06\/DSC_0575.JPG-foto-general-de-la-Fiesta-Fin-de-Curso-2025-scaled-1.jpg","type":"image\/jpeg"}],"author":"Superadministrador","twitter_card":"summary_large_image","twitter_misc":{"Escrito por":"Superadministrador","Tiempo de lectura":"1 minuto"},"schema":{"@context":"https:\/\/schema.org","@graph":[{"@type":"Article","@id":"https:\/\/buenartevisual.com\/colegiotalavera\/2025\/06\/16\/agradecimiento-a-las-empresas-a-los-profesionales-y-a-las-familias\/#article","isPartOf":{"@id":"https:\/\/buenartevisual.com\/colegiotalavera\/2025\/06\/16\/agradecimiento-a-las-empresas-a-los-profesionales-y-a-las-familias\/"},"author":{"name":"Superadministrador","@id":"https:\/\/buenartevisual.com\/colegiotalavera\/#\/schema\/person\/ad110da6625b9c32f15289014f79a069"},"headline":"Agradecimiento a las empresas, a los profesionales y a las familias","datePublished":"2025-06-16T06:56:26+00:00","mainEntityOfPage":{"@id":"https:\/\/buenartevisual.com\/colegiotalavera\/2025\/06\/16\/agradecimiento-a-las-empresas-a-los-profesionales-y-a-las-familias\/"},"wordCount":149,"publisher":{"@id":"https:\/\/buenartevisual.com\/colegiotalavera\/#organization"},"image":{"@id":"https:\/\/buenartevisual.com\/colegiotalavera\/2025\/06\/16\/agradecimiento-a-las-empresas-a-los-profesionales-y-a-las-familias\/#primaryimage"},"thumbnailUrl":"https:\/\/buenartevisual.com\/colegiotalavera\/wp-content\/uploads\/2025\/06\/DSC_0575.JPG-foto-general-de-la-Fiesta-Fin-de-Curso-2025-scaled-1.jpg","keywords":["Actividades","alumnos","AMPA","Convivencia","educaci\u00f3n","familias","Festividades","Profesores","tradiciones"],"articleSection":["AMPA"],"inLanguage":"es"},{"@type":"WebPage","@id":"https:\/\/buenartevisual.com\/colegiotalavera\/2025\/06\/16\/agradecimiento-a-las-empresas-a-los-profesionales-y-a-las-familias\/","url":"https:\/\/buenartevisual.com\/colegiotalavera\/2025\/06\/16\/agradecimiento-a-las-empresas-a-los-profesionales-y-a-las-familias\/","name":"Agradecimiento a las empresas, a los profesionales y a las familias - Colegio Misioneras de la Providencia Talavera de la Reina","isPartOf":{"@id":"https:\/\/buenartevisual.com\/colegiotalavera\/#website"},"primaryImageOfPage":{"@id":"https:\/\/buenartevisual.com\/colegiotalavera\/2025\/06\/16\/agradecimiento-a-las-empresas-a-los-profesionales-y-a-las-familias\/#primaryimage"},"image":{"@id":"https:\/\/buenartevisual.com\/colegiotalavera\/2025\/06\/16\/agradecimiento-a-las-empresas-a-los-profesionales-y-a-las-familias\/#primaryimage"},"thumbnailUrl":"https:\/\/buenartevisual.com\/colegiotalavera\/wp-content\/uploads\/2025\/06\/DSC_0575.JPG-foto-general-de-la-Fiesta-Fin-de-Curso-2025-scaled-1.jpg","datePublished":"2025-06-16T06:56:26+00:00","breadcrumb":{"@id":"https:\/\/buenartevisual.com\/colegiotalavera\/2025\/06\/16\/agradecimiento-a-las-empresas-a-los-profesionales-y-a-las-familias\/#breadcrumb"},"inLanguage":"es","potentialAction":[{"@type":"ReadAction","target":["https:\/\/buenartevisual.com\/colegiotalavera\/2025\/06\/16\/agradecimiento-a-las-empresas-a-los-profesionales-y-a-las-familias\/"]}]},{"@type":"ImageObject","inLanguage":"es","@id":"https:\/\/buenartevisual.com\/colegiotalavera\/2025\/06\/16\/agradecimiento-a-las-empresas-a-los-profesionales-y-a-las-familias\/#primaryimage","url":"https:\/\/buenartevisual.com\/colegiotalavera\/wp-content\/uploads\/2025\/06\/DSC_0575.JPG-foto-general-de-la-Fiesta-Fin-de-Curso-2025-scaled-1.jpg","contentUrl":"https:\/\/buenartevisual.com\/colegiotalavera\/wp-content\/uploads\/2025\/06\/DSC_0575.JPG-foto-general-de-la-Fiesta-Fin-de-Curso-2025-scaled-1.jpg","width":2560,"height":1707},{"@type":"BreadcrumbList","@id":"https:\/\/buenartevisual.com\/colegiotalavera\/2025\/06\/16\/agradecimiento-a-las-empresas-a-los-profesionales-y-a-las-familias\/#breadcrumb","itemListElement":[{"@type":"ListItem","position":1,"name":"Portada","item":"https:\/\/buenartevisual.com\/colegiotalavera\/"},{"@type":"ListItem","position":2,"name":"Agradecimiento a las empresas, a los profesionales y a las familias"}]},{"@type":"WebSite","@id":"https:\/\/buenartevisual.com\/colegiotalavera\/#website","url":"https:\/\/buenartevisual.com\/colegiotalavera\/","name":"Colegio Misioneras de la Providencia Talavera de la Reina","description":"Web del colegio Misioneras de la Providencia de Talavera de la Reina","publisher":{"@id":"https:\/\/buenartevisual.com\/colegiotalavera\/#organization"},"potentialAction":[{"@type":"SearchAction","target":{"@type":"EntryPoint","urlTemplate":"https:\/\/buenartevisual.com\/colegiotalavera\/?s={search_term_string}"},"query-input":{"@type":"PropertyValueSpecification","valueRequired":true,"valueName":"search_term_string"}}],"inLanguage":"es"},{"@type":"Organization","@id":"https:\/\/buenartevisual.com\/colegiotalavera\/#organization","name":"Colegio Misioneras de la Providencia Talavera de la Reina","url":"https:\/\/buenartevisual.com\/colegiotalavera\/","logo":{"@type":"ImageObject","inLanguage":"es","@id":"https:\/\/buenartevisual.com\/colegiotalavera\/#\/schema\/logo\/image\/","url":"https:\/\/buenartevisual.com\/colegiotalavera\/wp-content\/uploads\/2025\/10\/logo-misioneras-talavera.png","contentUrl":"https:\/\/buenartevisual.com\/colegiotalavera\/wp-content\/uploads\/2025\/10\/logo-misioneras-talavera.png","width":447,"height":142,"caption":"Colegio Misioneras de la Providencia Talavera de la Reina"},"image":{"@id":"https:\/\/buenartevisual.com\/colegiotalavera\/#\/schema\/logo\/image\/"}},{"@type":"Person","@id":"https:\/\/buenartevisual.com\/colegiotalavera\/#\/schema\/person\/ad110da6625b9c32f15289014f79a069","name":"Superadministrador","image":{"@type":"ImageObject","inLanguage":"es","@id":"https:\/\/buenartevisual.com\/colegiotalavera\/#\/schema\/person\/image\/","url":"https:\/\/secure.gravatar.com\/avatar\/df06c07e05e61dc70ae539d53ff0cc8942dab6bad37c86f1ad69468b5c4fa9c6?s=80&d=mm&r=g","contentUrl":"https:\/\/secure.gravatar.com\/avatar\/df06c07e05e61dc70ae539d53ff0cc8942dab6bad37c86f1ad69468b5c4fa9c6?s=80&d=mm&r=g","caption":"Superadministrador"},"sameAs":["https:\/\/buenartevisual.com\/colegiotalavera"],"url":"https:\/\/buenartevisual.com\/colegiotalavera\/author\/superadministrador\/"}]}},"_links":{"self":[{"href":"https:\/\/buenartevisual.com\/colegiotalavera\/wp-json\/wp\/v2\/posts\/13769","targetHints":{"allow":["GET"]}}],"collection":[{"href":"https:\/\/buenartevisual.com\/colegiotalavera\/wp-json\/wp\/v2\/posts"}],"about":[{"href":"https:\/\/buenartevisual.com\/colegiotalavera\/wp-json\/wp\/v2\/types\/post"}],"author":[{"embeddable":true,"href":"https:\/\/buenartevisual.com\/colegiotalavera\/wp-json\/wp\/v2\/users\/1"}],"replies":[{"embeddable":true,"href":"https:\/\/buenartevisual.com\/colegiotalavera\/wp-json\/wp\/v2\/comments?post=13769"}],"version-history":[{"count":0,"href":"https:\/\/buenartevisual.com\/colegiotalavera\/wp-json\/wp\/v2\/posts\/13769\/revisions"}],"wp:featuredmedia":[{"embeddable":true,"href":"https:\/\/buenartevisual.com\/colegiotalavera\/wp-json\/wp\/v2\/media\/13771"}],"wp:attachment":[{"href":"https:\/\/buenartevisual.com\/colegiotalavera\/wp-json\/wp\/v2\/media?parent=13769"}],"wp:term":[{"taxonomy":"category","embeddable":true,"href":"https:\/\/buenartevisual.com\/colegiotalavera\/wp-json\/wp\/v2\/categories?post=13769"},{"taxonomy":"post_tag","embeddable":true,"href":"https:\/\/buenartevisual.com\/colegiotalavera\/wp-json\/wp\/v2\/tags?post=13769"}],"curies":[{"name":"wp","href":"https:\/\/api.w.org\/{rel}","templated":true}]}}