{"id":13735,"date":"2025-06-02T12:40:55","date_gmt":"2025-06-02T10:40:55","guid":{"rendered":"https:\/\/misionerastalavera.es\/?p=13735"},"modified":"2025-06-02T12:40:55","modified_gmt":"2025-06-02T10:40:55","slug":"ampliacion-del-plazo-para-inscribirse-en-el-campamento-digital-edicion-verano","status":"publish","type":"post","link":"https:\/\/buenartevisual.com\/colegiotalavera\/2025\/06\/02\/ampliacion-del-plazo-para-inscribirse-en-el-campamento-digital-edicion-verano\/","title":{"rendered":"Ampliaci\u00f3n del plazo para inscribirse en el Campamento digital edici\u00f3n verano"},"content":{"rendered":"<p>Queremos dar una nueva oportunidad a todas las familias que se han demorado en la toma de decisiones sobre la asistencia de sus hijos al Campamento Digital, y por eso ampliamos el plazo para la inscripci\u00f3n cinco d\u00edas m\u00e1s, hasta el 5 de junio, a trav\u00e9s de este <a href=\"https:\/\/docs.google.com\/forms\/d\/e\/1FAIpQLScLv8xFYL7sAgB6-Qm4__qZTOgJn2oxF3nIdzJw8fHcdDJ3eg\/viewform?usp=sharing&amp;ouid=114924147169761660403\">formulario<\/a>.<\/p>\n<p>&nbsp;<\/p>\n","protected":false},"excerpt":{"rendered":"<p>Queremos dar una nueva oportunidad a todas las familias que se han demorado en la toma de decisiones sobre la asistencia de sus hijos al Campamento Digital, y por eso ampliamos el plazo para la inscripci\u00f3n cinco d\u00edas m\u00e1s, hasta el 5 de junio, a trav\u00e9s de este formulario. &nbsp;<\/p>\n","protected":false},"author":1,"featured_media":13736,"comment_status":"closed","ping_status":"open","sticky":false,"template":"","format":"standard","meta":{"footnotes":""},"categories":[341,297],"tags":[306,313,263,272,259,342,257],"class_list":["post-13735","post","type-post","status-publish","format-standard","has-post-thumbnail","hentry","category-actividades-extraescolares","category-familiasdigitales","tag-actividades","tag-alumnos","tag-aprendizaje","tag-convivencia","tag-educacion","tag-extraescolares","tag-familias"],"yoast_head":"<!-- This site is optimized with the Yoast SEO plugin v26.5 - https:\/\/yoast.com\/wordpress\/plugins\/seo\/ -->\n<title>Ampliaci\u00f3n del plazo para inscribirse en el Campamento digital edici\u00f3n verano - Colegio Misioneras de la Providencia Talavera de la Reina<\/title>\n<meta name=\"robots\" content=\"noindex, follow, max-snippet:-1, max-image-preview:large, max-video-preview:-1\" \/>\n<meta property=\"og:locale\" content=\"es_ES\" \/>\n<meta property=\"og:type\" content=\"article\" \/>\n<meta property=\"og:title\" content=\"Ampliaci\u00f3n del plazo para inscribirse en el Campamento digital edici\u00f3n verano - Colegio Misioneras de la Providencia Talavera de la Reina\" \/>\n<meta property=\"og:description\" content=\"Queremos dar una nueva oportunidad a todas las familias que se han demorado en la toma de decisiones sobre la asistencia de sus hijos al Campamento Digital, y por eso ampliamos el plazo para la inscripci\u00f3n cinco d\u00edas m\u00e1s, hasta el 5 de junio, a trav\u00e9s de este formulario. &nbsp;\" \/>\n<meta property=\"og:url\" content=\"https:\/\/buenartevisual.com\/colegiotalavera\/2025\/06\/02\/ampliacion-del-plazo-para-inscribirse-en-el-campamento-digital-edicion-verano\/\" \/>\n<meta property=\"og:site_name\" content=\"Colegio Misioneras de la Providencia Talavera de la Reina\" \/>\n<meta property=\"article:published_time\" content=\"2025-06-02T10:40:55+00:00\" \/>\n<meta property=\"og:image\" content=\"https:\/\/buenartevisual.com\/colegiotalavera\/wp-content\/uploads\/2025\/06\/\u00a1AMPLIADO-EL-PLAZO-HASTA-EL-5-DE-JUNIO.png\" \/>\n\t<meta property=\"og:image:width\" content=\"1130\" \/>\n\t<meta property=\"og:image:height\" content=\"1600\" \/>\n\t<meta property=\"og:image:type\" content=\"image\/png\" \/>\n<meta name=\"author\" content=\"Superadministrador\" \/>\n<meta name=\"twitter:card\" content=\"summary_large_image\" \/>\n<meta name=\"twitter:label1\" content=\"Escrito por\" \/>\n\t<meta name=\"twitter:data1\" content=\"Superadministrador\" \/>\n\t<meta name=\"twitter:label2\" content=\"Tiempo de lectura\" \/>\n\t<meta name=\"twitter:data2\" content=\"1 minuto\" \/>\n<script type=\"application\/ld+json\" class=\"yoast-schema-graph\">{\"@context\":\"https:\/\/schema.org\",\"@graph\":[{\"@type\":\"Article\",\"@id\":\"https:\/\/buenartevisual.com\/colegiotalavera\/2025\/06\/02\/ampliacion-del-plazo-para-inscribirse-en-el-campamento-digital-edicion-verano\/#article\",\"isPartOf\":{\"@id\":\"https:\/\/buenartevisual.com\/colegiotalavera\/2025\/06\/02\/ampliacion-del-plazo-para-inscribirse-en-el-campamento-digital-edicion-verano\/\"},\"author\":{\"name\":\"Superadministrador\",\"@id\":\"https:\/\/buenartevisual.com\/colegiotalavera\/#\/schema\/person\/ad110da6625b9c32f15289014f79a069\"},\"headline\":\"Ampliaci\u00f3n del plazo para inscribirse en el Campamento digital edici\u00f3n verano\",\"datePublished\":\"2025-06-02T10:40:55+00:00\",\"mainEntityOfPage\":{\"@id\":\"https:\/\/buenartevisual.com\/colegiotalavera\/2025\/06\/02\/ampliacion-del-plazo-para-inscribirse-en-el-campamento-digital-edicion-verano\/\"},\"wordCount\":66,\"publisher\":{\"@id\":\"https:\/\/buenartevisual.com\/colegiotalavera\/#organization\"},\"image\":{\"@id\":\"https:\/\/buenartevisual.com\/colegiotalavera\/2025\/06\/02\/ampliacion-del-plazo-para-inscribirse-en-el-campamento-digital-edicion-verano\/#primaryimage\"},\"thumbnailUrl\":\"https:\/\/buenartevisual.com\/colegiotalavera\/wp-content\/uploads\/2025\/06\/\u00a1AMPLIADO-EL-PLAZO-HASTA-EL-5-DE-JUNIO.png\",\"keywords\":[\"Actividades\",\"alumnos\",\"Aprendizaje\",\"Convivencia\",\"educaci\u00f3n\",\"extraescolares\",\"familias\"],\"articleSection\":[\"Actividades Extraescolares\",\"Familias digitales\"],\"inLanguage\":\"es\"},{\"@type\":\"WebPage\",\"@id\":\"https:\/\/buenartevisual.com\/colegiotalavera\/2025\/06\/02\/ampliacion-del-plazo-para-inscribirse-en-el-campamento-digital-edicion-verano\/\",\"url\":\"https:\/\/buenartevisual.com\/colegiotalavera\/2025\/06\/02\/ampliacion-del-plazo-para-inscribirse-en-el-campamento-digital-edicion-verano\/\",\"name\":\"Ampliaci\u00f3n del plazo para inscribirse en el Campamento digital edici\u00f3n verano - Colegio Misioneras de la Providencia Talavera de la Reina\",\"isPartOf\":{\"@id\":\"https:\/\/buenartevisual.com\/colegiotalavera\/#website\"},\"primaryImageOfPage\":{\"@id\":\"https:\/\/buenartevisual.com\/colegiotalavera\/2025\/06\/02\/ampliacion-del-plazo-para-inscribirse-en-el-campamento-digital-edicion-verano\/#primaryimage\"},\"image\":{\"@id\":\"https:\/\/buenartevisual.com\/colegiotalavera\/2025\/06\/02\/ampliacion-del-plazo-para-inscribirse-en-el-campamento-digital-edicion-verano\/#primaryimage\"},\"thumbnailUrl\":\"https:\/\/buenartevisual.com\/colegiotalavera\/wp-content\/uploads\/2025\/06\/\u00a1AMPLIADO-EL-PLAZO-HASTA-EL-5-DE-JUNIO.png\",\"datePublished\":\"2025-06-02T10:40:55+00:00\",\"breadcrumb\":{\"@id\":\"https:\/\/buenartevisual.com\/colegiotalavera\/2025\/06\/02\/ampliacion-del-plazo-para-inscribirse-en-el-campamento-digital-edicion-verano\/#breadcrumb\"},\"inLanguage\":\"es\",\"potentialAction\":[{\"@type\":\"ReadAction\",\"target\":[\"https:\/\/buenartevisual.com\/colegiotalavera\/2025\/06\/02\/ampliacion-del-plazo-para-inscribirse-en-el-campamento-digital-edicion-verano\/\"]}]},{\"@type\":\"ImageObject\",\"inLanguage\":\"es\",\"@id\":\"https:\/\/buenartevisual.com\/colegiotalavera\/2025\/06\/02\/ampliacion-del-plazo-para-inscribirse-en-el-campamento-digital-edicion-verano\/#primaryimage\",\"url\":\"https:\/\/buenartevisual.com\/colegiotalavera\/wp-content\/uploads\/2025\/06\/\u00a1AMPLIADO-EL-PLAZO-HASTA-EL-5-DE-JUNIO.png\",\"contentUrl\":\"https:\/\/buenartevisual.com\/colegiotalavera\/wp-content\/uploads\/2025\/06\/\u00a1AMPLIADO-EL-PLAZO-HASTA-EL-5-DE-JUNIO.png\",\"width\":1130,\"height\":1600},{\"@type\":\"BreadcrumbList\",\"@id\":\"https:\/\/buenartevisual.com\/colegiotalavera\/2025\/06\/02\/ampliacion-del-plazo-para-inscribirse-en-el-campamento-digital-edicion-verano\/#breadcrumb\",\"itemListElement\":[{\"@type\":\"ListItem\",\"position\":1,\"name\":\"Portada\",\"item\":\"https:\/\/buenartevisual.com\/colegiotalavera\/\"},{\"@type\":\"ListItem\",\"position\":2,\"name\":\"Ampliaci\u00f3n del plazo para inscribirse en el Campamento digital edici\u00f3n verano\"}]},{\"@type\":\"WebSite\",\"@id\":\"https:\/\/buenartevisual.com\/colegiotalavera\/#website\",\"url\":\"https:\/\/buenartevisual.com\/colegiotalavera\/\",\"name\":\"Colegio Misioneras de la Providencia Talavera de la Reina\",\"description\":\"Web del colegio Misioneras de la Providencia de Talavera de la Reina\",\"publisher\":{\"@id\":\"https:\/\/buenartevisual.com\/colegiotalavera\/#organization\"},\"potentialAction\":[{\"@type\":\"SearchAction\",\"target\":{\"@type\":\"EntryPoint\",\"urlTemplate\":\"https:\/\/buenartevisual.com\/colegiotalavera\/?s={search_term_string}\"},\"query-input\":{\"@type\":\"PropertyValueSpecification\",\"valueRequired\":true,\"valueName\":\"search_term_string\"}}],\"inLanguage\":\"es\"},{\"@type\":\"Organization\",\"@id\":\"https:\/\/buenartevisual.com\/colegiotalavera\/#organization\",\"name\":\"Colegio Misioneras de la Providencia Talavera de la Reina\",\"url\":\"https:\/\/buenartevisual.com\/colegiotalavera\/\",\"logo\":{\"@type\":\"ImageObject\",\"inLanguage\":\"es\",\"@id\":\"https:\/\/buenartevisual.com\/colegiotalavera\/#\/schema\/logo\/image\/\",\"url\":\"https:\/\/buenartevisual.com\/colegiotalavera\/wp-content\/uploads\/2025\/10\/logo-misioneras-talavera.png\",\"contentUrl\":\"https:\/\/buenartevisual.com\/colegiotalavera\/wp-content\/uploads\/2025\/10\/logo-misioneras-talavera.png\",\"width\":447,\"height\":142,\"caption\":\"Colegio Misioneras de la Providencia Talavera de la Reina\"},\"image\":{\"@id\":\"https:\/\/buenartevisual.com\/colegiotalavera\/#\/schema\/logo\/image\/\"}},{\"@type\":\"Person\",\"@id\":\"https:\/\/buenartevisual.com\/colegiotalavera\/#\/schema\/person\/ad110da6625b9c32f15289014f79a069\",\"name\":\"Superadministrador\",\"image\":{\"@type\":\"ImageObject\",\"inLanguage\":\"es\",\"@id\":\"https:\/\/buenartevisual.com\/colegiotalavera\/#\/schema\/person\/image\/\",\"url\":\"https:\/\/secure.gravatar.com\/avatar\/df06c07e05e61dc70ae539d53ff0cc8942dab6bad37c86f1ad69468b5c4fa9c6?s=80&d=mm&r=g\",\"contentUrl\":\"https:\/\/secure.gravatar.com\/avatar\/df06c07e05e61dc70ae539d53ff0cc8942dab6bad37c86f1ad69468b5c4fa9c6?s=80&d=mm&r=g\",\"caption\":\"Superadministrador\"},\"sameAs\":[\"https:\/\/buenartevisual.com\/colegiotalavera\"],\"url\":\"https:\/\/buenartevisual.com\/colegiotalavera\/author\/superadministrador\/\"}]}<\/script>\n<!-- \/ Yoast SEO plugin. -->","yoast_head_json":{"title":"Ampliaci\u00f3n del plazo para inscribirse en el Campamento digital edici\u00f3n verano - Colegio Misioneras de la Providencia Talavera de la Reina","robots":{"index":"noindex","follow":"follow","max-snippet":"max-snippet:-1","max-image-preview":"max-image-preview:large","max-video-preview":"max-video-preview:-1"},"og_locale":"es_ES","og_type":"article","og_title":"Ampliaci\u00f3n del plazo para inscribirse en el Campamento digital edici\u00f3n verano - Colegio Misioneras de la Providencia Talavera de la Reina","og_description":"Queremos dar una nueva oportunidad a todas las familias que se han demorado en la toma de decisiones sobre la asistencia de sus hijos al Campamento Digital, y por eso ampliamos el plazo para la inscripci\u00f3n cinco d\u00edas m\u00e1s, hasta el 5 de junio, a trav\u00e9s de este formulario. &nbsp;","og_url":"https:\/\/buenartevisual.com\/colegiotalavera\/2025\/06\/02\/ampliacion-del-plazo-para-inscribirse-en-el-campamento-digital-edicion-verano\/","og_site_name":"Colegio Misioneras de la Providencia Talavera de la Reina","article_published_time":"2025-06-02T10:40:55+00:00","og_image":[{"width":1130,"height":1600,"url":"https:\/\/buenartevisual.com\/colegiotalavera\/wp-content\/uploads\/2025\/06\/\u00a1AMPLIADO-EL-PLAZO-HASTA-EL-5-DE-JUNIO.png","type":"image\/png"}],"author":"Superadministrador","twitter_card":"summary_large_image","twitter_misc":{"Escrito por":"Superadministrador","Tiempo de lectura":"1 minuto"},"schema":{"@context":"https:\/\/schema.org","@graph":[{"@type":"Article","@id":"https:\/\/buenartevisual.com\/colegiotalavera\/2025\/06\/02\/ampliacion-del-plazo-para-inscribirse-en-el-campamento-digital-edicion-verano\/#article","isPartOf":{"@id":"https:\/\/buenartevisual.com\/colegiotalavera\/2025\/06\/02\/ampliacion-del-plazo-para-inscribirse-en-el-campamento-digital-edicion-verano\/"},"author":{"name":"Superadministrador","@id":"https:\/\/buenartevisual.com\/colegiotalavera\/#\/schema\/person\/ad110da6625b9c32f15289014f79a069"},"headline":"Ampliaci\u00f3n del plazo para inscribirse en el Campamento digital edici\u00f3n verano","datePublished":"2025-06-02T10:40:55+00:00","mainEntityOfPage":{"@id":"https:\/\/buenartevisual.com\/colegiotalavera\/2025\/06\/02\/ampliacion-del-plazo-para-inscribirse-en-el-campamento-digital-edicion-verano\/"},"wordCount":66,"publisher":{"@id":"https:\/\/buenartevisual.com\/colegiotalavera\/#organization"},"image":{"@id":"https:\/\/buenartevisual.com\/colegiotalavera\/2025\/06\/02\/ampliacion-del-plazo-para-inscribirse-en-el-campamento-digital-edicion-verano\/#primaryimage"},"thumbnailUrl":"https:\/\/buenartevisual.com\/colegiotalavera\/wp-content\/uploads\/2025\/06\/\u00a1AMPLIADO-EL-PLAZO-HASTA-EL-5-DE-JUNIO.png","keywords":["Actividades","alumnos","Aprendizaje","Convivencia","educaci\u00f3n","extraescolares","familias"],"articleSection":["Actividades Extraescolares","Familias digitales"],"inLanguage":"es"},{"@type":"WebPage","@id":"https:\/\/buenartevisual.com\/colegiotalavera\/2025\/06\/02\/ampliacion-del-plazo-para-inscribirse-en-el-campamento-digital-edicion-verano\/","url":"https:\/\/buenartevisual.com\/colegiotalavera\/2025\/06\/02\/ampliacion-del-plazo-para-inscribirse-en-el-campamento-digital-edicion-verano\/","name":"Ampliaci\u00f3n del plazo para inscribirse en el Campamento digital edici\u00f3n verano - Colegio Misioneras de la Providencia Talavera de la Reina","isPartOf":{"@id":"https:\/\/buenartevisual.com\/colegiotalavera\/#website"},"primaryImageOfPage":{"@id":"https:\/\/buenartevisual.com\/colegiotalavera\/2025\/06\/02\/ampliacion-del-plazo-para-inscribirse-en-el-campamento-digital-edicion-verano\/#primaryimage"},"image":{"@id":"https:\/\/buenartevisual.com\/colegiotalavera\/2025\/06\/02\/ampliacion-del-plazo-para-inscribirse-en-el-campamento-digital-edicion-verano\/#primaryimage"},"thumbnailUrl":"https:\/\/buenartevisual.com\/colegiotalavera\/wp-content\/uploads\/2025\/06\/\u00a1AMPLIADO-EL-PLAZO-HASTA-EL-5-DE-JUNIO.png","datePublished":"2025-06-02T10:40:55+00:00","breadcrumb":{"@id":"https:\/\/buenartevisual.com\/colegiotalavera\/2025\/06\/02\/ampliacion-del-plazo-para-inscribirse-en-el-campamento-digital-edicion-verano\/#breadcrumb"},"inLanguage":"es","potentialAction":[{"@type":"ReadAction","target":["https:\/\/buenartevisual.com\/colegiotalavera\/2025\/06\/02\/ampliacion-del-plazo-para-inscribirse-en-el-campamento-digital-edicion-verano\/"]}]},{"@type":"ImageObject","inLanguage":"es","@id":"https:\/\/buenartevisual.com\/colegiotalavera\/2025\/06\/02\/ampliacion-del-plazo-para-inscribirse-en-el-campamento-digital-edicion-verano\/#primaryimage","url":"https:\/\/buenartevisual.com\/colegiotalavera\/wp-content\/uploads\/2025\/06\/\u00a1AMPLIADO-EL-PLAZO-HASTA-EL-5-DE-JUNIO.png","contentUrl":"https:\/\/buenartevisual.com\/colegiotalavera\/wp-content\/uploads\/2025\/06\/\u00a1AMPLIADO-EL-PLAZO-HASTA-EL-5-DE-JUNIO.png","width":1130,"height":1600},{"@type":"BreadcrumbList","@id":"https:\/\/buenartevisual.com\/colegiotalavera\/2025\/06\/02\/ampliacion-del-plazo-para-inscribirse-en-el-campamento-digital-edicion-verano\/#breadcrumb","itemListElement":[{"@type":"ListItem","position":1,"name":"Portada","item":"https:\/\/buenartevisual.com\/colegiotalavera\/"},{"@type":"ListItem","position":2,"name":"Ampliaci\u00f3n del plazo para inscribirse en el Campamento digital edici\u00f3n verano"}]},{"@type":"WebSite","@id":"https:\/\/buenartevisual.com\/colegiotalavera\/#website","url":"https:\/\/buenartevisual.com\/colegiotalavera\/","name":"Colegio Misioneras de la Providencia Talavera de la Reina","description":"Web del colegio Misioneras de la Providencia de Talavera de la Reina","publisher":{"@id":"https:\/\/buenartevisual.com\/colegiotalavera\/#organization"},"potentialAction":[{"@type":"SearchAction","target":{"@type":"EntryPoint","urlTemplate":"https:\/\/buenartevisual.com\/colegiotalavera\/?s={search_term_string}"},"query-input":{"@type":"PropertyValueSpecification","valueRequired":true,"valueName":"search_term_string"}}],"inLanguage":"es"},{"@type":"Organization","@id":"https:\/\/buenartevisual.com\/colegiotalavera\/#organization","name":"Colegio Misioneras de la Providencia Talavera de la Reina","url":"https:\/\/buenartevisual.com\/colegiotalavera\/","logo":{"@type":"ImageObject","inLanguage":"es","@id":"https:\/\/buenartevisual.com\/colegiotalavera\/#\/schema\/logo\/image\/","url":"https:\/\/buenartevisual.com\/colegiotalavera\/wp-content\/uploads\/2025\/10\/logo-misioneras-talavera.png","contentUrl":"https:\/\/buenartevisual.com\/colegiotalavera\/wp-content\/uploads\/2025\/10\/logo-misioneras-talavera.png","width":447,"height":142,"caption":"Colegio Misioneras de la Providencia Talavera de la Reina"},"image":{"@id":"https:\/\/buenartevisual.com\/colegiotalavera\/#\/schema\/logo\/image\/"}},{"@type":"Person","@id":"https:\/\/buenartevisual.com\/colegiotalavera\/#\/schema\/person\/ad110da6625b9c32f15289014f79a069","name":"Superadministrador","image":{"@type":"ImageObject","inLanguage":"es","@id":"https:\/\/buenartevisual.com\/colegiotalavera\/#\/schema\/person\/image\/","url":"https:\/\/secure.gravatar.com\/avatar\/df06c07e05e61dc70ae539d53ff0cc8942dab6bad37c86f1ad69468b5c4fa9c6?s=80&d=mm&r=g","contentUrl":"https:\/\/secure.gravatar.com\/avatar\/df06c07e05e61dc70ae539d53ff0cc8942dab6bad37c86f1ad69468b5c4fa9c6?s=80&d=mm&r=g","caption":"Superadministrador"},"sameAs":["https:\/\/buenartevisual.com\/colegiotalavera"],"url":"https:\/\/buenartevisual.com\/colegiotalavera\/author\/superadministrador\/"}]}},"_links":{"self":[{"href":"https:\/\/buenartevisual.com\/colegiotalavera\/wp-json\/wp\/v2\/posts\/13735","targetHints":{"allow":["GET"]}}],"collection":[{"href":"https:\/\/buenartevisual.com\/colegiotalavera\/wp-json\/wp\/v2\/posts"}],"about":[{"href":"https:\/\/buenartevisual.com\/colegiotalavera\/wp-json\/wp\/v2\/types\/post"}],"author":[{"embeddable":true,"href":"https:\/\/buenartevisual.com\/colegiotalavera\/wp-json\/wp\/v2\/users\/1"}],"replies":[{"embeddable":true,"href":"https:\/\/buenartevisual.com\/colegiotalavera\/wp-json\/wp\/v2\/comments?post=13735"}],"version-history":[{"count":0,"href":"https:\/\/buenartevisual.com\/colegiotalavera\/wp-json\/wp\/v2\/posts\/13735\/revisions"}],"wp:featuredmedia":[{"embeddable":true,"href":"https:\/\/buenartevisual.com\/colegiotalavera\/wp-json\/wp\/v2\/media\/13736"}],"wp:attachment":[{"href":"https:\/\/buenartevisual.com\/colegiotalavera\/wp-json\/wp\/v2\/media?parent=13735"}],"wp:term":[{"taxonomy":"category","embeddable":true,"href":"https:\/\/buenartevisual.com\/colegiotalavera\/wp-json\/wp\/v2\/categories?post=13735"},{"taxonomy":"post_tag","embeddable":true,"href":"https:\/\/buenartevisual.com\/colegiotalavera\/wp-json\/wp\/v2\/tags?post=13735"}],"curies":[{"name":"wp","href":"https:\/\/api.w.org\/{rel}","templated":true}]}}