{"id":13730,"date":"2025-05-31T15:27:54","date_gmt":"2025-05-31T13:27:54","guid":{"rendered":"https:\/\/misionerastalavera.es\/?p=13730"},"modified":"2025-05-31T15:27:54","modified_gmt":"2025-05-31T13:27:54","slug":"rosario-de-alumnos-en-el-patio-del-colegio-2025","status":"publish","type":"post","link":"https:\/\/buenartevisual.com\/colegiotalavera\/2025\/05\/31\/rosario-de-alumnos-en-el-patio-del-colegio-2025\/","title":{"rendered":"Rosario de alumnos en el patio del colegio 2025"},"content":{"rendered":"<p>El mes de mayo termina con una celebraci\u00f3n especial en honor a Mar\u00eda, Nuestra Madre, el rezo del rosario por el patio. Este a\u00f1o solo hemos realizado el de alumnos por la celebraci\u00f3n, para no interferir con los actos programados para los d\u00edas 30 y 31 con motivo del desfile procesional de la Virgen del Prado. Desde primera hora de la ma\u00f1ana ya ten\u00edamos a los m\u00e1s peque\u00f1os en el patio, aprovechando las zonas m\u00e1s sombreadas, como tambi\u00e9n el resto de cursos hasta llegar a 3\u00ba de Secundaria, ya que los alumnos de 4\u00ba, junto con los alumnos que este a\u00f1o han recibido la Primera Comuni\u00f3n, son los \u00fanicos que han procesionado detr\u00e1s de Nuestra Se\u00f1ora de la Providencia. Tambi\u00e9n hemos contado con un numeroso grupo de familiares, a los que agradecemos su presencia en este acto. Galer\u00eda en este <a href=\"https:\/\/drive.google.com\/drive\/folders\/1LFgXSzWlrUE0XWt9GRwbHhIahap_Gcd9?usp=sharing\">enlace<\/a>.<\/p>\n<p><center><br \/>\n<\/p>\n<p>\u00a0<\/p>\n<p>\u00a0<\/p>\n<p><\/center>&nbsp;<\/p>\n","protected":false},"excerpt":{"rendered":"<p>El mes de mayo termina con una celebraci\u00f3n especial en honor a Mar\u00eda, Nuestra Madre, el rezo del rosario por el patio. Este a\u00f1o solo hemos realizado el de alumnos por la celebraci\u00f3n, para no interferir con los actos programados para los d\u00edas 30 y 31 con motivo del desfile procesional de la Virgen del [&hellip;]<\/p>\n","protected":false},"author":1,"featured_media":13734,"comment_status":"closed","ping_status":"open","sticky":false,"template":"","format":"standard","meta":{"footnotes":""},"categories":[322],"tags":[306,313,272,307,259,257,326,327],"class_list":["post-13730","post","type-post","status-publish","format-standard","has-post-thumbnail","hentry","category-pastoral","tag-actividades","tag-alumnos","tag-convivencia","tag-dias-especiales","tag-educacion","tag-familias","tag-oracion","tag-tradiciones"],"yoast_head":"<!-- This site is optimized with the Yoast SEO plugin v26.5 - https:\/\/yoast.com\/wordpress\/plugins\/seo\/ -->\n<title>Rosario de alumnos en el patio del colegio 2025 - Colegio Misioneras de la Providencia Talavera de la Reina<\/title>\n<meta name=\"robots\" content=\"noindex, follow, max-snippet:-1, max-image-preview:large, max-video-preview:-1\" \/>\n<meta property=\"og:locale\" content=\"es_ES\" \/>\n<meta property=\"og:type\" content=\"article\" \/>\n<meta property=\"og:title\" content=\"Rosario de alumnos en el patio del colegio 2025 - Colegio Misioneras de la Providencia Talavera de la Reina\" \/>\n<meta property=\"og:description\" content=\"El mes de mayo termina con una celebraci\u00f3n especial en honor a Mar\u00eda, Nuestra Madre, el rezo del rosario por el patio. Este a\u00f1o solo hemos realizado el de alumnos por la celebraci\u00f3n, para no interferir con los actos programados para los d\u00edas 30 y 31 con motivo del desfile procesional de la Virgen del [&hellip;]\" \/>\n<meta property=\"og:url\" content=\"https:\/\/buenartevisual.com\/colegiotalavera\/2025\/05\/31\/rosario-de-alumnos-en-el-patio-del-colegio-2025\/\" \/>\n<meta property=\"og:site_name\" content=\"Colegio Misioneras de la Providencia Talavera de la Reina\" \/>\n<meta property=\"article:published_time\" content=\"2025-05-31T13:27:54+00:00\" \/>\n<meta name=\"author\" content=\"Superadministrador\" \/>\n<meta name=\"twitter:card\" content=\"summary_large_image\" \/>\n<meta name=\"twitter:label1\" content=\"Escrito por\" \/>\n\t<meta name=\"twitter:data1\" content=\"Superadministrador\" \/>\n\t<meta name=\"twitter:label2\" content=\"Tiempo de lectura\" \/>\n\t<meta name=\"twitter:data2\" content=\"1 minuto\" \/>\n<script type=\"application\/ld+json\" class=\"yoast-schema-graph\">{\"@context\":\"https:\/\/schema.org\",\"@graph\":[{\"@type\":\"Article\",\"@id\":\"https:\/\/buenartevisual.com\/colegiotalavera\/2025\/05\/31\/rosario-de-alumnos-en-el-patio-del-colegio-2025\/#article\",\"isPartOf\":{\"@id\":\"https:\/\/buenartevisual.com\/colegiotalavera\/2025\/05\/31\/rosario-de-alumnos-en-el-patio-del-colegio-2025\/\"},\"author\":{\"name\":\"Superadministrador\",\"@id\":\"https:\/\/buenartevisual.com\/colegiotalavera\/#\/schema\/person\/ad110da6625b9c32f15289014f79a069\"},\"headline\":\"Rosario de alumnos en el patio del colegio 2025\",\"datePublished\":\"2025-05-31T13:27:54+00:00\",\"mainEntityOfPage\":{\"@id\":\"https:\/\/buenartevisual.com\/colegiotalavera\/2025\/05\/31\/rosario-de-alumnos-en-el-patio-del-colegio-2025\/\"},\"wordCount\":184,\"publisher\":{\"@id\":\"https:\/\/buenartevisual.com\/colegiotalavera\/#organization\"},\"image\":{\"@id\":\"https:\/\/buenartevisual.com\/colegiotalavera\/2025\/05\/31\/rosario-de-alumnos-en-el-patio-del-colegio-2025\/#primaryimage\"},\"thumbnailUrl\":\"\",\"keywords\":[\"Actividades\",\"alumnos\",\"Convivencia\",\"D\u00edas especiales\",\"educaci\u00f3n\",\"familias\",\"Oraci\u00f3n\",\"tradiciones\"],\"articleSection\":[\"Pastoral del colegio\"],\"inLanguage\":\"es\"},{\"@type\":\"WebPage\",\"@id\":\"https:\/\/buenartevisual.com\/colegiotalavera\/2025\/05\/31\/rosario-de-alumnos-en-el-patio-del-colegio-2025\/\",\"url\":\"https:\/\/buenartevisual.com\/colegiotalavera\/2025\/05\/31\/rosario-de-alumnos-en-el-patio-del-colegio-2025\/\",\"name\":\"Rosario de alumnos en el patio del colegio 2025 - Colegio Misioneras de la Providencia Talavera de la Reina\",\"isPartOf\":{\"@id\":\"https:\/\/buenartevisual.com\/colegiotalavera\/#website\"},\"primaryImageOfPage\":{\"@id\":\"https:\/\/buenartevisual.com\/colegiotalavera\/2025\/05\/31\/rosario-de-alumnos-en-el-patio-del-colegio-2025\/#primaryimage\"},\"image\":{\"@id\":\"https:\/\/buenartevisual.com\/colegiotalavera\/2025\/05\/31\/rosario-de-alumnos-en-el-patio-del-colegio-2025\/#primaryimage\"},\"thumbnailUrl\":\"\",\"datePublished\":\"2025-05-31T13:27:54+00:00\",\"breadcrumb\":{\"@id\":\"https:\/\/buenartevisual.com\/colegiotalavera\/2025\/05\/31\/rosario-de-alumnos-en-el-patio-del-colegio-2025\/#breadcrumb\"},\"inLanguage\":\"es\",\"potentialAction\":[{\"@type\":\"ReadAction\",\"target\":[\"https:\/\/buenartevisual.com\/colegiotalavera\/2025\/05\/31\/rosario-de-alumnos-en-el-patio-del-colegio-2025\/\"]}]},{\"@type\":\"ImageObject\",\"inLanguage\":\"es\",\"@id\":\"https:\/\/buenartevisual.com\/colegiotalavera\/2025\/05\/31\/rosario-de-alumnos-en-el-patio-del-colegio-2025\/#primaryimage\",\"url\":\"\",\"contentUrl\":\"\"},{\"@type\":\"BreadcrumbList\",\"@id\":\"https:\/\/buenartevisual.com\/colegiotalavera\/2025\/05\/31\/rosario-de-alumnos-en-el-patio-del-colegio-2025\/#breadcrumb\",\"itemListElement\":[{\"@type\":\"ListItem\",\"position\":1,\"name\":\"Portada\",\"item\":\"https:\/\/buenartevisual.com\/colegiotalavera\/\"},{\"@type\":\"ListItem\",\"position\":2,\"name\":\"Rosario de alumnos en el patio del colegio 2025\"}]},{\"@type\":\"WebSite\",\"@id\":\"https:\/\/buenartevisual.com\/colegiotalavera\/#website\",\"url\":\"https:\/\/buenartevisual.com\/colegiotalavera\/\",\"name\":\"Colegio Misioneras de la Providencia Talavera de la Reina\",\"description\":\"Web del colegio Misioneras de la Providencia de Talavera de la Reina\",\"publisher\":{\"@id\":\"https:\/\/buenartevisual.com\/colegiotalavera\/#organization\"},\"potentialAction\":[{\"@type\":\"SearchAction\",\"target\":{\"@type\":\"EntryPoint\",\"urlTemplate\":\"https:\/\/buenartevisual.com\/colegiotalavera\/?s={search_term_string}\"},\"query-input\":{\"@type\":\"PropertyValueSpecification\",\"valueRequired\":true,\"valueName\":\"search_term_string\"}}],\"inLanguage\":\"es\"},{\"@type\":\"Organization\",\"@id\":\"https:\/\/buenartevisual.com\/colegiotalavera\/#organization\",\"name\":\"Colegio Misioneras de la Providencia Talavera de la Reina\",\"url\":\"https:\/\/buenartevisual.com\/colegiotalavera\/\",\"logo\":{\"@type\":\"ImageObject\",\"inLanguage\":\"es\",\"@id\":\"https:\/\/buenartevisual.com\/colegiotalavera\/#\/schema\/logo\/image\/\",\"url\":\"https:\/\/buenartevisual.com\/colegiotalavera\/wp-content\/uploads\/2025\/10\/logo-misioneras-talavera.png\",\"contentUrl\":\"https:\/\/buenartevisual.com\/colegiotalavera\/wp-content\/uploads\/2025\/10\/logo-misioneras-talavera.png\",\"width\":447,\"height\":142,\"caption\":\"Colegio Misioneras de la Providencia Talavera de la Reina\"},\"image\":{\"@id\":\"https:\/\/buenartevisual.com\/colegiotalavera\/#\/schema\/logo\/image\/\"}},{\"@type\":\"Person\",\"@id\":\"https:\/\/buenartevisual.com\/colegiotalavera\/#\/schema\/person\/ad110da6625b9c32f15289014f79a069\",\"name\":\"Superadministrador\",\"image\":{\"@type\":\"ImageObject\",\"inLanguage\":\"es\",\"@id\":\"https:\/\/buenartevisual.com\/colegiotalavera\/#\/schema\/person\/image\/\",\"url\":\"https:\/\/secure.gravatar.com\/avatar\/df06c07e05e61dc70ae539d53ff0cc8942dab6bad37c86f1ad69468b5c4fa9c6?s=80&d=mm&r=g\",\"contentUrl\":\"https:\/\/secure.gravatar.com\/avatar\/df06c07e05e61dc70ae539d53ff0cc8942dab6bad37c86f1ad69468b5c4fa9c6?s=80&d=mm&r=g\",\"caption\":\"Superadministrador\"},\"sameAs\":[\"https:\/\/buenartevisual.com\/colegiotalavera\"],\"url\":\"https:\/\/buenartevisual.com\/colegiotalavera\/author\/superadministrador\/\"}]}<\/script>\n<!-- \/ Yoast SEO plugin. -->","yoast_head_json":{"title":"Rosario de alumnos en el patio del colegio 2025 - Colegio Misioneras de la Providencia Talavera de la Reina","robots":{"index":"noindex","follow":"follow","max-snippet":"max-snippet:-1","max-image-preview":"max-image-preview:large","max-video-preview":"max-video-preview:-1"},"og_locale":"es_ES","og_type":"article","og_title":"Rosario de alumnos en el patio del colegio 2025 - Colegio Misioneras de la Providencia Talavera de la Reina","og_description":"El mes de mayo termina con una celebraci\u00f3n especial en honor a Mar\u00eda, Nuestra Madre, el rezo del rosario por el patio. Este a\u00f1o solo hemos realizado el de alumnos por la celebraci\u00f3n, para no interferir con los actos programados para los d\u00edas 30 y 31 con motivo del desfile procesional de la Virgen del [&hellip;]","og_url":"https:\/\/buenartevisual.com\/colegiotalavera\/2025\/05\/31\/rosario-de-alumnos-en-el-patio-del-colegio-2025\/","og_site_name":"Colegio Misioneras de la Providencia Talavera de la Reina","article_published_time":"2025-05-31T13:27:54+00:00","author":"Superadministrador","twitter_card":"summary_large_image","twitter_misc":{"Escrito por":"Superadministrador","Tiempo de lectura":"1 minuto"},"schema":{"@context":"https:\/\/schema.org","@graph":[{"@type":"Article","@id":"https:\/\/buenartevisual.com\/colegiotalavera\/2025\/05\/31\/rosario-de-alumnos-en-el-patio-del-colegio-2025\/#article","isPartOf":{"@id":"https:\/\/buenartevisual.com\/colegiotalavera\/2025\/05\/31\/rosario-de-alumnos-en-el-patio-del-colegio-2025\/"},"author":{"name":"Superadministrador","@id":"https:\/\/buenartevisual.com\/colegiotalavera\/#\/schema\/person\/ad110da6625b9c32f15289014f79a069"},"headline":"Rosario de alumnos en el patio del colegio 2025","datePublished":"2025-05-31T13:27:54+00:00","mainEntityOfPage":{"@id":"https:\/\/buenartevisual.com\/colegiotalavera\/2025\/05\/31\/rosario-de-alumnos-en-el-patio-del-colegio-2025\/"},"wordCount":184,"publisher":{"@id":"https:\/\/buenartevisual.com\/colegiotalavera\/#organization"},"image":{"@id":"https:\/\/buenartevisual.com\/colegiotalavera\/2025\/05\/31\/rosario-de-alumnos-en-el-patio-del-colegio-2025\/#primaryimage"},"thumbnailUrl":"","keywords":["Actividades","alumnos","Convivencia","D\u00edas especiales","educaci\u00f3n","familias","Oraci\u00f3n","tradiciones"],"articleSection":["Pastoral del colegio"],"inLanguage":"es"},{"@type":"WebPage","@id":"https:\/\/buenartevisual.com\/colegiotalavera\/2025\/05\/31\/rosario-de-alumnos-en-el-patio-del-colegio-2025\/","url":"https:\/\/buenartevisual.com\/colegiotalavera\/2025\/05\/31\/rosario-de-alumnos-en-el-patio-del-colegio-2025\/","name":"Rosario de alumnos en el patio del colegio 2025 - Colegio Misioneras de la Providencia Talavera de la Reina","isPartOf":{"@id":"https:\/\/buenartevisual.com\/colegiotalavera\/#website"},"primaryImageOfPage":{"@id":"https:\/\/buenartevisual.com\/colegiotalavera\/2025\/05\/31\/rosario-de-alumnos-en-el-patio-del-colegio-2025\/#primaryimage"},"image":{"@id":"https:\/\/buenartevisual.com\/colegiotalavera\/2025\/05\/31\/rosario-de-alumnos-en-el-patio-del-colegio-2025\/#primaryimage"},"thumbnailUrl":"","datePublished":"2025-05-31T13:27:54+00:00","breadcrumb":{"@id":"https:\/\/buenartevisual.com\/colegiotalavera\/2025\/05\/31\/rosario-de-alumnos-en-el-patio-del-colegio-2025\/#breadcrumb"},"inLanguage":"es","potentialAction":[{"@type":"ReadAction","target":["https:\/\/buenartevisual.com\/colegiotalavera\/2025\/05\/31\/rosario-de-alumnos-en-el-patio-del-colegio-2025\/"]}]},{"@type":"ImageObject","inLanguage":"es","@id":"https:\/\/buenartevisual.com\/colegiotalavera\/2025\/05\/31\/rosario-de-alumnos-en-el-patio-del-colegio-2025\/#primaryimage","url":"","contentUrl":""},{"@type":"BreadcrumbList","@id":"https:\/\/buenartevisual.com\/colegiotalavera\/2025\/05\/31\/rosario-de-alumnos-en-el-patio-del-colegio-2025\/#breadcrumb","itemListElement":[{"@type":"ListItem","position":1,"name":"Portada","item":"https:\/\/buenartevisual.com\/colegiotalavera\/"},{"@type":"ListItem","position":2,"name":"Rosario de alumnos en el patio del colegio 2025"}]},{"@type":"WebSite","@id":"https:\/\/buenartevisual.com\/colegiotalavera\/#website","url":"https:\/\/buenartevisual.com\/colegiotalavera\/","name":"Colegio Misioneras de la Providencia Talavera de la Reina","description":"Web del colegio Misioneras de la Providencia de Talavera de la Reina","publisher":{"@id":"https:\/\/buenartevisual.com\/colegiotalavera\/#organization"},"potentialAction":[{"@type":"SearchAction","target":{"@type":"EntryPoint","urlTemplate":"https:\/\/buenartevisual.com\/colegiotalavera\/?s={search_term_string}"},"query-input":{"@type":"PropertyValueSpecification","valueRequired":true,"valueName":"search_term_string"}}],"inLanguage":"es"},{"@type":"Organization","@id":"https:\/\/buenartevisual.com\/colegiotalavera\/#organization","name":"Colegio Misioneras de la Providencia Talavera de la Reina","url":"https:\/\/buenartevisual.com\/colegiotalavera\/","logo":{"@type":"ImageObject","inLanguage":"es","@id":"https:\/\/buenartevisual.com\/colegiotalavera\/#\/schema\/logo\/image\/","url":"https:\/\/buenartevisual.com\/colegiotalavera\/wp-content\/uploads\/2025\/10\/logo-misioneras-talavera.png","contentUrl":"https:\/\/buenartevisual.com\/colegiotalavera\/wp-content\/uploads\/2025\/10\/logo-misioneras-talavera.png","width":447,"height":142,"caption":"Colegio Misioneras de la Providencia Talavera de la Reina"},"image":{"@id":"https:\/\/buenartevisual.com\/colegiotalavera\/#\/schema\/logo\/image\/"}},{"@type":"Person","@id":"https:\/\/buenartevisual.com\/colegiotalavera\/#\/schema\/person\/ad110da6625b9c32f15289014f79a069","name":"Superadministrador","image":{"@type":"ImageObject","inLanguage":"es","@id":"https:\/\/buenartevisual.com\/colegiotalavera\/#\/schema\/person\/image\/","url":"https:\/\/secure.gravatar.com\/avatar\/df06c07e05e61dc70ae539d53ff0cc8942dab6bad37c86f1ad69468b5c4fa9c6?s=80&d=mm&r=g","contentUrl":"https:\/\/secure.gravatar.com\/avatar\/df06c07e05e61dc70ae539d53ff0cc8942dab6bad37c86f1ad69468b5c4fa9c6?s=80&d=mm&r=g","caption":"Superadministrador"},"sameAs":["https:\/\/buenartevisual.com\/colegiotalavera"],"url":"https:\/\/buenartevisual.com\/colegiotalavera\/author\/superadministrador\/"}]}},"_links":{"self":[{"href":"https:\/\/buenartevisual.com\/colegiotalavera\/wp-json\/wp\/v2\/posts\/13730","targetHints":{"allow":["GET"]}}],"collection":[{"href":"https:\/\/buenartevisual.com\/colegiotalavera\/wp-json\/wp\/v2\/posts"}],"about":[{"href":"https:\/\/buenartevisual.com\/colegiotalavera\/wp-json\/wp\/v2\/types\/post"}],"author":[{"embeddable":true,"href":"https:\/\/buenartevisual.com\/colegiotalavera\/wp-json\/wp\/v2\/users\/1"}],"replies":[{"embeddable":true,"href":"https:\/\/buenartevisual.com\/colegiotalavera\/wp-json\/wp\/v2\/comments?post=13730"}],"version-history":[{"count":0,"href":"https:\/\/buenartevisual.com\/colegiotalavera\/wp-json\/wp\/v2\/posts\/13730\/revisions"}],"wp:featuredmedia":[{"embeddable":true,"href":"https:\/\/buenartevisual.com\/colegiotalavera\/wp-json\/"}],"wp:attachment":[{"href":"https:\/\/buenartevisual.com\/colegiotalavera\/wp-json\/wp\/v2\/media?parent=13730"}],"wp:term":[{"taxonomy":"category","embeddable":true,"href":"https:\/\/buenartevisual.com\/colegiotalavera\/wp-json\/wp\/v2\/categories?post=13730"},{"taxonomy":"post_tag","embeddable":true,"href":"https:\/\/buenartevisual.com\/colegiotalavera\/wp-json\/wp\/v2\/tags?post=13730"}],"curies":[{"name":"wp","href":"https:\/\/api.w.org\/{rel}","templated":true}]}}