{"id":13727,"date":"2025-05-30T17:03:50","date_gmt":"2025-05-30T15:03:50","guid":{"rendered":"https:\/\/misionerastalavera.es\/?p=13727"},"modified":"2025-05-30T17:03:50","modified_gmt":"2025-05-30T15:03:50","slug":"desfile-procesional-de-la-virgen-del-prado-con-motivo-del-jubileo-de-la-esperanza","status":"publish","type":"post","link":"https:\/\/buenartevisual.com\/colegiotalavera\/2025\/05\/30\/desfile-procesional-de-la-virgen-del-prado-con-motivo-del-jubileo-de-la-esperanza\/","title":{"rendered":"Desfile procesional de la Virgen del Prado, con motivo del Jubileo de la Esperanza"},"content":{"rendered":"<p>Con motivo del Jubileo de la Esperanza, este viernes, 30 de mayo, a las 18:30, tendr\u00e1 lugar la<strong><span>\u00a0<\/span>Bajada de la Virgen del Prado<\/strong>. Tras el rezo del santo rosario (a las 19:00) y la Santa Misa de acci\u00f3n de gracias por el 68\u00ba aniversario de la Coronaci\u00f3n de la Virgen del Prado, que dar\u00e1 inicio a las 20:00, comenzar\u00e1 la primera procesi\u00f3n con la Virgen del Prado<span>\u00a0<\/span><strong>desde la Bas\u00edlica a la Colegial<\/strong>. A las 23:00 comenzar\u00e1 la Vigilia de oraci\u00f3n en la Colegial, de cuyos turnos se encargan las parroquias de la ciudad y los movimientos apost\u00f3licos.<\/p>\n<p>El s\u00e1bado 31 de mayo, fiesta de la Visitaci\u00f3n de la Virgen a su prima Isabel, desde las ocho y media de la ma\u00f1ana comenzar\u00e1n a colocarse los pasos con las im\u00e1genes de las patronas de los pueblos de las tierras de Talavera que han confirmado su visita, y tambi\u00e9n im\u00e1genes de centros religiosos, como <strong>Nuestra Se\u00f1ora de la Providencia<\/strong>. A las 10:00 tendr\u00e1 lugar la salida procesional de la patrona de la ciudad de la cer\u00e1mica, Ntra. Sra. del Prado. El recorrido se llevar\u00e1 a cabo desde la Iglesia Colegial de Santa Mar\u00eda la Mayor hasta el<span>\u00a0<\/span><strong>Parque de la Alameda<\/strong>.<\/p>\n<p>El centro del evento ser\u00e1 la celebraci\u00f3n de la <strong>Misa, a las 11:30,<\/strong> que presidir\u00e1 el Arzobispo de Toledo, don Francisco Cerro; tras la cual, se desarrollar\u00e1 la procesi\u00f3n de regreso de la patrona de Talavera hasta su bas\u00edlica.<\/p>\n<p>Animamos a toda la comunidad educativa de nuestro colegio a participar en estos actos, para demostrar nuestro amor por Mar\u00eda, Nuestra Madre. Nuestra imagen, como se puede ver en la foto, ya est\u00e1 en la Colegial. <strong>\u00a1Nuestra Se\u00f1ora de la Providencia nos espera!<\/strong><\/p>\n","protected":false},"excerpt":{"rendered":"<p>Con motivo del Jubileo de la Esperanza, este viernes, 30 de mayo, a las 18:30, tendr\u00e1 lugar la\u00a0Bajada de la Virgen del Prado. Tras el rezo del santo rosario (a las 19:00) y la Santa Misa de acci\u00f3n de gracias por el 68\u00ba aniversario de la Coronaci\u00f3n de la Virgen del Prado, que dar\u00e1 inicio [&hellip;]<\/p>\n","protected":false},"author":1,"featured_media":13728,"comment_status":"closed","ping_status":"open","sticky":false,"template":"","format":"standard","meta":{"footnotes":""},"categories":[322],"tags":[306,332,275,307,257,326,292,327],"class_list":["post-13727","post","type-post","status-publish","format-standard","has-post-thumbnail","hentry","category-pastoral","tag-actividades","tag-congregacion","tag-cristianismo","tag-dias-especiales","tag-familias","tag-oracion","tag-talavera-de-la-reina","tag-tradiciones"],"yoast_head":"<!-- This site is optimized with the Yoast SEO plugin v26.5 - https:\/\/yoast.com\/wordpress\/plugins\/seo\/ -->\n<title>Desfile procesional de la Virgen del Prado, con motivo del Jubileo de la Esperanza - Colegio Misioneras de la Providencia Talavera de la Reina<\/title>\n<meta name=\"robots\" content=\"noindex, follow, max-snippet:-1, max-image-preview:large, max-video-preview:-1\" \/>\n<meta property=\"og:locale\" content=\"es_ES\" \/>\n<meta property=\"og:type\" content=\"article\" \/>\n<meta property=\"og:title\" content=\"Desfile procesional de la Virgen del Prado, con motivo del Jubileo de la Esperanza - Colegio Misioneras de la Providencia Talavera de la Reina\" \/>\n<meta property=\"og:description\" content=\"Con motivo del Jubileo de la Esperanza, este viernes, 30 de mayo, a las 18:30, tendr\u00e1 lugar la\u00a0Bajada de la Virgen del Prado. Tras el rezo del santo rosario (a las 19:00) y la Santa Misa de acci\u00f3n de gracias por el 68\u00ba aniversario de la Coronaci\u00f3n de la Virgen del Prado, que dar\u00e1 inicio [&hellip;]\" \/>\n<meta property=\"og:url\" content=\"https:\/\/buenartevisual.com\/colegiotalavera\/2025\/05\/30\/desfile-procesional-de-la-virgen-del-prado-con-motivo-del-jubileo-de-la-esperanza\/\" \/>\n<meta property=\"og:site_name\" content=\"Colegio Misioneras de la Providencia Talavera de la Reina\" \/>\n<meta property=\"article:published_time\" content=\"2025-05-30T15:03:50+00:00\" \/>\n<meta name=\"author\" content=\"Superadministrador\" \/>\n<meta name=\"twitter:card\" content=\"summary_large_image\" \/>\n<meta name=\"twitter:label1\" content=\"Escrito por\" \/>\n\t<meta name=\"twitter:data1\" content=\"Superadministrador\" \/>\n\t<meta name=\"twitter:label2\" content=\"Tiempo de lectura\" \/>\n\t<meta name=\"twitter:data2\" content=\"2 minutos\" \/>\n<script type=\"application\/ld+json\" class=\"yoast-schema-graph\">{\"@context\":\"https:\/\/schema.org\",\"@graph\":[{\"@type\":\"Article\",\"@id\":\"https:\/\/buenartevisual.com\/colegiotalavera\/2025\/05\/30\/desfile-procesional-de-la-virgen-del-prado-con-motivo-del-jubileo-de-la-esperanza\/#article\",\"isPartOf\":{\"@id\":\"https:\/\/buenartevisual.com\/colegiotalavera\/2025\/05\/30\/desfile-procesional-de-la-virgen-del-prado-con-motivo-del-jubileo-de-la-esperanza\/\"},\"author\":{\"name\":\"Superadministrador\",\"@id\":\"https:\/\/buenartevisual.com\/colegiotalavera\/#\/schema\/person\/ad110da6625b9c32f15289014f79a069\"},\"headline\":\"Desfile procesional de la Virgen del Prado, con motivo del Jubileo de la Esperanza\",\"datePublished\":\"2025-05-30T15:03:50+00:00\",\"mainEntityOfPage\":{\"@id\":\"https:\/\/buenartevisual.com\/colegiotalavera\/2025\/05\/30\/desfile-procesional-de-la-virgen-del-prado-con-motivo-del-jubileo-de-la-esperanza\/\"},\"wordCount\":309,\"publisher\":{\"@id\":\"https:\/\/buenartevisual.com\/colegiotalavera\/#organization\"},\"image\":{\"@id\":\"https:\/\/buenartevisual.com\/colegiotalavera\/2025\/05\/30\/desfile-procesional-de-la-virgen-del-prado-con-motivo-del-jubileo-de-la-esperanza\/#primaryimage\"},\"thumbnailUrl\":\"\",\"keywords\":[\"Actividades\",\"Congregaci\u00f3n\",\"Cristianismo\",\"D\u00edas especiales\",\"familias\",\"Oraci\u00f3n\",\"Talavera de la Reina\",\"tradiciones\"],\"articleSection\":[\"Pastoral del colegio\"],\"inLanguage\":\"es\"},{\"@type\":\"WebPage\",\"@id\":\"https:\/\/buenartevisual.com\/colegiotalavera\/2025\/05\/30\/desfile-procesional-de-la-virgen-del-prado-con-motivo-del-jubileo-de-la-esperanza\/\",\"url\":\"https:\/\/buenartevisual.com\/colegiotalavera\/2025\/05\/30\/desfile-procesional-de-la-virgen-del-prado-con-motivo-del-jubileo-de-la-esperanza\/\",\"name\":\"Desfile procesional de la Virgen del Prado, con motivo del Jubileo de la Esperanza - Colegio Misioneras de la Providencia Talavera de la Reina\",\"isPartOf\":{\"@id\":\"https:\/\/buenartevisual.com\/colegiotalavera\/#website\"},\"primaryImageOfPage\":{\"@id\":\"https:\/\/buenartevisual.com\/colegiotalavera\/2025\/05\/30\/desfile-procesional-de-la-virgen-del-prado-con-motivo-del-jubileo-de-la-esperanza\/#primaryimage\"},\"image\":{\"@id\":\"https:\/\/buenartevisual.com\/colegiotalavera\/2025\/05\/30\/desfile-procesional-de-la-virgen-del-prado-con-motivo-del-jubileo-de-la-esperanza\/#primaryimage\"},\"thumbnailUrl\":\"\",\"datePublished\":\"2025-05-30T15:03:50+00:00\",\"breadcrumb\":{\"@id\":\"https:\/\/buenartevisual.com\/colegiotalavera\/2025\/05\/30\/desfile-procesional-de-la-virgen-del-prado-con-motivo-del-jubileo-de-la-esperanza\/#breadcrumb\"},\"inLanguage\":\"es\",\"potentialAction\":[{\"@type\":\"ReadAction\",\"target\":[\"https:\/\/buenartevisual.com\/colegiotalavera\/2025\/05\/30\/desfile-procesional-de-la-virgen-del-prado-con-motivo-del-jubileo-de-la-esperanza\/\"]}]},{\"@type\":\"ImageObject\",\"inLanguage\":\"es\",\"@id\":\"https:\/\/buenartevisual.com\/colegiotalavera\/2025\/05\/30\/desfile-procesional-de-la-virgen-del-prado-con-motivo-del-jubileo-de-la-esperanza\/#primaryimage\",\"url\":\"\",\"contentUrl\":\"\"},{\"@type\":\"BreadcrumbList\",\"@id\":\"https:\/\/buenartevisual.com\/colegiotalavera\/2025\/05\/30\/desfile-procesional-de-la-virgen-del-prado-con-motivo-del-jubileo-de-la-esperanza\/#breadcrumb\",\"itemListElement\":[{\"@type\":\"ListItem\",\"position\":1,\"name\":\"Portada\",\"item\":\"https:\/\/buenartevisual.com\/colegiotalavera\/\"},{\"@type\":\"ListItem\",\"position\":2,\"name\":\"Desfile procesional de la Virgen del Prado, con motivo del Jubileo de la Esperanza\"}]},{\"@type\":\"WebSite\",\"@id\":\"https:\/\/buenartevisual.com\/colegiotalavera\/#website\",\"url\":\"https:\/\/buenartevisual.com\/colegiotalavera\/\",\"name\":\"Colegio Misioneras de la Providencia Talavera de la Reina\",\"description\":\"Web del colegio Misioneras de la Providencia de Talavera de la Reina\",\"publisher\":{\"@id\":\"https:\/\/buenartevisual.com\/colegiotalavera\/#organization\"},\"potentialAction\":[{\"@type\":\"SearchAction\",\"target\":{\"@type\":\"EntryPoint\",\"urlTemplate\":\"https:\/\/buenartevisual.com\/colegiotalavera\/?s={search_term_string}\"},\"query-input\":{\"@type\":\"PropertyValueSpecification\",\"valueRequired\":true,\"valueName\":\"search_term_string\"}}],\"inLanguage\":\"es\"},{\"@type\":\"Organization\",\"@id\":\"https:\/\/buenartevisual.com\/colegiotalavera\/#organization\",\"name\":\"Colegio Misioneras de la Providencia Talavera de la Reina\",\"url\":\"https:\/\/buenartevisual.com\/colegiotalavera\/\",\"logo\":{\"@type\":\"ImageObject\",\"inLanguage\":\"es\",\"@id\":\"https:\/\/buenartevisual.com\/colegiotalavera\/#\/schema\/logo\/image\/\",\"url\":\"https:\/\/buenartevisual.com\/colegiotalavera\/wp-content\/uploads\/2025\/10\/logo-misioneras-talavera.png\",\"contentUrl\":\"https:\/\/buenartevisual.com\/colegiotalavera\/wp-content\/uploads\/2025\/10\/logo-misioneras-talavera.png\",\"width\":447,\"height\":142,\"caption\":\"Colegio Misioneras de la Providencia Talavera de la Reina\"},\"image\":{\"@id\":\"https:\/\/buenartevisual.com\/colegiotalavera\/#\/schema\/logo\/image\/\"}},{\"@type\":\"Person\",\"@id\":\"https:\/\/buenartevisual.com\/colegiotalavera\/#\/schema\/person\/ad110da6625b9c32f15289014f79a069\",\"name\":\"Superadministrador\",\"image\":{\"@type\":\"ImageObject\",\"inLanguage\":\"es\",\"@id\":\"https:\/\/buenartevisual.com\/colegiotalavera\/#\/schema\/person\/image\/\",\"url\":\"https:\/\/secure.gravatar.com\/avatar\/df06c07e05e61dc70ae539d53ff0cc8942dab6bad37c86f1ad69468b5c4fa9c6?s=80&d=mm&r=g\",\"contentUrl\":\"https:\/\/secure.gravatar.com\/avatar\/df06c07e05e61dc70ae539d53ff0cc8942dab6bad37c86f1ad69468b5c4fa9c6?s=80&d=mm&r=g\",\"caption\":\"Superadministrador\"},\"sameAs\":[\"https:\/\/buenartevisual.com\/colegiotalavera\"],\"url\":\"https:\/\/buenartevisual.com\/colegiotalavera\/author\/superadministrador\/\"}]}<\/script>\n<!-- \/ Yoast SEO plugin. -->","yoast_head_json":{"title":"Desfile procesional de la Virgen del Prado, con motivo del Jubileo de la Esperanza - Colegio Misioneras de la Providencia Talavera de la Reina","robots":{"index":"noindex","follow":"follow","max-snippet":"max-snippet:-1","max-image-preview":"max-image-preview:large","max-video-preview":"max-video-preview:-1"},"og_locale":"es_ES","og_type":"article","og_title":"Desfile procesional de la Virgen del Prado, con motivo del Jubileo de la Esperanza - Colegio Misioneras de la Providencia Talavera de la Reina","og_description":"Con motivo del Jubileo de la Esperanza, este viernes, 30 de mayo, a las 18:30, tendr\u00e1 lugar la\u00a0Bajada de la Virgen del Prado. Tras el rezo del santo rosario (a las 19:00) y la Santa Misa de acci\u00f3n de gracias por el 68\u00ba aniversario de la Coronaci\u00f3n de la Virgen del Prado, que dar\u00e1 inicio [&hellip;]","og_url":"https:\/\/buenartevisual.com\/colegiotalavera\/2025\/05\/30\/desfile-procesional-de-la-virgen-del-prado-con-motivo-del-jubileo-de-la-esperanza\/","og_site_name":"Colegio Misioneras de la Providencia Talavera de la Reina","article_published_time":"2025-05-30T15:03:50+00:00","author":"Superadministrador","twitter_card":"summary_large_image","twitter_misc":{"Escrito por":"Superadministrador","Tiempo de lectura":"2 minutos"},"schema":{"@context":"https:\/\/schema.org","@graph":[{"@type":"Article","@id":"https:\/\/buenartevisual.com\/colegiotalavera\/2025\/05\/30\/desfile-procesional-de-la-virgen-del-prado-con-motivo-del-jubileo-de-la-esperanza\/#article","isPartOf":{"@id":"https:\/\/buenartevisual.com\/colegiotalavera\/2025\/05\/30\/desfile-procesional-de-la-virgen-del-prado-con-motivo-del-jubileo-de-la-esperanza\/"},"author":{"name":"Superadministrador","@id":"https:\/\/buenartevisual.com\/colegiotalavera\/#\/schema\/person\/ad110da6625b9c32f15289014f79a069"},"headline":"Desfile procesional de la Virgen del Prado, con motivo del Jubileo de la Esperanza","datePublished":"2025-05-30T15:03:50+00:00","mainEntityOfPage":{"@id":"https:\/\/buenartevisual.com\/colegiotalavera\/2025\/05\/30\/desfile-procesional-de-la-virgen-del-prado-con-motivo-del-jubileo-de-la-esperanza\/"},"wordCount":309,"publisher":{"@id":"https:\/\/buenartevisual.com\/colegiotalavera\/#organization"},"image":{"@id":"https:\/\/buenartevisual.com\/colegiotalavera\/2025\/05\/30\/desfile-procesional-de-la-virgen-del-prado-con-motivo-del-jubileo-de-la-esperanza\/#primaryimage"},"thumbnailUrl":"","keywords":["Actividades","Congregaci\u00f3n","Cristianismo","D\u00edas especiales","familias","Oraci\u00f3n","Talavera de la Reina","tradiciones"],"articleSection":["Pastoral del colegio"],"inLanguage":"es"},{"@type":"WebPage","@id":"https:\/\/buenartevisual.com\/colegiotalavera\/2025\/05\/30\/desfile-procesional-de-la-virgen-del-prado-con-motivo-del-jubileo-de-la-esperanza\/","url":"https:\/\/buenartevisual.com\/colegiotalavera\/2025\/05\/30\/desfile-procesional-de-la-virgen-del-prado-con-motivo-del-jubileo-de-la-esperanza\/","name":"Desfile procesional de la Virgen del Prado, con motivo del Jubileo de la Esperanza - Colegio Misioneras de la Providencia Talavera de la Reina","isPartOf":{"@id":"https:\/\/buenartevisual.com\/colegiotalavera\/#website"},"primaryImageOfPage":{"@id":"https:\/\/buenartevisual.com\/colegiotalavera\/2025\/05\/30\/desfile-procesional-de-la-virgen-del-prado-con-motivo-del-jubileo-de-la-esperanza\/#primaryimage"},"image":{"@id":"https:\/\/buenartevisual.com\/colegiotalavera\/2025\/05\/30\/desfile-procesional-de-la-virgen-del-prado-con-motivo-del-jubileo-de-la-esperanza\/#primaryimage"},"thumbnailUrl":"","datePublished":"2025-05-30T15:03:50+00:00","breadcrumb":{"@id":"https:\/\/buenartevisual.com\/colegiotalavera\/2025\/05\/30\/desfile-procesional-de-la-virgen-del-prado-con-motivo-del-jubileo-de-la-esperanza\/#breadcrumb"},"inLanguage":"es","potentialAction":[{"@type":"ReadAction","target":["https:\/\/buenartevisual.com\/colegiotalavera\/2025\/05\/30\/desfile-procesional-de-la-virgen-del-prado-con-motivo-del-jubileo-de-la-esperanza\/"]}]},{"@type":"ImageObject","inLanguage":"es","@id":"https:\/\/buenartevisual.com\/colegiotalavera\/2025\/05\/30\/desfile-procesional-de-la-virgen-del-prado-con-motivo-del-jubileo-de-la-esperanza\/#primaryimage","url":"","contentUrl":""},{"@type":"BreadcrumbList","@id":"https:\/\/buenartevisual.com\/colegiotalavera\/2025\/05\/30\/desfile-procesional-de-la-virgen-del-prado-con-motivo-del-jubileo-de-la-esperanza\/#breadcrumb","itemListElement":[{"@type":"ListItem","position":1,"name":"Portada","item":"https:\/\/buenartevisual.com\/colegiotalavera\/"},{"@type":"ListItem","position":2,"name":"Desfile procesional de la Virgen del Prado, con motivo del Jubileo de la Esperanza"}]},{"@type":"WebSite","@id":"https:\/\/buenartevisual.com\/colegiotalavera\/#website","url":"https:\/\/buenartevisual.com\/colegiotalavera\/","name":"Colegio Misioneras de la Providencia Talavera de la Reina","description":"Web del colegio Misioneras de la Providencia de Talavera de la Reina","publisher":{"@id":"https:\/\/buenartevisual.com\/colegiotalavera\/#organization"},"potentialAction":[{"@type":"SearchAction","target":{"@type":"EntryPoint","urlTemplate":"https:\/\/buenartevisual.com\/colegiotalavera\/?s={search_term_string}"},"query-input":{"@type":"PropertyValueSpecification","valueRequired":true,"valueName":"search_term_string"}}],"inLanguage":"es"},{"@type":"Organization","@id":"https:\/\/buenartevisual.com\/colegiotalavera\/#organization","name":"Colegio Misioneras de la Providencia Talavera de la Reina","url":"https:\/\/buenartevisual.com\/colegiotalavera\/","logo":{"@type":"ImageObject","inLanguage":"es","@id":"https:\/\/buenartevisual.com\/colegiotalavera\/#\/schema\/logo\/image\/","url":"https:\/\/buenartevisual.com\/colegiotalavera\/wp-content\/uploads\/2025\/10\/logo-misioneras-talavera.png","contentUrl":"https:\/\/buenartevisual.com\/colegiotalavera\/wp-content\/uploads\/2025\/10\/logo-misioneras-talavera.png","width":447,"height":142,"caption":"Colegio Misioneras de la Providencia Talavera de la Reina"},"image":{"@id":"https:\/\/buenartevisual.com\/colegiotalavera\/#\/schema\/logo\/image\/"}},{"@type":"Person","@id":"https:\/\/buenartevisual.com\/colegiotalavera\/#\/schema\/person\/ad110da6625b9c32f15289014f79a069","name":"Superadministrador","image":{"@type":"ImageObject","inLanguage":"es","@id":"https:\/\/buenartevisual.com\/colegiotalavera\/#\/schema\/person\/image\/","url":"https:\/\/secure.gravatar.com\/avatar\/df06c07e05e61dc70ae539d53ff0cc8942dab6bad37c86f1ad69468b5c4fa9c6?s=80&d=mm&r=g","contentUrl":"https:\/\/secure.gravatar.com\/avatar\/df06c07e05e61dc70ae539d53ff0cc8942dab6bad37c86f1ad69468b5c4fa9c6?s=80&d=mm&r=g","caption":"Superadministrador"},"sameAs":["https:\/\/buenartevisual.com\/colegiotalavera"],"url":"https:\/\/buenartevisual.com\/colegiotalavera\/author\/superadministrador\/"}]}},"_links":{"self":[{"href":"https:\/\/buenartevisual.com\/colegiotalavera\/wp-json\/wp\/v2\/posts\/13727","targetHints":{"allow":["GET"]}}],"collection":[{"href":"https:\/\/buenartevisual.com\/colegiotalavera\/wp-json\/wp\/v2\/posts"}],"about":[{"href":"https:\/\/buenartevisual.com\/colegiotalavera\/wp-json\/wp\/v2\/types\/post"}],"author":[{"embeddable":true,"href":"https:\/\/buenartevisual.com\/colegiotalavera\/wp-json\/wp\/v2\/users\/1"}],"replies":[{"embeddable":true,"href":"https:\/\/buenartevisual.com\/colegiotalavera\/wp-json\/wp\/v2\/comments?post=13727"}],"version-history":[{"count":0,"href":"https:\/\/buenartevisual.com\/colegiotalavera\/wp-json\/wp\/v2\/posts\/13727\/revisions"}],"wp:featuredmedia":[{"embeddable":true,"href":"https:\/\/buenartevisual.com\/colegiotalavera\/wp-json\/"}],"wp:attachment":[{"href":"https:\/\/buenartevisual.com\/colegiotalavera\/wp-json\/wp\/v2\/media?parent=13727"}],"wp:term":[{"taxonomy":"category","embeddable":true,"href":"https:\/\/buenartevisual.com\/colegiotalavera\/wp-json\/wp\/v2\/categories?post=13727"},{"taxonomy":"post_tag","embeddable":true,"href":"https:\/\/buenartevisual.com\/colegiotalavera\/wp-json\/wp\/v2\/tags?post=13727"}],"curies":[{"name":"wp","href":"https:\/\/api.w.org\/{rel}","templated":true}]}}