{"id":13600,"date":"2025-05-13T17:17:04","date_gmt":"2025-05-13T15:17:04","guid":{"rendered":"https:\/\/misionerastalavera.es\/?p=13600"},"modified":"2025-05-13T17:17:04","modified_gmt":"2025-05-13T15:17:04","slug":"excursion-al-parque-europa-organizada-por-la-ampa","status":"publish","type":"post","link":"https:\/\/buenartevisual.com\/colegiotalavera\/2025\/05\/13\/excursion-al-parque-europa-organizada-por-la-ampa\/","title":{"rendered":"Excursi\u00f3n al Parque Europa organizada por la AMPA"},"content":{"rendered":"<div class=\"fb-post\" data-href=\"https:\/\/www.facebook.com\/misionerastalavera\/posts\/pfbid02HEQA2XenmMMxEyFe5avJAbT8dPNyonCMHg5GJReMfB9JD2aAKRuN9hjrbK4YsPWil?__cft__[0]=AZWwpI9MVrsL_1YX2Ij8ersHVhA4tRtMr7ZVWd8zAg0pEW4ryCmiRbgkGEsEtSl27CCrTYC7G4lU6xHXw508LSeY9Gslk4fEnoiiuHDMk1VOaizNrKjkTJ-y0_l0OFqfi9fp7UmrV0_Ll08pmwjvRUXbpn6pUoF0-LIWXAsqnmPnoSOsvCPGGJWcbHw7UDENNzaz3dJdFqBIG3WHpcgWYIi4zZUymlxYGQHwN5zPVUhQbw&amp;__tn__=%2CO%2CP-R\" data-width=\"500\">La Asociaci\u00f3n de Madres y Padres de Alumnos convoca a toda la comunidad educativa a una excursi\u00f3n al Parque Europa (Torrej\u00f3n de Ardoz) el d\u00eda 31 de mayo. \u00a1Plazo l\u00edmite para apuntarse (en Conserjer\u00eda) el d\u00eda 23 de mayo! \u00a1\u00a1\u00a1No os la perd\u00e1is!!!<\/div>\n<p>&nbsp;<\/p>\n","protected":false},"excerpt":{"rendered":"<p>La Asociaci\u00f3n de Madres y Padres de Alumnos convoca a toda la comunidad educativa a una excursi\u00f3n al Parque Europa (Torrej\u00f3n de Ardoz) el d\u00eda 31 de mayo. \u00a1Plazo l\u00edmite para apuntarse (en Conserjer\u00eda) el d\u00eda 23 de mayo! \u00a1\u00a1\u00a1No os la perd\u00e1is!!! &nbsp;<\/p>\n","protected":false},"author":1,"featured_media":13621,"comment_status":"closed","ping_status":"open","sticky":false,"template":"","format":"standard","meta":{"footnotes":""},"categories":[309],"tags":[306,313,310,272,311,257],"class_list":["post-13600","post","type-post","status-publish","format-standard","has-post-thumbnail","hentry","category-ampa","tag-actividades","tag-alumnos","tag-ampa","tag-convivencia","tag-excursion","tag-familias"],"yoast_head":"<!-- This site is optimized with the Yoast SEO plugin v26.5 - https:\/\/yoast.com\/wordpress\/plugins\/seo\/ -->\n<title>Excursi\u00f3n al Parque Europa organizada por la AMPA - Colegio Misioneras de la Providencia Talavera de la Reina<\/title>\n<meta name=\"robots\" content=\"noindex, follow, max-snippet:-1, max-image-preview:large, max-video-preview:-1\" \/>\n<meta property=\"og:locale\" content=\"es_ES\" \/>\n<meta property=\"og:type\" content=\"article\" \/>\n<meta property=\"og:title\" content=\"Excursi\u00f3n al Parque Europa organizada por la AMPA - Colegio Misioneras de la Providencia Talavera de la Reina\" \/>\n<meta property=\"og:description\" content=\"La Asociaci\u00f3n de Madres y Padres de Alumnos convoca a toda la comunidad educativa a una excursi\u00f3n al Parque Europa (Torrej\u00f3n de Ardoz) el d\u00eda 31 de mayo. \u00a1Plazo l\u00edmite para apuntarse (en Conserjer\u00eda) el d\u00eda 23 de mayo! \u00a1\u00a1\u00a1No os la perd\u00e1is!!! &nbsp;\" \/>\n<meta property=\"og:url\" content=\"https:\/\/buenartevisual.com\/colegiotalavera\/2025\/05\/13\/excursion-al-parque-europa-organizada-por-la-ampa\/\" \/>\n<meta property=\"og:site_name\" content=\"Colegio Misioneras de la Providencia Talavera de la Reina\" \/>\n<meta property=\"article:published_time\" content=\"2025-05-13T15:17:04+00:00\" \/>\n<meta name=\"author\" content=\"Superadministrador\" \/>\n<meta name=\"twitter:card\" content=\"summary_large_image\" \/>\n<meta name=\"twitter:label1\" content=\"Escrito por\" \/>\n\t<meta name=\"twitter:data1\" content=\"Superadministrador\" \/>\n\t<meta name=\"twitter:label2\" content=\"Tiempo de lectura\" \/>\n\t<meta name=\"twitter:data2\" content=\"1 minuto\" \/>\n<script type=\"application\/ld+json\" class=\"yoast-schema-graph\">{\"@context\":\"https:\/\/schema.org\",\"@graph\":[{\"@type\":\"Article\",\"@id\":\"https:\/\/buenartevisual.com\/colegiotalavera\/2025\/05\/13\/excursion-al-parque-europa-organizada-por-la-ampa\/#article\",\"isPartOf\":{\"@id\":\"https:\/\/buenartevisual.com\/colegiotalavera\/2025\/05\/13\/excursion-al-parque-europa-organizada-por-la-ampa\/\"},\"author\":{\"name\":\"Superadministrador\",\"@id\":\"https:\/\/buenartevisual.com\/colegiotalavera\/#\/schema\/person\/ad110da6625b9c32f15289014f79a069\"},\"headline\":\"Excursi\u00f3n al Parque Europa organizada por la AMPA\",\"datePublished\":\"2025-05-13T15:17:04+00:00\",\"mainEntityOfPage\":{\"@id\":\"https:\/\/buenartevisual.com\/colegiotalavera\/2025\/05\/13\/excursion-al-parque-europa-organizada-por-la-ampa\/\"},\"wordCount\":59,\"publisher\":{\"@id\":\"https:\/\/buenartevisual.com\/colegiotalavera\/#organization\"},\"image\":{\"@id\":\"https:\/\/buenartevisual.com\/colegiotalavera\/2025\/05\/13\/excursion-al-parque-europa-organizada-por-la-ampa\/#primaryimage\"},\"thumbnailUrl\":\"\",\"keywords\":[\"Actividades\",\"alumnos\",\"AMPA\",\"Convivencia\",\"Excursi\u00f3n\",\"familias\"],\"articleSection\":[\"AMPA\"],\"inLanguage\":\"es\"},{\"@type\":\"WebPage\",\"@id\":\"https:\/\/buenartevisual.com\/colegiotalavera\/2025\/05\/13\/excursion-al-parque-europa-organizada-por-la-ampa\/\",\"url\":\"https:\/\/buenartevisual.com\/colegiotalavera\/2025\/05\/13\/excursion-al-parque-europa-organizada-por-la-ampa\/\",\"name\":\"Excursi\u00f3n al Parque Europa organizada por la AMPA - Colegio Misioneras de la Providencia Talavera de la Reina\",\"isPartOf\":{\"@id\":\"https:\/\/buenartevisual.com\/colegiotalavera\/#website\"},\"primaryImageOfPage\":{\"@id\":\"https:\/\/buenartevisual.com\/colegiotalavera\/2025\/05\/13\/excursion-al-parque-europa-organizada-por-la-ampa\/#primaryimage\"},\"image\":{\"@id\":\"https:\/\/buenartevisual.com\/colegiotalavera\/2025\/05\/13\/excursion-al-parque-europa-organizada-por-la-ampa\/#primaryimage\"},\"thumbnailUrl\":\"\",\"datePublished\":\"2025-05-13T15:17:04+00:00\",\"breadcrumb\":{\"@id\":\"https:\/\/buenartevisual.com\/colegiotalavera\/2025\/05\/13\/excursion-al-parque-europa-organizada-por-la-ampa\/#breadcrumb\"},\"inLanguage\":\"es\",\"potentialAction\":[{\"@type\":\"ReadAction\",\"target\":[\"https:\/\/buenartevisual.com\/colegiotalavera\/2025\/05\/13\/excursion-al-parque-europa-organizada-por-la-ampa\/\"]}]},{\"@type\":\"ImageObject\",\"inLanguage\":\"es\",\"@id\":\"https:\/\/buenartevisual.com\/colegiotalavera\/2025\/05\/13\/excursion-al-parque-europa-organizada-por-la-ampa\/#primaryimage\",\"url\":\"\",\"contentUrl\":\"\"},{\"@type\":\"BreadcrumbList\",\"@id\":\"https:\/\/buenartevisual.com\/colegiotalavera\/2025\/05\/13\/excursion-al-parque-europa-organizada-por-la-ampa\/#breadcrumb\",\"itemListElement\":[{\"@type\":\"ListItem\",\"position\":1,\"name\":\"Portada\",\"item\":\"https:\/\/buenartevisual.com\/colegiotalavera\/\"},{\"@type\":\"ListItem\",\"position\":2,\"name\":\"Excursi\u00f3n al Parque Europa organizada por la AMPA\"}]},{\"@type\":\"WebSite\",\"@id\":\"https:\/\/buenartevisual.com\/colegiotalavera\/#website\",\"url\":\"https:\/\/buenartevisual.com\/colegiotalavera\/\",\"name\":\"Colegio Misioneras de la Providencia Talavera de la Reina\",\"description\":\"Web del colegio Misioneras de la Providencia de Talavera de la Reina\",\"publisher\":{\"@id\":\"https:\/\/buenartevisual.com\/colegiotalavera\/#organization\"},\"potentialAction\":[{\"@type\":\"SearchAction\",\"target\":{\"@type\":\"EntryPoint\",\"urlTemplate\":\"https:\/\/buenartevisual.com\/colegiotalavera\/?s={search_term_string}\"},\"query-input\":{\"@type\":\"PropertyValueSpecification\",\"valueRequired\":true,\"valueName\":\"search_term_string\"}}],\"inLanguage\":\"es\"},{\"@type\":\"Organization\",\"@id\":\"https:\/\/buenartevisual.com\/colegiotalavera\/#organization\",\"name\":\"Colegio Misioneras de la Providencia Talavera de la Reina\",\"url\":\"https:\/\/buenartevisual.com\/colegiotalavera\/\",\"logo\":{\"@type\":\"ImageObject\",\"inLanguage\":\"es\",\"@id\":\"https:\/\/buenartevisual.com\/colegiotalavera\/#\/schema\/logo\/image\/\",\"url\":\"https:\/\/buenartevisual.com\/colegiotalavera\/wp-content\/uploads\/2025\/10\/logo-misioneras-talavera.png\",\"contentUrl\":\"https:\/\/buenartevisual.com\/colegiotalavera\/wp-content\/uploads\/2025\/10\/logo-misioneras-talavera.png\",\"width\":447,\"height\":142,\"caption\":\"Colegio Misioneras de la Providencia Talavera de la Reina\"},\"image\":{\"@id\":\"https:\/\/buenartevisual.com\/colegiotalavera\/#\/schema\/logo\/image\/\"}},{\"@type\":\"Person\",\"@id\":\"https:\/\/buenartevisual.com\/colegiotalavera\/#\/schema\/person\/ad110da6625b9c32f15289014f79a069\",\"name\":\"Superadministrador\",\"image\":{\"@type\":\"ImageObject\",\"inLanguage\":\"es\",\"@id\":\"https:\/\/buenartevisual.com\/colegiotalavera\/#\/schema\/person\/image\/\",\"url\":\"https:\/\/secure.gravatar.com\/avatar\/df06c07e05e61dc70ae539d53ff0cc8942dab6bad37c86f1ad69468b5c4fa9c6?s=80&d=mm&r=g\",\"contentUrl\":\"https:\/\/secure.gravatar.com\/avatar\/df06c07e05e61dc70ae539d53ff0cc8942dab6bad37c86f1ad69468b5c4fa9c6?s=80&d=mm&r=g\",\"caption\":\"Superadministrador\"},\"sameAs\":[\"https:\/\/buenartevisual.com\/colegiotalavera\"],\"url\":\"https:\/\/buenartevisual.com\/colegiotalavera\/author\/superadministrador\/\"}]}<\/script>\n<!-- \/ Yoast SEO plugin. -->","yoast_head_json":{"title":"Excursi\u00f3n al Parque Europa organizada por la AMPA - Colegio Misioneras de la Providencia Talavera de la Reina","robots":{"index":"noindex","follow":"follow","max-snippet":"max-snippet:-1","max-image-preview":"max-image-preview:large","max-video-preview":"max-video-preview:-1"},"og_locale":"es_ES","og_type":"article","og_title":"Excursi\u00f3n al Parque Europa organizada por la AMPA - Colegio Misioneras de la Providencia Talavera de la Reina","og_description":"La Asociaci\u00f3n de Madres y Padres de Alumnos convoca a toda la comunidad educativa a una excursi\u00f3n al Parque Europa (Torrej\u00f3n de Ardoz) el d\u00eda 31 de mayo. \u00a1Plazo l\u00edmite para apuntarse (en Conserjer\u00eda) el d\u00eda 23 de mayo! \u00a1\u00a1\u00a1No os la perd\u00e1is!!! &nbsp;","og_url":"https:\/\/buenartevisual.com\/colegiotalavera\/2025\/05\/13\/excursion-al-parque-europa-organizada-por-la-ampa\/","og_site_name":"Colegio Misioneras de la Providencia Talavera de la Reina","article_published_time":"2025-05-13T15:17:04+00:00","author":"Superadministrador","twitter_card":"summary_large_image","twitter_misc":{"Escrito por":"Superadministrador","Tiempo de lectura":"1 minuto"},"schema":{"@context":"https:\/\/schema.org","@graph":[{"@type":"Article","@id":"https:\/\/buenartevisual.com\/colegiotalavera\/2025\/05\/13\/excursion-al-parque-europa-organizada-por-la-ampa\/#article","isPartOf":{"@id":"https:\/\/buenartevisual.com\/colegiotalavera\/2025\/05\/13\/excursion-al-parque-europa-organizada-por-la-ampa\/"},"author":{"name":"Superadministrador","@id":"https:\/\/buenartevisual.com\/colegiotalavera\/#\/schema\/person\/ad110da6625b9c32f15289014f79a069"},"headline":"Excursi\u00f3n al Parque Europa organizada por la AMPA","datePublished":"2025-05-13T15:17:04+00:00","mainEntityOfPage":{"@id":"https:\/\/buenartevisual.com\/colegiotalavera\/2025\/05\/13\/excursion-al-parque-europa-organizada-por-la-ampa\/"},"wordCount":59,"publisher":{"@id":"https:\/\/buenartevisual.com\/colegiotalavera\/#organization"},"image":{"@id":"https:\/\/buenartevisual.com\/colegiotalavera\/2025\/05\/13\/excursion-al-parque-europa-organizada-por-la-ampa\/#primaryimage"},"thumbnailUrl":"","keywords":["Actividades","alumnos","AMPA","Convivencia","Excursi\u00f3n","familias"],"articleSection":["AMPA"],"inLanguage":"es"},{"@type":"WebPage","@id":"https:\/\/buenartevisual.com\/colegiotalavera\/2025\/05\/13\/excursion-al-parque-europa-organizada-por-la-ampa\/","url":"https:\/\/buenartevisual.com\/colegiotalavera\/2025\/05\/13\/excursion-al-parque-europa-organizada-por-la-ampa\/","name":"Excursi\u00f3n al Parque Europa organizada por la AMPA - Colegio Misioneras de la Providencia Talavera de la Reina","isPartOf":{"@id":"https:\/\/buenartevisual.com\/colegiotalavera\/#website"},"primaryImageOfPage":{"@id":"https:\/\/buenartevisual.com\/colegiotalavera\/2025\/05\/13\/excursion-al-parque-europa-organizada-por-la-ampa\/#primaryimage"},"image":{"@id":"https:\/\/buenartevisual.com\/colegiotalavera\/2025\/05\/13\/excursion-al-parque-europa-organizada-por-la-ampa\/#primaryimage"},"thumbnailUrl":"","datePublished":"2025-05-13T15:17:04+00:00","breadcrumb":{"@id":"https:\/\/buenartevisual.com\/colegiotalavera\/2025\/05\/13\/excursion-al-parque-europa-organizada-por-la-ampa\/#breadcrumb"},"inLanguage":"es","potentialAction":[{"@type":"ReadAction","target":["https:\/\/buenartevisual.com\/colegiotalavera\/2025\/05\/13\/excursion-al-parque-europa-organizada-por-la-ampa\/"]}]},{"@type":"ImageObject","inLanguage":"es","@id":"https:\/\/buenartevisual.com\/colegiotalavera\/2025\/05\/13\/excursion-al-parque-europa-organizada-por-la-ampa\/#primaryimage","url":"","contentUrl":""},{"@type":"BreadcrumbList","@id":"https:\/\/buenartevisual.com\/colegiotalavera\/2025\/05\/13\/excursion-al-parque-europa-organizada-por-la-ampa\/#breadcrumb","itemListElement":[{"@type":"ListItem","position":1,"name":"Portada","item":"https:\/\/buenartevisual.com\/colegiotalavera\/"},{"@type":"ListItem","position":2,"name":"Excursi\u00f3n al Parque Europa organizada por la AMPA"}]},{"@type":"WebSite","@id":"https:\/\/buenartevisual.com\/colegiotalavera\/#website","url":"https:\/\/buenartevisual.com\/colegiotalavera\/","name":"Colegio Misioneras de la Providencia Talavera de la Reina","description":"Web del colegio Misioneras de la Providencia de Talavera de la Reina","publisher":{"@id":"https:\/\/buenartevisual.com\/colegiotalavera\/#organization"},"potentialAction":[{"@type":"SearchAction","target":{"@type":"EntryPoint","urlTemplate":"https:\/\/buenartevisual.com\/colegiotalavera\/?s={search_term_string}"},"query-input":{"@type":"PropertyValueSpecification","valueRequired":true,"valueName":"search_term_string"}}],"inLanguage":"es"},{"@type":"Organization","@id":"https:\/\/buenartevisual.com\/colegiotalavera\/#organization","name":"Colegio Misioneras de la Providencia Talavera de la Reina","url":"https:\/\/buenartevisual.com\/colegiotalavera\/","logo":{"@type":"ImageObject","inLanguage":"es","@id":"https:\/\/buenartevisual.com\/colegiotalavera\/#\/schema\/logo\/image\/","url":"https:\/\/buenartevisual.com\/colegiotalavera\/wp-content\/uploads\/2025\/10\/logo-misioneras-talavera.png","contentUrl":"https:\/\/buenartevisual.com\/colegiotalavera\/wp-content\/uploads\/2025\/10\/logo-misioneras-talavera.png","width":447,"height":142,"caption":"Colegio Misioneras de la Providencia Talavera de la Reina"},"image":{"@id":"https:\/\/buenartevisual.com\/colegiotalavera\/#\/schema\/logo\/image\/"}},{"@type":"Person","@id":"https:\/\/buenartevisual.com\/colegiotalavera\/#\/schema\/person\/ad110da6625b9c32f15289014f79a069","name":"Superadministrador","image":{"@type":"ImageObject","inLanguage":"es","@id":"https:\/\/buenartevisual.com\/colegiotalavera\/#\/schema\/person\/image\/","url":"https:\/\/secure.gravatar.com\/avatar\/df06c07e05e61dc70ae539d53ff0cc8942dab6bad37c86f1ad69468b5c4fa9c6?s=80&d=mm&r=g","contentUrl":"https:\/\/secure.gravatar.com\/avatar\/df06c07e05e61dc70ae539d53ff0cc8942dab6bad37c86f1ad69468b5c4fa9c6?s=80&d=mm&r=g","caption":"Superadministrador"},"sameAs":["https:\/\/buenartevisual.com\/colegiotalavera"],"url":"https:\/\/buenartevisual.com\/colegiotalavera\/author\/superadministrador\/"}]}},"_links":{"self":[{"href":"https:\/\/buenartevisual.com\/colegiotalavera\/wp-json\/wp\/v2\/posts\/13600","targetHints":{"allow":["GET"]}}],"collection":[{"href":"https:\/\/buenartevisual.com\/colegiotalavera\/wp-json\/wp\/v2\/posts"}],"about":[{"href":"https:\/\/buenartevisual.com\/colegiotalavera\/wp-json\/wp\/v2\/types\/post"}],"author":[{"embeddable":true,"href":"https:\/\/buenartevisual.com\/colegiotalavera\/wp-json\/wp\/v2\/users\/1"}],"replies":[{"embeddable":true,"href":"https:\/\/buenartevisual.com\/colegiotalavera\/wp-json\/wp\/v2\/comments?post=13600"}],"version-history":[{"count":0,"href":"https:\/\/buenartevisual.com\/colegiotalavera\/wp-json\/wp\/v2\/posts\/13600\/revisions"}],"wp:featuredmedia":[{"embeddable":true,"href":"https:\/\/buenartevisual.com\/colegiotalavera\/wp-json\/"}],"wp:attachment":[{"href":"https:\/\/buenartevisual.com\/colegiotalavera\/wp-json\/wp\/v2\/media?parent=13600"}],"wp:term":[{"taxonomy":"category","embeddable":true,"href":"https:\/\/buenartevisual.com\/colegiotalavera\/wp-json\/wp\/v2\/categories?post=13600"},{"taxonomy":"post_tag","embeddable":true,"href":"https:\/\/buenartevisual.com\/colegiotalavera\/wp-json\/wp\/v2\/tags?post=13600"}],"curies":[{"name":"wp","href":"https:\/\/api.w.org\/{rel}","templated":true}]}}