{"id":13537,"date":"2025-04-29T11:58:16","date_gmt":"2025-04-29T09:58:16","guid":{"rendered":"https:\/\/misionerastalavera.es\/?p=13537"},"modified":"2025-04-29T11:58:16","modified_gmt":"2025-04-29T09:58:16","slug":"comunicado-del-consejero-de-educacion","status":"publish","type":"post","link":"https:\/\/buenartevisual.com\/colegiotalavera\/2025\/04\/29\/comunicado-del-consejero-de-educacion\/","title":{"rendered":"Comunicado del Consejero de Educaci\u00f3n sobre la reanudaci\u00f3n de las clases ma\u00f1ana 30 de abril"},"content":{"rendered":"<p>Ma\u00f1ana se retoma la actividad docente en toda Castilla-La Mancha, seg\u00fan ha declarado el Consejero de Educaci\u00f3n hace unos minutos. Estas son sus palabras:<\/p>\n<p>\u00ab<span class=\"css-901oao css-16my406 r-poiln3 r-bcqeeo r-qvutc0\">Esta tarde recuperamos la actividad docente en los centros educativos de <\/span><span class=\"r-18u37iz\"><a class=\"css-4rbku5 css-18t94o4 css-901oao css-16my406 r-1loqt21 r-poiln3 r-bcqeeo r-qvutc0\" dir=\"ltr\" role=\"link\" href=\"https:\/\/twitter.com\/hashtag\/CLM?ref_src=twsrc%5Etfw%7Ctwcamp%5Etweetembed%7Ctwterm%5E1917132877130563638%7Ctwgr%5E9a41a598f3d348c8521f26da8cc71def47b1a839%7Ctwcon%5Es1_&amp;ref_url=https%3A%2F%2Fwww.educa.jccm.es%2Fes%2Fnoticias%2Fsuspende-actividad-lectiva-horario-manana-29-04-2025&amp;src=hashtag_click\" target=\"_blank\" rel=\"noopener noreferrer nofollow\">#CLM<\/a><\/span><span class=\"css-901oao css-16my406 r-poiln3 r-bcqeeo r-qvutc0\">. Tras la reuni\u00f3n del Cecopi, decidimos retomar las clases con normalidad. Agradezco el esfuerzo de toda la comunidad educativa y su compromiso con las familias en esta situaci\u00f3n excepcional\u00bb.<\/span><\/p>\n<p>Por lo tanto ma\u00f1ana mi\u00e9rcoles, 30 de abril, se reanudar\u00e1n las clases con total normalidad tras la incidencia ocasionada por el apag\u00f3n el\u00e9ctrico.<\/p>\n<p>Lamentamos las molestias y el desconcierto que haya podido generar esta situaci\u00f3n excepcional. Agradecemos la comprensi\u00f3n y colaboraci\u00f3n de las familias en estos momentos.<\/p>\n<p>&nbsp;<\/p>\n","protected":false},"excerpt":{"rendered":"<p>Ma\u00f1ana se retoma la actividad docente en toda Castilla-La Mancha, seg\u00fan ha declarado el Consejero de Educaci\u00f3n hace unos minutos. Estas son sus palabras: \u00abEsta tarde recuperamos la actividad docente en los centros educativos de #CLM. Tras la reuni\u00f3n del Cecopi, decidimos retomar las clases con normalidad. Agradezco el esfuerzo de toda la comunidad educativa [&hellip;]<\/p>\n","protected":false},"author":1,"featured_media":13538,"comment_status":"closed","ping_status":"open","sticky":false,"template":"","format":"standard","meta":{"footnotes":""},"categories":[264],"tags":[313,354,259,257],"class_list":["post-13537","post","type-post","status-publish","format-standard","has-post-thumbnail","hentry","category-documentos","tag-alumnos","tag-comunicados","tag-educacion","tag-familias"],"yoast_head":"<!-- This site is optimized with the Yoast SEO plugin v26.5 - https:\/\/yoast.com\/wordpress\/plugins\/seo\/ -->\n<title>Comunicado del Consejero de Educaci\u00f3n sobre la reanudaci\u00f3n de las clases ma\u00f1ana 30 de abril - Colegio Misioneras de la Providencia Talavera de la Reina<\/title>\n<meta name=\"robots\" content=\"noindex, follow, max-snippet:-1, max-image-preview:large, max-video-preview:-1\" \/>\n<meta property=\"og:locale\" content=\"es_ES\" \/>\n<meta property=\"og:type\" content=\"article\" \/>\n<meta property=\"og:title\" content=\"Comunicado del Consejero de Educaci\u00f3n sobre la reanudaci\u00f3n de las clases ma\u00f1ana 30 de abril - Colegio Misioneras de la Providencia Talavera de la Reina\" \/>\n<meta property=\"og:description\" content=\"Ma\u00f1ana se retoma la actividad docente en toda Castilla-La Mancha, seg\u00fan ha declarado el Consejero de Educaci\u00f3n hace unos minutos. Estas son sus palabras: \u00abEsta tarde recuperamos la actividad docente en los centros educativos de #CLM. Tras la reuni\u00f3n del Cecopi, decidimos retomar las clases con normalidad. Agradezco el esfuerzo de toda la comunidad educativa [&hellip;]\" \/>\n<meta property=\"og:url\" content=\"https:\/\/buenartevisual.com\/colegiotalavera\/2025\/04\/29\/comunicado-del-consejero-de-educacion\/\" \/>\n<meta property=\"og:site_name\" content=\"Colegio Misioneras de la Providencia Talavera de la Reina\" \/>\n<meta property=\"article:published_time\" content=\"2025-04-29T09:58:16+00:00\" \/>\n<meta name=\"author\" content=\"Superadministrador\" \/>\n<meta name=\"twitter:card\" content=\"summary_large_image\" \/>\n<meta name=\"twitter:label1\" content=\"Escrito por\" \/>\n\t<meta name=\"twitter:data1\" content=\"Superadministrador\" \/>\n\t<meta name=\"twitter:label2\" content=\"Tiempo de lectura\" \/>\n\t<meta name=\"twitter:data2\" content=\"1 minuto\" \/>\n<script type=\"application\/ld+json\" class=\"yoast-schema-graph\">{\"@context\":\"https:\/\/schema.org\",\"@graph\":[{\"@type\":\"Article\",\"@id\":\"https:\/\/buenartevisual.com\/colegiotalavera\/2025\/04\/29\/comunicado-del-consejero-de-educacion\/#article\",\"isPartOf\":{\"@id\":\"https:\/\/buenartevisual.com\/colegiotalavera\/2025\/04\/29\/comunicado-del-consejero-de-educacion\/\"},\"author\":{\"name\":\"Superadministrador\",\"@id\":\"https:\/\/buenartevisual.com\/colegiotalavera\/#\/schema\/person\/ad110da6625b9c32f15289014f79a069\"},\"headline\":\"Comunicado del Consejero de Educaci\u00f3n sobre la reanudaci\u00f3n de las clases ma\u00f1ana 30 de abril\",\"datePublished\":\"2025-04-29T09:58:16+00:00\",\"mainEntityOfPage\":{\"@id\":\"https:\/\/buenartevisual.com\/colegiotalavera\/2025\/04\/29\/comunicado-del-consejero-de-educacion\/\"},\"wordCount\":142,\"publisher\":{\"@id\":\"https:\/\/buenartevisual.com\/colegiotalavera\/#organization\"},\"image\":{\"@id\":\"https:\/\/buenartevisual.com\/colegiotalavera\/2025\/04\/29\/comunicado-del-consejero-de-educacion\/#primaryimage\"},\"thumbnailUrl\":\"\",\"keywords\":[\"alumnos\",\"Comunicados\",\"educaci\u00f3n\",\"familias\"],\"articleSection\":[\"Documentos\"],\"inLanguage\":\"es\"},{\"@type\":\"WebPage\",\"@id\":\"https:\/\/buenartevisual.com\/colegiotalavera\/2025\/04\/29\/comunicado-del-consejero-de-educacion\/\",\"url\":\"https:\/\/buenartevisual.com\/colegiotalavera\/2025\/04\/29\/comunicado-del-consejero-de-educacion\/\",\"name\":\"Comunicado del Consejero de Educaci\u00f3n sobre la reanudaci\u00f3n de las clases ma\u00f1ana 30 de abril - Colegio Misioneras de la Providencia Talavera de la Reina\",\"isPartOf\":{\"@id\":\"https:\/\/buenartevisual.com\/colegiotalavera\/#website\"},\"primaryImageOfPage\":{\"@id\":\"https:\/\/buenartevisual.com\/colegiotalavera\/2025\/04\/29\/comunicado-del-consejero-de-educacion\/#primaryimage\"},\"image\":{\"@id\":\"https:\/\/buenartevisual.com\/colegiotalavera\/2025\/04\/29\/comunicado-del-consejero-de-educacion\/#primaryimage\"},\"thumbnailUrl\":\"\",\"datePublished\":\"2025-04-29T09:58:16+00:00\",\"breadcrumb\":{\"@id\":\"https:\/\/buenartevisual.com\/colegiotalavera\/2025\/04\/29\/comunicado-del-consejero-de-educacion\/#breadcrumb\"},\"inLanguage\":\"es\",\"potentialAction\":[{\"@type\":\"ReadAction\",\"target\":[\"https:\/\/buenartevisual.com\/colegiotalavera\/2025\/04\/29\/comunicado-del-consejero-de-educacion\/\"]}]},{\"@type\":\"ImageObject\",\"inLanguage\":\"es\",\"@id\":\"https:\/\/buenartevisual.com\/colegiotalavera\/2025\/04\/29\/comunicado-del-consejero-de-educacion\/#primaryimage\",\"url\":\"\",\"contentUrl\":\"\"},{\"@type\":\"BreadcrumbList\",\"@id\":\"https:\/\/buenartevisual.com\/colegiotalavera\/2025\/04\/29\/comunicado-del-consejero-de-educacion\/#breadcrumb\",\"itemListElement\":[{\"@type\":\"ListItem\",\"position\":1,\"name\":\"Portada\",\"item\":\"https:\/\/buenartevisual.com\/colegiotalavera\/\"},{\"@type\":\"ListItem\",\"position\":2,\"name\":\"Comunicado del Consejero de Educaci\u00f3n sobre la reanudaci\u00f3n de las clases ma\u00f1ana 30 de abril\"}]},{\"@type\":\"WebSite\",\"@id\":\"https:\/\/buenartevisual.com\/colegiotalavera\/#website\",\"url\":\"https:\/\/buenartevisual.com\/colegiotalavera\/\",\"name\":\"Colegio Misioneras de la Providencia Talavera de la Reina\",\"description\":\"Web del colegio Misioneras de la Providencia de Talavera de la Reina\",\"publisher\":{\"@id\":\"https:\/\/buenartevisual.com\/colegiotalavera\/#organization\"},\"potentialAction\":[{\"@type\":\"SearchAction\",\"target\":{\"@type\":\"EntryPoint\",\"urlTemplate\":\"https:\/\/buenartevisual.com\/colegiotalavera\/?s={search_term_string}\"},\"query-input\":{\"@type\":\"PropertyValueSpecification\",\"valueRequired\":true,\"valueName\":\"search_term_string\"}}],\"inLanguage\":\"es\"},{\"@type\":\"Organization\",\"@id\":\"https:\/\/buenartevisual.com\/colegiotalavera\/#organization\",\"name\":\"Colegio Misioneras de la Providencia Talavera de la Reina\",\"url\":\"https:\/\/buenartevisual.com\/colegiotalavera\/\",\"logo\":{\"@type\":\"ImageObject\",\"inLanguage\":\"es\",\"@id\":\"https:\/\/buenartevisual.com\/colegiotalavera\/#\/schema\/logo\/image\/\",\"url\":\"https:\/\/buenartevisual.com\/colegiotalavera\/wp-content\/uploads\/2025\/10\/logo-misioneras-talavera.png\",\"contentUrl\":\"https:\/\/buenartevisual.com\/colegiotalavera\/wp-content\/uploads\/2025\/10\/logo-misioneras-talavera.png\",\"width\":447,\"height\":142,\"caption\":\"Colegio Misioneras de la Providencia Talavera de la Reina\"},\"image\":{\"@id\":\"https:\/\/buenartevisual.com\/colegiotalavera\/#\/schema\/logo\/image\/\"}},{\"@type\":\"Person\",\"@id\":\"https:\/\/buenartevisual.com\/colegiotalavera\/#\/schema\/person\/ad110da6625b9c32f15289014f79a069\",\"name\":\"Superadministrador\",\"image\":{\"@type\":\"ImageObject\",\"inLanguage\":\"es\",\"@id\":\"https:\/\/buenartevisual.com\/colegiotalavera\/#\/schema\/person\/image\/\",\"url\":\"https:\/\/secure.gravatar.com\/avatar\/df06c07e05e61dc70ae539d53ff0cc8942dab6bad37c86f1ad69468b5c4fa9c6?s=80&d=mm&r=g\",\"contentUrl\":\"https:\/\/secure.gravatar.com\/avatar\/df06c07e05e61dc70ae539d53ff0cc8942dab6bad37c86f1ad69468b5c4fa9c6?s=80&d=mm&r=g\",\"caption\":\"Superadministrador\"},\"sameAs\":[\"https:\/\/buenartevisual.com\/colegiotalavera\"],\"url\":\"https:\/\/buenartevisual.com\/colegiotalavera\/author\/superadministrador\/\"}]}<\/script>\n<!-- \/ Yoast SEO plugin. -->","yoast_head_json":{"title":"Comunicado del Consejero de Educaci\u00f3n sobre la reanudaci\u00f3n de las clases ma\u00f1ana 30 de abril - Colegio Misioneras de la Providencia Talavera de la Reina","robots":{"index":"noindex","follow":"follow","max-snippet":"max-snippet:-1","max-image-preview":"max-image-preview:large","max-video-preview":"max-video-preview:-1"},"og_locale":"es_ES","og_type":"article","og_title":"Comunicado del Consejero de Educaci\u00f3n sobre la reanudaci\u00f3n de las clases ma\u00f1ana 30 de abril - Colegio Misioneras de la Providencia Talavera de la Reina","og_description":"Ma\u00f1ana se retoma la actividad docente en toda Castilla-La Mancha, seg\u00fan ha declarado el Consejero de Educaci\u00f3n hace unos minutos. Estas son sus palabras: \u00abEsta tarde recuperamos la actividad docente en los centros educativos de #CLM. Tras la reuni\u00f3n del Cecopi, decidimos retomar las clases con normalidad. Agradezco el esfuerzo de toda la comunidad educativa [&hellip;]","og_url":"https:\/\/buenartevisual.com\/colegiotalavera\/2025\/04\/29\/comunicado-del-consejero-de-educacion\/","og_site_name":"Colegio Misioneras de la Providencia Talavera de la Reina","article_published_time":"2025-04-29T09:58:16+00:00","author":"Superadministrador","twitter_card":"summary_large_image","twitter_misc":{"Escrito por":"Superadministrador","Tiempo de lectura":"1 minuto"},"schema":{"@context":"https:\/\/schema.org","@graph":[{"@type":"Article","@id":"https:\/\/buenartevisual.com\/colegiotalavera\/2025\/04\/29\/comunicado-del-consejero-de-educacion\/#article","isPartOf":{"@id":"https:\/\/buenartevisual.com\/colegiotalavera\/2025\/04\/29\/comunicado-del-consejero-de-educacion\/"},"author":{"name":"Superadministrador","@id":"https:\/\/buenartevisual.com\/colegiotalavera\/#\/schema\/person\/ad110da6625b9c32f15289014f79a069"},"headline":"Comunicado del Consejero de Educaci\u00f3n sobre la reanudaci\u00f3n de las clases ma\u00f1ana 30 de abril","datePublished":"2025-04-29T09:58:16+00:00","mainEntityOfPage":{"@id":"https:\/\/buenartevisual.com\/colegiotalavera\/2025\/04\/29\/comunicado-del-consejero-de-educacion\/"},"wordCount":142,"publisher":{"@id":"https:\/\/buenartevisual.com\/colegiotalavera\/#organization"},"image":{"@id":"https:\/\/buenartevisual.com\/colegiotalavera\/2025\/04\/29\/comunicado-del-consejero-de-educacion\/#primaryimage"},"thumbnailUrl":"","keywords":["alumnos","Comunicados","educaci\u00f3n","familias"],"articleSection":["Documentos"],"inLanguage":"es"},{"@type":"WebPage","@id":"https:\/\/buenartevisual.com\/colegiotalavera\/2025\/04\/29\/comunicado-del-consejero-de-educacion\/","url":"https:\/\/buenartevisual.com\/colegiotalavera\/2025\/04\/29\/comunicado-del-consejero-de-educacion\/","name":"Comunicado del Consejero de Educaci\u00f3n sobre la reanudaci\u00f3n de las clases ma\u00f1ana 30 de abril - Colegio Misioneras de la Providencia Talavera de la Reina","isPartOf":{"@id":"https:\/\/buenartevisual.com\/colegiotalavera\/#website"},"primaryImageOfPage":{"@id":"https:\/\/buenartevisual.com\/colegiotalavera\/2025\/04\/29\/comunicado-del-consejero-de-educacion\/#primaryimage"},"image":{"@id":"https:\/\/buenartevisual.com\/colegiotalavera\/2025\/04\/29\/comunicado-del-consejero-de-educacion\/#primaryimage"},"thumbnailUrl":"","datePublished":"2025-04-29T09:58:16+00:00","breadcrumb":{"@id":"https:\/\/buenartevisual.com\/colegiotalavera\/2025\/04\/29\/comunicado-del-consejero-de-educacion\/#breadcrumb"},"inLanguage":"es","potentialAction":[{"@type":"ReadAction","target":["https:\/\/buenartevisual.com\/colegiotalavera\/2025\/04\/29\/comunicado-del-consejero-de-educacion\/"]}]},{"@type":"ImageObject","inLanguage":"es","@id":"https:\/\/buenartevisual.com\/colegiotalavera\/2025\/04\/29\/comunicado-del-consejero-de-educacion\/#primaryimage","url":"","contentUrl":""},{"@type":"BreadcrumbList","@id":"https:\/\/buenartevisual.com\/colegiotalavera\/2025\/04\/29\/comunicado-del-consejero-de-educacion\/#breadcrumb","itemListElement":[{"@type":"ListItem","position":1,"name":"Portada","item":"https:\/\/buenartevisual.com\/colegiotalavera\/"},{"@type":"ListItem","position":2,"name":"Comunicado del Consejero de Educaci\u00f3n sobre la reanudaci\u00f3n de las clases ma\u00f1ana 30 de abril"}]},{"@type":"WebSite","@id":"https:\/\/buenartevisual.com\/colegiotalavera\/#website","url":"https:\/\/buenartevisual.com\/colegiotalavera\/","name":"Colegio Misioneras de la Providencia Talavera de la Reina","description":"Web del colegio Misioneras de la Providencia de Talavera de la Reina","publisher":{"@id":"https:\/\/buenartevisual.com\/colegiotalavera\/#organization"},"potentialAction":[{"@type":"SearchAction","target":{"@type":"EntryPoint","urlTemplate":"https:\/\/buenartevisual.com\/colegiotalavera\/?s={search_term_string}"},"query-input":{"@type":"PropertyValueSpecification","valueRequired":true,"valueName":"search_term_string"}}],"inLanguage":"es"},{"@type":"Organization","@id":"https:\/\/buenartevisual.com\/colegiotalavera\/#organization","name":"Colegio Misioneras de la Providencia Talavera de la Reina","url":"https:\/\/buenartevisual.com\/colegiotalavera\/","logo":{"@type":"ImageObject","inLanguage":"es","@id":"https:\/\/buenartevisual.com\/colegiotalavera\/#\/schema\/logo\/image\/","url":"https:\/\/buenartevisual.com\/colegiotalavera\/wp-content\/uploads\/2025\/10\/logo-misioneras-talavera.png","contentUrl":"https:\/\/buenartevisual.com\/colegiotalavera\/wp-content\/uploads\/2025\/10\/logo-misioneras-talavera.png","width":447,"height":142,"caption":"Colegio Misioneras de la Providencia Talavera de la Reina"},"image":{"@id":"https:\/\/buenartevisual.com\/colegiotalavera\/#\/schema\/logo\/image\/"}},{"@type":"Person","@id":"https:\/\/buenartevisual.com\/colegiotalavera\/#\/schema\/person\/ad110da6625b9c32f15289014f79a069","name":"Superadministrador","image":{"@type":"ImageObject","inLanguage":"es","@id":"https:\/\/buenartevisual.com\/colegiotalavera\/#\/schema\/person\/image\/","url":"https:\/\/secure.gravatar.com\/avatar\/df06c07e05e61dc70ae539d53ff0cc8942dab6bad37c86f1ad69468b5c4fa9c6?s=80&d=mm&r=g","contentUrl":"https:\/\/secure.gravatar.com\/avatar\/df06c07e05e61dc70ae539d53ff0cc8942dab6bad37c86f1ad69468b5c4fa9c6?s=80&d=mm&r=g","caption":"Superadministrador"},"sameAs":["https:\/\/buenartevisual.com\/colegiotalavera"],"url":"https:\/\/buenartevisual.com\/colegiotalavera\/author\/superadministrador\/"}]}},"_links":{"self":[{"href":"https:\/\/buenartevisual.com\/colegiotalavera\/wp-json\/wp\/v2\/posts\/13537","targetHints":{"allow":["GET"]}}],"collection":[{"href":"https:\/\/buenartevisual.com\/colegiotalavera\/wp-json\/wp\/v2\/posts"}],"about":[{"href":"https:\/\/buenartevisual.com\/colegiotalavera\/wp-json\/wp\/v2\/types\/post"}],"author":[{"embeddable":true,"href":"https:\/\/buenartevisual.com\/colegiotalavera\/wp-json\/wp\/v2\/users\/1"}],"replies":[{"embeddable":true,"href":"https:\/\/buenartevisual.com\/colegiotalavera\/wp-json\/wp\/v2\/comments?post=13537"}],"version-history":[{"count":0,"href":"https:\/\/buenartevisual.com\/colegiotalavera\/wp-json\/wp\/v2\/posts\/13537\/revisions"}],"wp:featuredmedia":[{"embeddable":true,"href":"https:\/\/buenartevisual.com\/colegiotalavera\/wp-json\/"}],"wp:attachment":[{"href":"https:\/\/buenartevisual.com\/colegiotalavera\/wp-json\/wp\/v2\/media?parent=13537"}],"wp:term":[{"taxonomy":"category","embeddable":true,"href":"https:\/\/buenartevisual.com\/colegiotalavera\/wp-json\/wp\/v2\/categories?post=13537"},{"taxonomy":"post_tag","embeddable":true,"href":"https:\/\/buenartevisual.com\/colegiotalavera\/wp-json\/wp\/v2\/tags?post=13537"}],"curies":[{"name":"wp","href":"https:\/\/api.w.org\/{rel}","templated":true}]}}