{"id":13534,"date":"2025-04-28T22:45:56","date_gmt":"2025-04-28T20:45:56","guid":{"rendered":"https:\/\/misionerastalavera.es\/?p=13534"},"modified":"2025-04-28T22:45:56","modified_gmt":"2025-04-28T20:45:56","slug":"comunicado-de-la-direccion-del-colegio","status":"publish","type":"post","link":"https:\/\/buenartevisual.com\/colegiotalavera\/2025\/04\/28\/comunicado-de-la-direccion-del-colegio\/","title":{"rendered":"Comunicado de la Direcci\u00f3n del colegio"},"content":{"rendered":"<p>Por problemas de conexi\u00f3n a internet debido a la situaci\u00f3n excepcional provocado por el apag\u00f3n el\u00e9ctrico, no tenemos un comunicado oficial de la Consejer\u00eda de Educaci\u00f3n, pero el CECOPI ha tomado la decisi\u00f3n de suspender toda actividad lectiva en Castilla-La Mancha, para evitar desplazamientos innecesarios. El texto del mensaje que hemos compartido con las familias es el siguiente:<\/p>\n<p>\u00abEstimadas familias: Se nos ha informado de que ma\u00f1ana martes 29 de abril deben suspenderse de manera preventiva las actividades lectivas del centro debido a la ca\u00edda del sistema el\u00e9ctrico.<\/p>\n<p>Est\u00e1 suspensi\u00f3n, como hemos mencionado, es preventiva con el fin de contribuir a la recuperaci\u00f3n y facilitar la actuaci\u00f3n de los servicios de emergencias.<\/p>\n<p>Os pedimos que sig\u00e1is las indicaciones que se nos han dado:<\/p>\n<p>\u2022\u2060 \u2060Limitar los desplazamientos.<br \/>\n\u2022\u2060 \u2060Hacer un uso responsable de los dispositivos m\u00f3viles.<br \/>\n\u2022\u2060 \u2060Confiar en los medios oficiales de informaci\u00f3n\u00bb.<\/p>\n<p>Seguiremos informando sobre nuevas decisiones oficiales o sobre el restablecimiento de la actividad lectiva.<\/p>\n<p>&nbsp;<\/p>\n<p>&nbsp;<\/p>\n","protected":false},"excerpt":{"rendered":"<p>Por problemas de conexi\u00f3n a internet debido a la situaci\u00f3n excepcional provocado por el apag\u00f3n el\u00e9ctrico, no tenemos un comunicado oficial de la Consejer\u00eda de Educaci\u00f3n, pero el CECOPI ha tomado la decisi\u00f3n de suspender toda actividad lectiva en Castilla-La Mancha, para evitar desplazamientos innecesarios. El texto del mensaje que hemos compartido con las familias [&hellip;]<\/p>\n","protected":false},"author":1,"featured_media":13535,"comment_status":"closed","ping_status":"open","sticky":false,"template":"","format":"standard","meta":{"footnotes":""},"categories":[264],"tags":[313,259,257],"class_list":["post-13534","post","type-post","status-publish","format-standard","has-post-thumbnail","hentry","category-documentos","tag-alumnos","tag-educacion","tag-familias"],"yoast_head":"<!-- This site is optimized with the Yoast SEO plugin v26.5 - https:\/\/yoast.com\/wordpress\/plugins\/seo\/ -->\n<title>Comunicado de la Direcci\u00f3n del colegio - Colegio Misioneras de la Providencia Talavera de la Reina<\/title>\n<meta name=\"robots\" content=\"noindex, follow, max-snippet:-1, max-image-preview:large, max-video-preview:-1\" \/>\n<meta property=\"og:locale\" content=\"es_ES\" \/>\n<meta property=\"og:type\" content=\"article\" \/>\n<meta property=\"og:title\" content=\"Comunicado de la Direcci\u00f3n del colegio - Colegio Misioneras de la Providencia Talavera de la Reina\" \/>\n<meta property=\"og:description\" content=\"Por problemas de conexi\u00f3n a internet debido a la situaci\u00f3n excepcional provocado por el apag\u00f3n el\u00e9ctrico, no tenemos un comunicado oficial de la Consejer\u00eda de Educaci\u00f3n, pero el CECOPI ha tomado la decisi\u00f3n de suspender toda actividad lectiva en Castilla-La Mancha, para evitar desplazamientos innecesarios. El texto del mensaje que hemos compartido con las familias [&hellip;]\" \/>\n<meta property=\"og:url\" content=\"https:\/\/buenartevisual.com\/colegiotalavera\/2025\/04\/28\/comunicado-de-la-direccion-del-colegio\/\" \/>\n<meta property=\"og:site_name\" content=\"Colegio Misioneras de la Providencia Talavera de la Reina\" \/>\n<meta property=\"article:published_time\" content=\"2025-04-28T20:45:56+00:00\" \/>\n<meta name=\"author\" content=\"Superadministrador\" \/>\n<meta name=\"twitter:card\" content=\"summary_large_image\" \/>\n<meta name=\"twitter:label1\" content=\"Escrito por\" \/>\n\t<meta name=\"twitter:data1\" content=\"Superadministrador\" \/>\n\t<meta name=\"twitter:label2\" content=\"Tiempo de lectura\" \/>\n\t<meta name=\"twitter:data2\" content=\"1 minuto\" \/>\n<script type=\"application\/ld+json\" class=\"yoast-schema-graph\">{\"@context\":\"https:\/\/schema.org\",\"@graph\":[{\"@type\":\"Article\",\"@id\":\"https:\/\/buenartevisual.com\/colegiotalavera\/2025\/04\/28\/comunicado-de-la-direccion-del-colegio\/#article\",\"isPartOf\":{\"@id\":\"https:\/\/buenartevisual.com\/colegiotalavera\/2025\/04\/28\/comunicado-de-la-direccion-del-colegio\/\"},\"author\":{\"name\":\"Superadministrador\",\"@id\":\"https:\/\/buenartevisual.com\/colegiotalavera\/#\/schema\/person\/ad110da6625b9c32f15289014f79a069\"},\"headline\":\"Comunicado de la Direcci\u00f3n del colegio\",\"datePublished\":\"2025-04-28T20:45:56+00:00\",\"mainEntityOfPage\":{\"@id\":\"https:\/\/buenartevisual.com\/colegiotalavera\/2025\/04\/28\/comunicado-de-la-direccion-del-colegio\/\"},\"wordCount\":179,\"publisher\":{\"@id\":\"https:\/\/buenartevisual.com\/colegiotalavera\/#organization\"},\"image\":{\"@id\":\"https:\/\/buenartevisual.com\/colegiotalavera\/2025\/04\/28\/comunicado-de-la-direccion-del-colegio\/#primaryimage\"},\"thumbnailUrl\":\"\",\"keywords\":[\"alumnos\",\"educaci\u00f3n\",\"familias\"],\"articleSection\":[\"Documentos\"],\"inLanguage\":\"es\"},{\"@type\":\"WebPage\",\"@id\":\"https:\/\/buenartevisual.com\/colegiotalavera\/2025\/04\/28\/comunicado-de-la-direccion-del-colegio\/\",\"url\":\"https:\/\/buenartevisual.com\/colegiotalavera\/2025\/04\/28\/comunicado-de-la-direccion-del-colegio\/\",\"name\":\"Comunicado de la Direcci\u00f3n del colegio - Colegio Misioneras de la Providencia Talavera de la Reina\",\"isPartOf\":{\"@id\":\"https:\/\/buenartevisual.com\/colegiotalavera\/#website\"},\"primaryImageOfPage\":{\"@id\":\"https:\/\/buenartevisual.com\/colegiotalavera\/2025\/04\/28\/comunicado-de-la-direccion-del-colegio\/#primaryimage\"},\"image\":{\"@id\":\"https:\/\/buenartevisual.com\/colegiotalavera\/2025\/04\/28\/comunicado-de-la-direccion-del-colegio\/#primaryimage\"},\"thumbnailUrl\":\"\",\"datePublished\":\"2025-04-28T20:45:56+00:00\",\"breadcrumb\":{\"@id\":\"https:\/\/buenartevisual.com\/colegiotalavera\/2025\/04\/28\/comunicado-de-la-direccion-del-colegio\/#breadcrumb\"},\"inLanguage\":\"es\",\"potentialAction\":[{\"@type\":\"ReadAction\",\"target\":[\"https:\/\/buenartevisual.com\/colegiotalavera\/2025\/04\/28\/comunicado-de-la-direccion-del-colegio\/\"]}]},{\"@type\":\"ImageObject\",\"inLanguage\":\"es\",\"@id\":\"https:\/\/buenartevisual.com\/colegiotalavera\/2025\/04\/28\/comunicado-de-la-direccion-del-colegio\/#primaryimage\",\"url\":\"\",\"contentUrl\":\"\"},{\"@type\":\"BreadcrumbList\",\"@id\":\"https:\/\/buenartevisual.com\/colegiotalavera\/2025\/04\/28\/comunicado-de-la-direccion-del-colegio\/#breadcrumb\",\"itemListElement\":[{\"@type\":\"ListItem\",\"position\":1,\"name\":\"Portada\",\"item\":\"https:\/\/buenartevisual.com\/colegiotalavera\/\"},{\"@type\":\"ListItem\",\"position\":2,\"name\":\"Comunicado de la Direcci\u00f3n del colegio\"}]},{\"@type\":\"WebSite\",\"@id\":\"https:\/\/buenartevisual.com\/colegiotalavera\/#website\",\"url\":\"https:\/\/buenartevisual.com\/colegiotalavera\/\",\"name\":\"Colegio Misioneras de la Providencia Talavera de la Reina\",\"description\":\"Web del colegio Misioneras de la Providencia de Talavera de la Reina\",\"publisher\":{\"@id\":\"https:\/\/buenartevisual.com\/colegiotalavera\/#organization\"},\"potentialAction\":[{\"@type\":\"SearchAction\",\"target\":{\"@type\":\"EntryPoint\",\"urlTemplate\":\"https:\/\/buenartevisual.com\/colegiotalavera\/?s={search_term_string}\"},\"query-input\":{\"@type\":\"PropertyValueSpecification\",\"valueRequired\":true,\"valueName\":\"search_term_string\"}}],\"inLanguage\":\"es\"},{\"@type\":\"Organization\",\"@id\":\"https:\/\/buenartevisual.com\/colegiotalavera\/#organization\",\"name\":\"Colegio Misioneras de la Providencia Talavera de la Reina\",\"url\":\"https:\/\/buenartevisual.com\/colegiotalavera\/\",\"logo\":{\"@type\":\"ImageObject\",\"inLanguage\":\"es\",\"@id\":\"https:\/\/buenartevisual.com\/colegiotalavera\/#\/schema\/logo\/image\/\",\"url\":\"https:\/\/buenartevisual.com\/colegiotalavera\/wp-content\/uploads\/2025\/10\/logo-misioneras-talavera.png\",\"contentUrl\":\"https:\/\/buenartevisual.com\/colegiotalavera\/wp-content\/uploads\/2025\/10\/logo-misioneras-talavera.png\",\"width\":447,\"height\":142,\"caption\":\"Colegio Misioneras de la Providencia Talavera de la Reina\"},\"image\":{\"@id\":\"https:\/\/buenartevisual.com\/colegiotalavera\/#\/schema\/logo\/image\/\"}},{\"@type\":\"Person\",\"@id\":\"https:\/\/buenartevisual.com\/colegiotalavera\/#\/schema\/person\/ad110da6625b9c32f15289014f79a069\",\"name\":\"Superadministrador\",\"image\":{\"@type\":\"ImageObject\",\"inLanguage\":\"es\",\"@id\":\"https:\/\/buenartevisual.com\/colegiotalavera\/#\/schema\/person\/image\/\",\"url\":\"https:\/\/secure.gravatar.com\/avatar\/df06c07e05e61dc70ae539d53ff0cc8942dab6bad37c86f1ad69468b5c4fa9c6?s=80&d=mm&r=g\",\"contentUrl\":\"https:\/\/secure.gravatar.com\/avatar\/df06c07e05e61dc70ae539d53ff0cc8942dab6bad37c86f1ad69468b5c4fa9c6?s=80&d=mm&r=g\",\"caption\":\"Superadministrador\"},\"sameAs\":[\"https:\/\/buenartevisual.com\/colegiotalavera\"],\"url\":\"https:\/\/buenartevisual.com\/colegiotalavera\/author\/superadministrador\/\"}]}<\/script>\n<!-- \/ Yoast SEO plugin. -->","yoast_head_json":{"title":"Comunicado de la Direcci\u00f3n del colegio - Colegio Misioneras de la Providencia Talavera de la Reina","robots":{"index":"noindex","follow":"follow","max-snippet":"max-snippet:-1","max-image-preview":"max-image-preview:large","max-video-preview":"max-video-preview:-1"},"og_locale":"es_ES","og_type":"article","og_title":"Comunicado de la Direcci\u00f3n del colegio - Colegio Misioneras de la Providencia Talavera de la Reina","og_description":"Por problemas de conexi\u00f3n a internet debido a la situaci\u00f3n excepcional provocado por el apag\u00f3n el\u00e9ctrico, no tenemos un comunicado oficial de la Consejer\u00eda de Educaci\u00f3n, pero el CECOPI ha tomado la decisi\u00f3n de suspender toda actividad lectiva en Castilla-La Mancha, para evitar desplazamientos innecesarios. El texto del mensaje que hemos compartido con las familias [&hellip;]","og_url":"https:\/\/buenartevisual.com\/colegiotalavera\/2025\/04\/28\/comunicado-de-la-direccion-del-colegio\/","og_site_name":"Colegio Misioneras de la Providencia Talavera de la Reina","article_published_time":"2025-04-28T20:45:56+00:00","author":"Superadministrador","twitter_card":"summary_large_image","twitter_misc":{"Escrito por":"Superadministrador","Tiempo de lectura":"1 minuto"},"schema":{"@context":"https:\/\/schema.org","@graph":[{"@type":"Article","@id":"https:\/\/buenartevisual.com\/colegiotalavera\/2025\/04\/28\/comunicado-de-la-direccion-del-colegio\/#article","isPartOf":{"@id":"https:\/\/buenartevisual.com\/colegiotalavera\/2025\/04\/28\/comunicado-de-la-direccion-del-colegio\/"},"author":{"name":"Superadministrador","@id":"https:\/\/buenartevisual.com\/colegiotalavera\/#\/schema\/person\/ad110da6625b9c32f15289014f79a069"},"headline":"Comunicado de la Direcci\u00f3n del colegio","datePublished":"2025-04-28T20:45:56+00:00","mainEntityOfPage":{"@id":"https:\/\/buenartevisual.com\/colegiotalavera\/2025\/04\/28\/comunicado-de-la-direccion-del-colegio\/"},"wordCount":179,"publisher":{"@id":"https:\/\/buenartevisual.com\/colegiotalavera\/#organization"},"image":{"@id":"https:\/\/buenartevisual.com\/colegiotalavera\/2025\/04\/28\/comunicado-de-la-direccion-del-colegio\/#primaryimage"},"thumbnailUrl":"","keywords":["alumnos","educaci\u00f3n","familias"],"articleSection":["Documentos"],"inLanguage":"es"},{"@type":"WebPage","@id":"https:\/\/buenartevisual.com\/colegiotalavera\/2025\/04\/28\/comunicado-de-la-direccion-del-colegio\/","url":"https:\/\/buenartevisual.com\/colegiotalavera\/2025\/04\/28\/comunicado-de-la-direccion-del-colegio\/","name":"Comunicado de la Direcci\u00f3n del colegio - Colegio Misioneras de la Providencia Talavera de la Reina","isPartOf":{"@id":"https:\/\/buenartevisual.com\/colegiotalavera\/#website"},"primaryImageOfPage":{"@id":"https:\/\/buenartevisual.com\/colegiotalavera\/2025\/04\/28\/comunicado-de-la-direccion-del-colegio\/#primaryimage"},"image":{"@id":"https:\/\/buenartevisual.com\/colegiotalavera\/2025\/04\/28\/comunicado-de-la-direccion-del-colegio\/#primaryimage"},"thumbnailUrl":"","datePublished":"2025-04-28T20:45:56+00:00","breadcrumb":{"@id":"https:\/\/buenartevisual.com\/colegiotalavera\/2025\/04\/28\/comunicado-de-la-direccion-del-colegio\/#breadcrumb"},"inLanguage":"es","potentialAction":[{"@type":"ReadAction","target":["https:\/\/buenartevisual.com\/colegiotalavera\/2025\/04\/28\/comunicado-de-la-direccion-del-colegio\/"]}]},{"@type":"ImageObject","inLanguage":"es","@id":"https:\/\/buenartevisual.com\/colegiotalavera\/2025\/04\/28\/comunicado-de-la-direccion-del-colegio\/#primaryimage","url":"","contentUrl":""},{"@type":"BreadcrumbList","@id":"https:\/\/buenartevisual.com\/colegiotalavera\/2025\/04\/28\/comunicado-de-la-direccion-del-colegio\/#breadcrumb","itemListElement":[{"@type":"ListItem","position":1,"name":"Portada","item":"https:\/\/buenartevisual.com\/colegiotalavera\/"},{"@type":"ListItem","position":2,"name":"Comunicado de la Direcci\u00f3n del colegio"}]},{"@type":"WebSite","@id":"https:\/\/buenartevisual.com\/colegiotalavera\/#website","url":"https:\/\/buenartevisual.com\/colegiotalavera\/","name":"Colegio Misioneras de la Providencia Talavera de la Reina","description":"Web del colegio Misioneras de la Providencia de Talavera de la Reina","publisher":{"@id":"https:\/\/buenartevisual.com\/colegiotalavera\/#organization"},"potentialAction":[{"@type":"SearchAction","target":{"@type":"EntryPoint","urlTemplate":"https:\/\/buenartevisual.com\/colegiotalavera\/?s={search_term_string}"},"query-input":{"@type":"PropertyValueSpecification","valueRequired":true,"valueName":"search_term_string"}}],"inLanguage":"es"},{"@type":"Organization","@id":"https:\/\/buenartevisual.com\/colegiotalavera\/#organization","name":"Colegio Misioneras de la Providencia Talavera de la Reina","url":"https:\/\/buenartevisual.com\/colegiotalavera\/","logo":{"@type":"ImageObject","inLanguage":"es","@id":"https:\/\/buenartevisual.com\/colegiotalavera\/#\/schema\/logo\/image\/","url":"https:\/\/buenartevisual.com\/colegiotalavera\/wp-content\/uploads\/2025\/10\/logo-misioneras-talavera.png","contentUrl":"https:\/\/buenartevisual.com\/colegiotalavera\/wp-content\/uploads\/2025\/10\/logo-misioneras-talavera.png","width":447,"height":142,"caption":"Colegio Misioneras de la Providencia Talavera de la Reina"},"image":{"@id":"https:\/\/buenartevisual.com\/colegiotalavera\/#\/schema\/logo\/image\/"}},{"@type":"Person","@id":"https:\/\/buenartevisual.com\/colegiotalavera\/#\/schema\/person\/ad110da6625b9c32f15289014f79a069","name":"Superadministrador","image":{"@type":"ImageObject","inLanguage":"es","@id":"https:\/\/buenartevisual.com\/colegiotalavera\/#\/schema\/person\/image\/","url":"https:\/\/secure.gravatar.com\/avatar\/df06c07e05e61dc70ae539d53ff0cc8942dab6bad37c86f1ad69468b5c4fa9c6?s=80&d=mm&r=g","contentUrl":"https:\/\/secure.gravatar.com\/avatar\/df06c07e05e61dc70ae539d53ff0cc8942dab6bad37c86f1ad69468b5c4fa9c6?s=80&d=mm&r=g","caption":"Superadministrador"},"sameAs":["https:\/\/buenartevisual.com\/colegiotalavera"],"url":"https:\/\/buenartevisual.com\/colegiotalavera\/author\/superadministrador\/"}]}},"_links":{"self":[{"href":"https:\/\/buenartevisual.com\/colegiotalavera\/wp-json\/wp\/v2\/posts\/13534","targetHints":{"allow":["GET"]}}],"collection":[{"href":"https:\/\/buenartevisual.com\/colegiotalavera\/wp-json\/wp\/v2\/posts"}],"about":[{"href":"https:\/\/buenartevisual.com\/colegiotalavera\/wp-json\/wp\/v2\/types\/post"}],"author":[{"embeddable":true,"href":"https:\/\/buenartevisual.com\/colegiotalavera\/wp-json\/wp\/v2\/users\/1"}],"replies":[{"embeddable":true,"href":"https:\/\/buenartevisual.com\/colegiotalavera\/wp-json\/wp\/v2\/comments?post=13534"}],"version-history":[{"count":0,"href":"https:\/\/buenartevisual.com\/colegiotalavera\/wp-json\/wp\/v2\/posts\/13534\/revisions"}],"wp:featuredmedia":[{"embeddable":true,"href":"https:\/\/buenartevisual.com\/colegiotalavera\/wp-json\/"}],"wp:attachment":[{"href":"https:\/\/buenartevisual.com\/colegiotalavera\/wp-json\/wp\/v2\/media?parent=13534"}],"wp:term":[{"taxonomy":"category","embeddable":true,"href":"https:\/\/buenartevisual.com\/colegiotalavera\/wp-json\/wp\/v2\/categories?post=13534"},{"taxonomy":"post_tag","embeddable":true,"href":"https:\/\/buenartevisual.com\/colegiotalavera\/wp-json\/wp\/v2\/tags?post=13534"}],"curies":[{"name":"wp","href":"https:\/\/api.w.org\/{rel}","templated":true}]}}