{"id":13399,"date":"2025-04-05T17:36:15","date_gmt":"2025-04-05T15:36:15","guid":{"rendered":"https:\/\/misionerastalavera.es\/?p=13399"},"modified":"2025-04-05T17:36:15","modified_gmt":"2025-04-05T15:36:15","slug":"alumnos-de-nuestro-colegio-en-el-campeonato-de-espana-de-selecciones-autonomicas-sub-12","status":"publish","type":"post","link":"https:\/\/buenartevisual.com\/colegiotalavera\/2025\/04\/05\/alumnos-de-nuestro-colegio-en-el-campeonato-de-espana-de-selecciones-autonomicas-sub-12\/","title":{"rendered":"Alumnos de nuestro colegio en el Campeonato de Espa\u00f1a de Selecciones Auton\u00f3micas sub-12"},"content":{"rendered":"<p>La selecci\u00f3n de Castilla-La Mancha de f\u00fatbol sala sub-12, en la que participan algunos de nuestros alumnos, ha realizado una magn\u00edfica actuaci\u00f3n en este campeonato nacional de selecciones auton\u00f3micas que se celebra en Blanes, con algunas victorias contundentes. L\u00e1stima que no ha podido pasar de semifinales, como podemos leer en esta <a href=\"https:\/\/www.ffcm.es\/pnfg\/NNws_ShwNewDup?codigo=1013944&amp;cod_primaria=1000057&amp;cod_secundaria=1000057&amp;fbclid=IwY2xjawJeBWJleHRuA2FlbQIxMAABHpidFsEd3CQWBKrT9RL_FvL4LsK7kfrmi227CbE3zEv7SIskovhMGhH-hKYn_aem_nEa9xXvfDvB3NbubrAEuHQ\">cr\u00f3nica<\/a>. Aun as\u00ed, estamos muy orgullosos de ellos y agradecemos especialmente a nuestros representantes en dicho equipo, Alonso Ruiz, Hugo Gallego y Hugo Gonz\u00e1lez, el detalle que han tenido con su colegio al enviarnos estas fotos.<\/p>\n<p><img fetchpriority=\"high\" decoding=\"async\" class=\" wp-image-13400 aligncenter\" src=\"https:\/\/buenartevisual.com\/colegiotalavera\/wp-content\/uploads\/2025\/04\/WhatsApp-Image-2025-04-04-at-11.51.36-240x300.jpeg\" alt=\"\" width=\"325\" height=\"406\" \/><\/p>\n","protected":false},"excerpt":{"rendered":"<p>La selecci\u00f3n de Castilla-La Mancha de f\u00fatbol sala sub-12, en la que participan algunos de nuestros alumnos, ha realizado una magn\u00edfica actuaci\u00f3n en este campeonato nacional de selecciones auton\u00f3micas que se celebra en Blanes, con algunas victorias contundentes. L\u00e1stima que no ha podido pasar de semifinales, como podemos leer en esta cr\u00f3nica. Aun as\u00ed, estamos [&hellip;]<\/p>\n","protected":false},"author":1,"featured_media":13401,"comment_status":"closed","ping_status":"open","sticky":false,"template":"","format":"standard","meta":{"footnotes":""},"categories":[285],"tags":[306,313,263,337,259],"class_list":["post-13399","post","type-post","status-publish","format-standard","has-post-thumbnail","hentry","category-galeria","tag-actividades","tag-alumnos","tag-aprendizaje","tag-competiciones","tag-educacion"],"yoast_head":"<!-- This site is optimized with the Yoast SEO plugin v26.5 - https:\/\/yoast.com\/wordpress\/plugins\/seo\/ -->\n<title>Alumnos de nuestro colegio en el Campeonato de Espa\u00f1a de Selecciones Auton\u00f3micas sub-12 - Colegio Misioneras de la Providencia Talavera de la Reina<\/title>\n<meta name=\"robots\" content=\"noindex, follow, max-snippet:-1, max-image-preview:large, max-video-preview:-1\" \/>\n<meta property=\"og:locale\" content=\"es_ES\" \/>\n<meta property=\"og:type\" content=\"article\" \/>\n<meta property=\"og:title\" content=\"Alumnos de nuestro colegio en el Campeonato de Espa\u00f1a de Selecciones Auton\u00f3micas sub-12 - Colegio Misioneras de la Providencia Talavera de la Reina\" \/>\n<meta property=\"og:description\" content=\"La selecci\u00f3n de Castilla-La Mancha de f\u00fatbol sala sub-12, en la que participan algunos de nuestros alumnos, ha realizado una magn\u00edfica actuaci\u00f3n en este campeonato nacional de selecciones auton\u00f3micas que se celebra en Blanes, con algunas victorias contundentes. L\u00e1stima que no ha podido pasar de semifinales, como podemos leer en esta cr\u00f3nica. Aun as\u00ed, estamos [&hellip;]\" \/>\n<meta property=\"og:url\" content=\"https:\/\/buenartevisual.com\/colegiotalavera\/2025\/04\/05\/alumnos-de-nuestro-colegio-en-el-campeonato-de-espana-de-selecciones-autonomicas-sub-12\/\" \/>\n<meta property=\"og:site_name\" content=\"Colegio Misioneras de la Providencia Talavera de la Reina\" \/>\n<meta property=\"article:published_time\" content=\"2025-04-05T15:36:15+00:00\" \/>\n<meta name=\"author\" content=\"Superadministrador\" \/>\n<meta name=\"twitter:card\" content=\"summary_large_image\" \/>\n<meta name=\"twitter:label1\" content=\"Escrito por\" \/>\n\t<meta name=\"twitter:data1\" content=\"Superadministrador\" \/>\n\t<meta name=\"twitter:label2\" content=\"Tiempo de lectura\" \/>\n\t<meta name=\"twitter:data2\" content=\"1 minuto\" \/>\n<script type=\"application\/ld+json\" class=\"yoast-schema-graph\">{\"@context\":\"https:\/\/schema.org\",\"@graph\":[{\"@type\":\"Article\",\"@id\":\"https:\/\/buenartevisual.com\/colegiotalavera\/2025\/04\/05\/alumnos-de-nuestro-colegio-en-el-campeonato-de-espana-de-selecciones-autonomicas-sub-12\/#article\",\"isPartOf\":{\"@id\":\"https:\/\/buenartevisual.com\/colegiotalavera\/2025\/04\/05\/alumnos-de-nuestro-colegio-en-el-campeonato-de-espana-de-selecciones-autonomicas-sub-12\/\"},\"author\":{\"name\":\"Superadministrador\",\"@id\":\"https:\/\/buenartevisual.com\/colegiotalavera\/#\/schema\/person\/ad110da6625b9c32f15289014f79a069\"},\"headline\":\"Alumnos de nuestro colegio en el Campeonato de Espa\u00f1a de Selecciones Auton\u00f3micas sub-12\",\"datePublished\":\"2025-04-05T15:36:15+00:00\",\"mainEntityOfPage\":{\"@id\":\"https:\/\/buenartevisual.com\/colegiotalavera\/2025\/04\/05\/alumnos-de-nuestro-colegio-en-el-campeonato-de-espana-de-selecciones-autonomicas-sub-12\/\"},\"wordCount\":110,\"publisher\":{\"@id\":\"https:\/\/buenartevisual.com\/colegiotalavera\/#organization\"},\"image\":{\"@id\":\"https:\/\/buenartevisual.com\/colegiotalavera\/2025\/04\/05\/alumnos-de-nuestro-colegio-en-el-campeonato-de-espana-de-selecciones-autonomicas-sub-12\/#primaryimage\"},\"thumbnailUrl\":\"\",\"keywords\":[\"Actividades\",\"alumnos\",\"Aprendizaje\",\"Competiciones\",\"educaci\u00f3n\"],\"articleSection\":[\"Galer\u00eda\"],\"inLanguage\":\"es\"},{\"@type\":\"WebPage\",\"@id\":\"https:\/\/buenartevisual.com\/colegiotalavera\/2025\/04\/05\/alumnos-de-nuestro-colegio-en-el-campeonato-de-espana-de-selecciones-autonomicas-sub-12\/\",\"url\":\"https:\/\/buenartevisual.com\/colegiotalavera\/2025\/04\/05\/alumnos-de-nuestro-colegio-en-el-campeonato-de-espana-de-selecciones-autonomicas-sub-12\/\",\"name\":\"Alumnos de nuestro colegio en el Campeonato de Espa\u00f1a de Selecciones Auton\u00f3micas sub-12 - Colegio Misioneras de la Providencia Talavera de la Reina\",\"isPartOf\":{\"@id\":\"https:\/\/buenartevisual.com\/colegiotalavera\/#website\"},\"primaryImageOfPage\":{\"@id\":\"https:\/\/buenartevisual.com\/colegiotalavera\/2025\/04\/05\/alumnos-de-nuestro-colegio-en-el-campeonato-de-espana-de-selecciones-autonomicas-sub-12\/#primaryimage\"},\"image\":{\"@id\":\"https:\/\/buenartevisual.com\/colegiotalavera\/2025\/04\/05\/alumnos-de-nuestro-colegio-en-el-campeonato-de-espana-de-selecciones-autonomicas-sub-12\/#primaryimage\"},\"thumbnailUrl\":\"\",\"datePublished\":\"2025-04-05T15:36:15+00:00\",\"breadcrumb\":{\"@id\":\"https:\/\/buenartevisual.com\/colegiotalavera\/2025\/04\/05\/alumnos-de-nuestro-colegio-en-el-campeonato-de-espana-de-selecciones-autonomicas-sub-12\/#breadcrumb\"},\"inLanguage\":\"es\",\"potentialAction\":[{\"@type\":\"ReadAction\",\"target\":[\"https:\/\/buenartevisual.com\/colegiotalavera\/2025\/04\/05\/alumnos-de-nuestro-colegio-en-el-campeonato-de-espana-de-selecciones-autonomicas-sub-12\/\"]}]},{\"@type\":\"ImageObject\",\"inLanguage\":\"es\",\"@id\":\"https:\/\/buenartevisual.com\/colegiotalavera\/2025\/04\/05\/alumnos-de-nuestro-colegio-en-el-campeonato-de-espana-de-selecciones-autonomicas-sub-12\/#primaryimage\",\"url\":\"\",\"contentUrl\":\"\"},{\"@type\":\"BreadcrumbList\",\"@id\":\"https:\/\/buenartevisual.com\/colegiotalavera\/2025\/04\/05\/alumnos-de-nuestro-colegio-en-el-campeonato-de-espana-de-selecciones-autonomicas-sub-12\/#breadcrumb\",\"itemListElement\":[{\"@type\":\"ListItem\",\"position\":1,\"name\":\"Portada\",\"item\":\"https:\/\/buenartevisual.com\/colegiotalavera\/\"},{\"@type\":\"ListItem\",\"position\":2,\"name\":\"Alumnos de nuestro colegio en el Campeonato de Espa\u00f1a de Selecciones Auton\u00f3micas sub-12\"}]},{\"@type\":\"WebSite\",\"@id\":\"https:\/\/buenartevisual.com\/colegiotalavera\/#website\",\"url\":\"https:\/\/buenartevisual.com\/colegiotalavera\/\",\"name\":\"Colegio Misioneras de la Providencia Talavera de la Reina\",\"description\":\"Web del colegio Misioneras de la Providencia de Talavera de la Reina\",\"publisher\":{\"@id\":\"https:\/\/buenartevisual.com\/colegiotalavera\/#organization\"},\"potentialAction\":[{\"@type\":\"SearchAction\",\"target\":{\"@type\":\"EntryPoint\",\"urlTemplate\":\"https:\/\/buenartevisual.com\/colegiotalavera\/?s={search_term_string}\"},\"query-input\":{\"@type\":\"PropertyValueSpecification\",\"valueRequired\":true,\"valueName\":\"search_term_string\"}}],\"inLanguage\":\"es\"},{\"@type\":\"Organization\",\"@id\":\"https:\/\/buenartevisual.com\/colegiotalavera\/#organization\",\"name\":\"Colegio Misioneras de la Providencia Talavera de la Reina\",\"url\":\"https:\/\/buenartevisual.com\/colegiotalavera\/\",\"logo\":{\"@type\":\"ImageObject\",\"inLanguage\":\"es\",\"@id\":\"https:\/\/buenartevisual.com\/colegiotalavera\/#\/schema\/logo\/image\/\",\"url\":\"https:\/\/buenartevisual.com\/colegiotalavera\/wp-content\/uploads\/2025\/10\/logo-misioneras-talavera.png\",\"contentUrl\":\"https:\/\/buenartevisual.com\/colegiotalavera\/wp-content\/uploads\/2025\/10\/logo-misioneras-talavera.png\",\"width\":447,\"height\":142,\"caption\":\"Colegio Misioneras de la Providencia Talavera de la Reina\"},\"image\":{\"@id\":\"https:\/\/buenartevisual.com\/colegiotalavera\/#\/schema\/logo\/image\/\"}},{\"@type\":\"Person\",\"@id\":\"https:\/\/buenartevisual.com\/colegiotalavera\/#\/schema\/person\/ad110da6625b9c32f15289014f79a069\",\"name\":\"Superadministrador\",\"image\":{\"@type\":\"ImageObject\",\"inLanguage\":\"es\",\"@id\":\"https:\/\/buenartevisual.com\/colegiotalavera\/#\/schema\/person\/image\/\",\"url\":\"https:\/\/secure.gravatar.com\/avatar\/df06c07e05e61dc70ae539d53ff0cc8942dab6bad37c86f1ad69468b5c4fa9c6?s=80&d=mm&r=g\",\"contentUrl\":\"https:\/\/secure.gravatar.com\/avatar\/df06c07e05e61dc70ae539d53ff0cc8942dab6bad37c86f1ad69468b5c4fa9c6?s=80&d=mm&r=g\",\"caption\":\"Superadministrador\"},\"sameAs\":[\"https:\/\/buenartevisual.com\/colegiotalavera\"],\"url\":\"https:\/\/buenartevisual.com\/colegiotalavera\/author\/superadministrador\/\"}]}<\/script>\n<!-- \/ Yoast SEO plugin. -->","yoast_head_json":{"title":"Alumnos de nuestro colegio en el Campeonato de Espa\u00f1a de Selecciones Auton\u00f3micas sub-12 - Colegio Misioneras de la Providencia Talavera de la Reina","robots":{"index":"noindex","follow":"follow","max-snippet":"max-snippet:-1","max-image-preview":"max-image-preview:large","max-video-preview":"max-video-preview:-1"},"og_locale":"es_ES","og_type":"article","og_title":"Alumnos de nuestro colegio en el Campeonato de Espa\u00f1a de Selecciones Auton\u00f3micas sub-12 - Colegio Misioneras de la Providencia Talavera de la Reina","og_description":"La selecci\u00f3n de Castilla-La Mancha de f\u00fatbol sala sub-12, en la que participan algunos de nuestros alumnos, ha realizado una magn\u00edfica actuaci\u00f3n en este campeonato nacional de selecciones auton\u00f3micas que se celebra en Blanes, con algunas victorias contundentes. L\u00e1stima que no ha podido pasar de semifinales, como podemos leer en esta cr\u00f3nica. Aun as\u00ed, estamos [&hellip;]","og_url":"https:\/\/buenartevisual.com\/colegiotalavera\/2025\/04\/05\/alumnos-de-nuestro-colegio-en-el-campeonato-de-espana-de-selecciones-autonomicas-sub-12\/","og_site_name":"Colegio Misioneras de la Providencia Talavera de la Reina","article_published_time":"2025-04-05T15:36:15+00:00","author":"Superadministrador","twitter_card":"summary_large_image","twitter_misc":{"Escrito por":"Superadministrador","Tiempo de lectura":"1 minuto"},"schema":{"@context":"https:\/\/schema.org","@graph":[{"@type":"Article","@id":"https:\/\/buenartevisual.com\/colegiotalavera\/2025\/04\/05\/alumnos-de-nuestro-colegio-en-el-campeonato-de-espana-de-selecciones-autonomicas-sub-12\/#article","isPartOf":{"@id":"https:\/\/buenartevisual.com\/colegiotalavera\/2025\/04\/05\/alumnos-de-nuestro-colegio-en-el-campeonato-de-espana-de-selecciones-autonomicas-sub-12\/"},"author":{"name":"Superadministrador","@id":"https:\/\/buenartevisual.com\/colegiotalavera\/#\/schema\/person\/ad110da6625b9c32f15289014f79a069"},"headline":"Alumnos de nuestro colegio en el Campeonato de Espa\u00f1a de Selecciones Auton\u00f3micas sub-12","datePublished":"2025-04-05T15:36:15+00:00","mainEntityOfPage":{"@id":"https:\/\/buenartevisual.com\/colegiotalavera\/2025\/04\/05\/alumnos-de-nuestro-colegio-en-el-campeonato-de-espana-de-selecciones-autonomicas-sub-12\/"},"wordCount":110,"publisher":{"@id":"https:\/\/buenartevisual.com\/colegiotalavera\/#organization"},"image":{"@id":"https:\/\/buenartevisual.com\/colegiotalavera\/2025\/04\/05\/alumnos-de-nuestro-colegio-en-el-campeonato-de-espana-de-selecciones-autonomicas-sub-12\/#primaryimage"},"thumbnailUrl":"","keywords":["Actividades","alumnos","Aprendizaje","Competiciones","educaci\u00f3n"],"articleSection":["Galer\u00eda"],"inLanguage":"es"},{"@type":"WebPage","@id":"https:\/\/buenartevisual.com\/colegiotalavera\/2025\/04\/05\/alumnos-de-nuestro-colegio-en-el-campeonato-de-espana-de-selecciones-autonomicas-sub-12\/","url":"https:\/\/buenartevisual.com\/colegiotalavera\/2025\/04\/05\/alumnos-de-nuestro-colegio-en-el-campeonato-de-espana-de-selecciones-autonomicas-sub-12\/","name":"Alumnos de nuestro colegio en el Campeonato de Espa\u00f1a de Selecciones Auton\u00f3micas sub-12 - Colegio Misioneras de la Providencia Talavera de la Reina","isPartOf":{"@id":"https:\/\/buenartevisual.com\/colegiotalavera\/#website"},"primaryImageOfPage":{"@id":"https:\/\/buenartevisual.com\/colegiotalavera\/2025\/04\/05\/alumnos-de-nuestro-colegio-en-el-campeonato-de-espana-de-selecciones-autonomicas-sub-12\/#primaryimage"},"image":{"@id":"https:\/\/buenartevisual.com\/colegiotalavera\/2025\/04\/05\/alumnos-de-nuestro-colegio-en-el-campeonato-de-espana-de-selecciones-autonomicas-sub-12\/#primaryimage"},"thumbnailUrl":"","datePublished":"2025-04-05T15:36:15+00:00","breadcrumb":{"@id":"https:\/\/buenartevisual.com\/colegiotalavera\/2025\/04\/05\/alumnos-de-nuestro-colegio-en-el-campeonato-de-espana-de-selecciones-autonomicas-sub-12\/#breadcrumb"},"inLanguage":"es","potentialAction":[{"@type":"ReadAction","target":["https:\/\/buenartevisual.com\/colegiotalavera\/2025\/04\/05\/alumnos-de-nuestro-colegio-en-el-campeonato-de-espana-de-selecciones-autonomicas-sub-12\/"]}]},{"@type":"ImageObject","inLanguage":"es","@id":"https:\/\/buenartevisual.com\/colegiotalavera\/2025\/04\/05\/alumnos-de-nuestro-colegio-en-el-campeonato-de-espana-de-selecciones-autonomicas-sub-12\/#primaryimage","url":"","contentUrl":""},{"@type":"BreadcrumbList","@id":"https:\/\/buenartevisual.com\/colegiotalavera\/2025\/04\/05\/alumnos-de-nuestro-colegio-en-el-campeonato-de-espana-de-selecciones-autonomicas-sub-12\/#breadcrumb","itemListElement":[{"@type":"ListItem","position":1,"name":"Portada","item":"https:\/\/buenartevisual.com\/colegiotalavera\/"},{"@type":"ListItem","position":2,"name":"Alumnos de nuestro colegio en el Campeonato de Espa\u00f1a de Selecciones Auton\u00f3micas sub-12"}]},{"@type":"WebSite","@id":"https:\/\/buenartevisual.com\/colegiotalavera\/#website","url":"https:\/\/buenartevisual.com\/colegiotalavera\/","name":"Colegio Misioneras de la Providencia Talavera de la Reina","description":"Web del colegio Misioneras de la Providencia de Talavera de la Reina","publisher":{"@id":"https:\/\/buenartevisual.com\/colegiotalavera\/#organization"},"potentialAction":[{"@type":"SearchAction","target":{"@type":"EntryPoint","urlTemplate":"https:\/\/buenartevisual.com\/colegiotalavera\/?s={search_term_string}"},"query-input":{"@type":"PropertyValueSpecification","valueRequired":true,"valueName":"search_term_string"}}],"inLanguage":"es"},{"@type":"Organization","@id":"https:\/\/buenartevisual.com\/colegiotalavera\/#organization","name":"Colegio Misioneras de la Providencia Talavera de la Reina","url":"https:\/\/buenartevisual.com\/colegiotalavera\/","logo":{"@type":"ImageObject","inLanguage":"es","@id":"https:\/\/buenartevisual.com\/colegiotalavera\/#\/schema\/logo\/image\/","url":"https:\/\/buenartevisual.com\/colegiotalavera\/wp-content\/uploads\/2025\/10\/logo-misioneras-talavera.png","contentUrl":"https:\/\/buenartevisual.com\/colegiotalavera\/wp-content\/uploads\/2025\/10\/logo-misioneras-talavera.png","width":447,"height":142,"caption":"Colegio Misioneras de la Providencia Talavera de la Reina"},"image":{"@id":"https:\/\/buenartevisual.com\/colegiotalavera\/#\/schema\/logo\/image\/"}},{"@type":"Person","@id":"https:\/\/buenartevisual.com\/colegiotalavera\/#\/schema\/person\/ad110da6625b9c32f15289014f79a069","name":"Superadministrador","image":{"@type":"ImageObject","inLanguage":"es","@id":"https:\/\/buenartevisual.com\/colegiotalavera\/#\/schema\/person\/image\/","url":"https:\/\/secure.gravatar.com\/avatar\/df06c07e05e61dc70ae539d53ff0cc8942dab6bad37c86f1ad69468b5c4fa9c6?s=80&d=mm&r=g","contentUrl":"https:\/\/secure.gravatar.com\/avatar\/df06c07e05e61dc70ae539d53ff0cc8942dab6bad37c86f1ad69468b5c4fa9c6?s=80&d=mm&r=g","caption":"Superadministrador"},"sameAs":["https:\/\/buenartevisual.com\/colegiotalavera"],"url":"https:\/\/buenartevisual.com\/colegiotalavera\/author\/superadministrador\/"}]}},"_links":{"self":[{"href":"https:\/\/buenartevisual.com\/colegiotalavera\/wp-json\/wp\/v2\/posts\/13399","targetHints":{"allow":["GET"]}}],"collection":[{"href":"https:\/\/buenartevisual.com\/colegiotalavera\/wp-json\/wp\/v2\/posts"}],"about":[{"href":"https:\/\/buenartevisual.com\/colegiotalavera\/wp-json\/wp\/v2\/types\/post"}],"author":[{"embeddable":true,"href":"https:\/\/buenartevisual.com\/colegiotalavera\/wp-json\/wp\/v2\/users\/1"}],"replies":[{"embeddable":true,"href":"https:\/\/buenartevisual.com\/colegiotalavera\/wp-json\/wp\/v2\/comments?post=13399"}],"version-history":[{"count":0,"href":"https:\/\/buenartevisual.com\/colegiotalavera\/wp-json\/wp\/v2\/posts\/13399\/revisions"}],"wp:featuredmedia":[{"embeddable":true,"href":"https:\/\/buenartevisual.com\/colegiotalavera\/wp-json\/"}],"wp:attachment":[{"href":"https:\/\/buenartevisual.com\/colegiotalavera\/wp-json\/wp\/v2\/media?parent=13399"}],"wp:term":[{"taxonomy":"category","embeddable":true,"href":"https:\/\/buenartevisual.com\/colegiotalavera\/wp-json\/wp\/v2\/categories?post=13399"},{"taxonomy":"post_tag","embeddable":true,"href":"https:\/\/buenartevisual.com\/colegiotalavera\/wp-json\/wp\/v2\/tags?post=13399"}],"curies":[{"name":"wp","href":"https:\/\/api.w.org\/{rel}","templated":true}]}}