{"id":13347,"date":"2025-03-31T22:59:20","date_gmt":"2025-03-31T20:59:20","guid":{"rendered":"https:\/\/misionerastalavera.es\/?p=13347"},"modified":"2025-03-31T22:59:20","modified_gmt":"2025-03-31T20:59:20","slug":"cronica-del-dia-del-deporte-2025","status":"publish","type":"post","link":"https:\/\/buenartevisual.com\/colegiotalavera\/2025\/03\/31\/cronica-del-dia-del-deporte-2025\/","title":{"rendered":"Cr\u00f3nica del D\u00eda del Deporte 2025"},"content":{"rendered":"<p>Con una semana de retraso por las condiciones meteorol\u00f3gicas, por fin pudimos celebrar el D\u00eda del Deporte 2025, organizado por la Asociaci\u00f3n de Madres y Padres de Alumnos. Fue un d\u00eda de sol radiante, totalmente primaveral, en el que familias enteras compartieron su pasi\u00f3n por las actividades deportivas, algo que favorece la convivencia y la salud f\u00edsica y mental. Hubo muchos juegos, risas, sorpresas, competiciones&#8230; Tambi\u00e9n hicieron acto de presencia miembros del cuerpo t\u00e9cnico del CF Talavera, que firmaron aut\u00f3grafos y contestaron a las preguntas de sus seguidores. \u00a1Una gran jornada para el recuerdo! Adem\u00e1s de las fotos que aqu\u00ed mostramos, hay m\u00e1s fotos y v\u00eddeos en este <a href=\"https:\/\/drive.google.com\/drive\/folders\/1o_fiG8Ip20v5EKxEyfx9ET0ayr0Hz5tg?usp=sharing\">enlace<\/a>.<\/p>\n\n","protected":false},"excerpt":{"rendered":"<p>Con una semana de retraso por las condiciones meteorol\u00f3gicas, por fin pudimos celebrar el D\u00eda del Deporte 2025, organizado por la Asociaci\u00f3n de Madres y Padres de Alumnos. Fue un d\u00eda de sol radiante, totalmente primaveral, en el que familias enteras compartieron su pasi\u00f3n por las actividades deportivas, algo que favorece la convivencia y la [&hellip;]<\/p>\n","protected":false},"author":1,"featured_media":13388,"comment_status":"closed","ping_status":"open","sticky":false,"template":"","format":"standard","meta":{"footnotes":""},"categories":[309],"tags":[306,313,310,263,337,272,307,259,276],"class_list":["post-13347","post","type-post","status-publish","format-standard","has-post-thumbnail","hentry","category-ampa","tag-actividades","tag-alumnos","tag-ampa","tag-aprendizaje","tag-competiciones","tag-convivencia","tag-dias-especiales","tag-educacion","tag-empatia"],"yoast_head":"<!-- This site is optimized with the Yoast SEO plugin v26.5 - https:\/\/yoast.com\/wordpress\/plugins\/seo\/ -->\n<title>Cr\u00f3nica del D\u00eda del Deporte 2025 - Colegio Misioneras de la Providencia Talavera de la Reina<\/title>\n<meta name=\"robots\" content=\"noindex, follow, max-snippet:-1, max-image-preview:large, max-video-preview:-1\" \/>\n<meta property=\"og:locale\" content=\"es_ES\" \/>\n<meta property=\"og:type\" content=\"article\" \/>\n<meta property=\"og:title\" content=\"Cr\u00f3nica del D\u00eda del Deporte 2025 - Colegio Misioneras de la Providencia Talavera de la Reina\" \/>\n<meta property=\"og:description\" content=\"Con una semana de retraso por las condiciones meteorol\u00f3gicas, por fin pudimos celebrar el D\u00eda del Deporte 2025, organizado por la Asociaci\u00f3n de Madres y Padres de Alumnos. Fue un d\u00eda de sol radiante, totalmente primaveral, en el que familias enteras compartieron su pasi\u00f3n por las actividades deportivas, algo que favorece la convivencia y la [&hellip;]\" \/>\n<meta property=\"og:url\" content=\"https:\/\/buenartevisual.com\/colegiotalavera\/2025\/03\/31\/cronica-del-dia-del-deporte-2025\/\" \/>\n<meta property=\"og:site_name\" content=\"Colegio Misioneras de la Providencia Talavera de la Reina\" \/>\n<meta property=\"article:published_time\" content=\"2025-03-31T20:59:20+00:00\" \/>\n<meta name=\"author\" content=\"Superadministrador\" \/>\n<meta name=\"twitter:card\" content=\"summary_large_image\" \/>\n<meta name=\"twitter:label1\" content=\"Escrito por\" \/>\n\t<meta name=\"twitter:data1\" content=\"Superadministrador\" \/>\n\t<meta name=\"twitter:label2\" content=\"Tiempo de lectura\" \/>\n\t<meta name=\"twitter:data2\" content=\"1 minuto\" \/>\n<script type=\"application\/ld+json\" class=\"yoast-schema-graph\">{\"@context\":\"https:\/\/schema.org\",\"@graph\":[{\"@type\":\"Article\",\"@id\":\"https:\/\/buenartevisual.com\/colegiotalavera\/2025\/03\/31\/cronica-del-dia-del-deporte-2025\/#article\",\"isPartOf\":{\"@id\":\"https:\/\/buenartevisual.com\/colegiotalavera\/2025\/03\/31\/cronica-del-dia-del-deporte-2025\/\"},\"author\":{\"name\":\"Superadministrador\",\"@id\":\"https:\/\/buenartevisual.com\/colegiotalavera\/#\/schema\/person\/ad110da6625b9c32f15289014f79a069\"},\"headline\":\"Cr\u00f3nica del D\u00eda del Deporte 2025\",\"datePublished\":\"2025-03-31T20:59:20+00:00\",\"mainEntityOfPage\":{\"@id\":\"https:\/\/buenartevisual.com\/colegiotalavera\/2025\/03\/31\/cronica-del-dia-del-deporte-2025\/\"},\"wordCount\":135,\"publisher\":{\"@id\":\"https:\/\/buenartevisual.com\/colegiotalavera\/#organization\"},\"image\":{\"@id\":\"https:\/\/buenartevisual.com\/colegiotalavera\/2025\/03\/31\/cronica-del-dia-del-deporte-2025\/#primaryimage\"},\"thumbnailUrl\":\"\",\"keywords\":[\"Actividades\",\"alumnos\",\"AMPA\",\"Aprendizaje\",\"Competiciones\",\"Convivencia\",\"D\u00edas especiales\",\"educaci\u00f3n\",\"Empat\u00eda\"],\"articleSection\":[\"AMPA\"],\"inLanguage\":\"es\"},{\"@type\":\"WebPage\",\"@id\":\"https:\/\/buenartevisual.com\/colegiotalavera\/2025\/03\/31\/cronica-del-dia-del-deporte-2025\/\",\"url\":\"https:\/\/buenartevisual.com\/colegiotalavera\/2025\/03\/31\/cronica-del-dia-del-deporte-2025\/\",\"name\":\"Cr\u00f3nica del D\u00eda del Deporte 2025 - Colegio Misioneras de la Providencia Talavera de la Reina\",\"isPartOf\":{\"@id\":\"https:\/\/buenartevisual.com\/colegiotalavera\/#website\"},\"primaryImageOfPage\":{\"@id\":\"https:\/\/buenartevisual.com\/colegiotalavera\/2025\/03\/31\/cronica-del-dia-del-deporte-2025\/#primaryimage\"},\"image\":{\"@id\":\"https:\/\/buenartevisual.com\/colegiotalavera\/2025\/03\/31\/cronica-del-dia-del-deporte-2025\/#primaryimage\"},\"thumbnailUrl\":\"\",\"datePublished\":\"2025-03-31T20:59:20+00:00\",\"breadcrumb\":{\"@id\":\"https:\/\/buenartevisual.com\/colegiotalavera\/2025\/03\/31\/cronica-del-dia-del-deporte-2025\/#breadcrumb\"},\"inLanguage\":\"es\",\"potentialAction\":[{\"@type\":\"ReadAction\",\"target\":[\"https:\/\/buenartevisual.com\/colegiotalavera\/2025\/03\/31\/cronica-del-dia-del-deporte-2025\/\"]}]},{\"@type\":\"ImageObject\",\"inLanguage\":\"es\",\"@id\":\"https:\/\/buenartevisual.com\/colegiotalavera\/2025\/03\/31\/cronica-del-dia-del-deporte-2025\/#primaryimage\",\"url\":\"\",\"contentUrl\":\"\"},{\"@type\":\"BreadcrumbList\",\"@id\":\"https:\/\/buenartevisual.com\/colegiotalavera\/2025\/03\/31\/cronica-del-dia-del-deporte-2025\/#breadcrumb\",\"itemListElement\":[{\"@type\":\"ListItem\",\"position\":1,\"name\":\"Portada\",\"item\":\"https:\/\/buenartevisual.com\/colegiotalavera\/\"},{\"@type\":\"ListItem\",\"position\":2,\"name\":\"Cr\u00f3nica del D\u00eda del Deporte 2025\"}]},{\"@type\":\"WebSite\",\"@id\":\"https:\/\/buenartevisual.com\/colegiotalavera\/#website\",\"url\":\"https:\/\/buenartevisual.com\/colegiotalavera\/\",\"name\":\"Colegio Misioneras de la Providencia Talavera de la Reina\",\"description\":\"Web del colegio Misioneras de la Providencia de Talavera de la Reina\",\"publisher\":{\"@id\":\"https:\/\/buenartevisual.com\/colegiotalavera\/#organization\"},\"potentialAction\":[{\"@type\":\"SearchAction\",\"target\":{\"@type\":\"EntryPoint\",\"urlTemplate\":\"https:\/\/buenartevisual.com\/colegiotalavera\/?s={search_term_string}\"},\"query-input\":{\"@type\":\"PropertyValueSpecification\",\"valueRequired\":true,\"valueName\":\"search_term_string\"}}],\"inLanguage\":\"es\"},{\"@type\":\"Organization\",\"@id\":\"https:\/\/buenartevisual.com\/colegiotalavera\/#organization\",\"name\":\"Colegio Misioneras de la Providencia Talavera de la Reina\",\"url\":\"https:\/\/buenartevisual.com\/colegiotalavera\/\",\"logo\":{\"@type\":\"ImageObject\",\"inLanguage\":\"es\",\"@id\":\"https:\/\/buenartevisual.com\/colegiotalavera\/#\/schema\/logo\/image\/\",\"url\":\"https:\/\/buenartevisual.com\/colegiotalavera\/wp-content\/uploads\/2025\/10\/logo-misioneras-talavera.png\",\"contentUrl\":\"https:\/\/buenartevisual.com\/colegiotalavera\/wp-content\/uploads\/2025\/10\/logo-misioneras-talavera.png\",\"width\":447,\"height\":142,\"caption\":\"Colegio Misioneras de la Providencia Talavera de la Reina\"},\"image\":{\"@id\":\"https:\/\/buenartevisual.com\/colegiotalavera\/#\/schema\/logo\/image\/\"}},{\"@type\":\"Person\",\"@id\":\"https:\/\/buenartevisual.com\/colegiotalavera\/#\/schema\/person\/ad110da6625b9c32f15289014f79a069\",\"name\":\"Superadministrador\",\"image\":{\"@type\":\"ImageObject\",\"inLanguage\":\"es\",\"@id\":\"https:\/\/buenartevisual.com\/colegiotalavera\/#\/schema\/person\/image\/\",\"url\":\"https:\/\/secure.gravatar.com\/avatar\/df06c07e05e61dc70ae539d53ff0cc8942dab6bad37c86f1ad69468b5c4fa9c6?s=80&d=mm&r=g\",\"contentUrl\":\"https:\/\/secure.gravatar.com\/avatar\/df06c07e05e61dc70ae539d53ff0cc8942dab6bad37c86f1ad69468b5c4fa9c6?s=80&d=mm&r=g\",\"caption\":\"Superadministrador\"},\"sameAs\":[\"https:\/\/buenartevisual.com\/colegiotalavera\"],\"url\":\"https:\/\/buenartevisual.com\/colegiotalavera\/author\/superadministrador\/\"}]}<\/script>\n<!-- \/ Yoast SEO plugin. -->","yoast_head_json":{"title":"Cr\u00f3nica del D\u00eda del Deporte 2025 - Colegio Misioneras de la Providencia Talavera de la Reina","robots":{"index":"noindex","follow":"follow","max-snippet":"max-snippet:-1","max-image-preview":"max-image-preview:large","max-video-preview":"max-video-preview:-1"},"og_locale":"es_ES","og_type":"article","og_title":"Cr\u00f3nica del D\u00eda del Deporte 2025 - Colegio Misioneras de la Providencia Talavera de la Reina","og_description":"Con una semana de retraso por las condiciones meteorol\u00f3gicas, por fin pudimos celebrar el D\u00eda del Deporte 2025, organizado por la Asociaci\u00f3n de Madres y Padres de Alumnos. Fue un d\u00eda de sol radiante, totalmente primaveral, en el que familias enteras compartieron su pasi\u00f3n por las actividades deportivas, algo que favorece la convivencia y la [&hellip;]","og_url":"https:\/\/buenartevisual.com\/colegiotalavera\/2025\/03\/31\/cronica-del-dia-del-deporte-2025\/","og_site_name":"Colegio Misioneras de la Providencia Talavera de la Reina","article_published_time":"2025-03-31T20:59:20+00:00","author":"Superadministrador","twitter_card":"summary_large_image","twitter_misc":{"Escrito por":"Superadministrador","Tiempo de lectura":"1 minuto"},"schema":{"@context":"https:\/\/schema.org","@graph":[{"@type":"Article","@id":"https:\/\/buenartevisual.com\/colegiotalavera\/2025\/03\/31\/cronica-del-dia-del-deporte-2025\/#article","isPartOf":{"@id":"https:\/\/buenartevisual.com\/colegiotalavera\/2025\/03\/31\/cronica-del-dia-del-deporte-2025\/"},"author":{"name":"Superadministrador","@id":"https:\/\/buenartevisual.com\/colegiotalavera\/#\/schema\/person\/ad110da6625b9c32f15289014f79a069"},"headline":"Cr\u00f3nica del D\u00eda del Deporte 2025","datePublished":"2025-03-31T20:59:20+00:00","mainEntityOfPage":{"@id":"https:\/\/buenartevisual.com\/colegiotalavera\/2025\/03\/31\/cronica-del-dia-del-deporte-2025\/"},"wordCount":135,"publisher":{"@id":"https:\/\/buenartevisual.com\/colegiotalavera\/#organization"},"image":{"@id":"https:\/\/buenartevisual.com\/colegiotalavera\/2025\/03\/31\/cronica-del-dia-del-deporte-2025\/#primaryimage"},"thumbnailUrl":"","keywords":["Actividades","alumnos","AMPA","Aprendizaje","Competiciones","Convivencia","D\u00edas especiales","educaci\u00f3n","Empat\u00eda"],"articleSection":["AMPA"],"inLanguage":"es"},{"@type":"WebPage","@id":"https:\/\/buenartevisual.com\/colegiotalavera\/2025\/03\/31\/cronica-del-dia-del-deporte-2025\/","url":"https:\/\/buenartevisual.com\/colegiotalavera\/2025\/03\/31\/cronica-del-dia-del-deporte-2025\/","name":"Cr\u00f3nica del D\u00eda del Deporte 2025 - Colegio Misioneras de la Providencia Talavera de la Reina","isPartOf":{"@id":"https:\/\/buenartevisual.com\/colegiotalavera\/#website"},"primaryImageOfPage":{"@id":"https:\/\/buenartevisual.com\/colegiotalavera\/2025\/03\/31\/cronica-del-dia-del-deporte-2025\/#primaryimage"},"image":{"@id":"https:\/\/buenartevisual.com\/colegiotalavera\/2025\/03\/31\/cronica-del-dia-del-deporte-2025\/#primaryimage"},"thumbnailUrl":"","datePublished":"2025-03-31T20:59:20+00:00","breadcrumb":{"@id":"https:\/\/buenartevisual.com\/colegiotalavera\/2025\/03\/31\/cronica-del-dia-del-deporte-2025\/#breadcrumb"},"inLanguage":"es","potentialAction":[{"@type":"ReadAction","target":["https:\/\/buenartevisual.com\/colegiotalavera\/2025\/03\/31\/cronica-del-dia-del-deporte-2025\/"]}]},{"@type":"ImageObject","inLanguage":"es","@id":"https:\/\/buenartevisual.com\/colegiotalavera\/2025\/03\/31\/cronica-del-dia-del-deporte-2025\/#primaryimage","url":"","contentUrl":""},{"@type":"BreadcrumbList","@id":"https:\/\/buenartevisual.com\/colegiotalavera\/2025\/03\/31\/cronica-del-dia-del-deporte-2025\/#breadcrumb","itemListElement":[{"@type":"ListItem","position":1,"name":"Portada","item":"https:\/\/buenartevisual.com\/colegiotalavera\/"},{"@type":"ListItem","position":2,"name":"Cr\u00f3nica del D\u00eda del Deporte 2025"}]},{"@type":"WebSite","@id":"https:\/\/buenartevisual.com\/colegiotalavera\/#website","url":"https:\/\/buenartevisual.com\/colegiotalavera\/","name":"Colegio Misioneras de la Providencia Talavera de la Reina","description":"Web del colegio Misioneras de la Providencia de Talavera de la Reina","publisher":{"@id":"https:\/\/buenartevisual.com\/colegiotalavera\/#organization"},"potentialAction":[{"@type":"SearchAction","target":{"@type":"EntryPoint","urlTemplate":"https:\/\/buenartevisual.com\/colegiotalavera\/?s={search_term_string}"},"query-input":{"@type":"PropertyValueSpecification","valueRequired":true,"valueName":"search_term_string"}}],"inLanguage":"es"},{"@type":"Organization","@id":"https:\/\/buenartevisual.com\/colegiotalavera\/#organization","name":"Colegio Misioneras de la Providencia Talavera de la Reina","url":"https:\/\/buenartevisual.com\/colegiotalavera\/","logo":{"@type":"ImageObject","inLanguage":"es","@id":"https:\/\/buenartevisual.com\/colegiotalavera\/#\/schema\/logo\/image\/","url":"https:\/\/buenartevisual.com\/colegiotalavera\/wp-content\/uploads\/2025\/10\/logo-misioneras-talavera.png","contentUrl":"https:\/\/buenartevisual.com\/colegiotalavera\/wp-content\/uploads\/2025\/10\/logo-misioneras-talavera.png","width":447,"height":142,"caption":"Colegio Misioneras de la Providencia Talavera de la Reina"},"image":{"@id":"https:\/\/buenartevisual.com\/colegiotalavera\/#\/schema\/logo\/image\/"}},{"@type":"Person","@id":"https:\/\/buenartevisual.com\/colegiotalavera\/#\/schema\/person\/ad110da6625b9c32f15289014f79a069","name":"Superadministrador","image":{"@type":"ImageObject","inLanguage":"es","@id":"https:\/\/buenartevisual.com\/colegiotalavera\/#\/schema\/person\/image\/","url":"https:\/\/secure.gravatar.com\/avatar\/df06c07e05e61dc70ae539d53ff0cc8942dab6bad37c86f1ad69468b5c4fa9c6?s=80&d=mm&r=g","contentUrl":"https:\/\/secure.gravatar.com\/avatar\/df06c07e05e61dc70ae539d53ff0cc8942dab6bad37c86f1ad69468b5c4fa9c6?s=80&d=mm&r=g","caption":"Superadministrador"},"sameAs":["https:\/\/buenartevisual.com\/colegiotalavera"],"url":"https:\/\/buenartevisual.com\/colegiotalavera\/author\/superadministrador\/"}]}},"_links":{"self":[{"href":"https:\/\/buenartevisual.com\/colegiotalavera\/wp-json\/wp\/v2\/posts\/13347","targetHints":{"allow":["GET"]}}],"collection":[{"href":"https:\/\/buenartevisual.com\/colegiotalavera\/wp-json\/wp\/v2\/posts"}],"about":[{"href":"https:\/\/buenartevisual.com\/colegiotalavera\/wp-json\/wp\/v2\/types\/post"}],"author":[{"embeddable":true,"href":"https:\/\/buenartevisual.com\/colegiotalavera\/wp-json\/wp\/v2\/users\/1"}],"replies":[{"embeddable":true,"href":"https:\/\/buenartevisual.com\/colegiotalavera\/wp-json\/wp\/v2\/comments?post=13347"}],"version-history":[{"count":0,"href":"https:\/\/buenartevisual.com\/colegiotalavera\/wp-json\/wp\/v2\/posts\/13347\/revisions"}],"wp:featuredmedia":[{"embeddable":true,"href":"https:\/\/buenartevisual.com\/colegiotalavera\/wp-json\/"}],"wp:attachment":[{"href":"https:\/\/buenartevisual.com\/colegiotalavera\/wp-json\/wp\/v2\/media?parent=13347"}],"wp:term":[{"taxonomy":"category","embeddable":true,"href":"https:\/\/buenartevisual.com\/colegiotalavera\/wp-json\/wp\/v2\/categories?post=13347"},{"taxonomy":"post_tag","embeddable":true,"href":"https:\/\/buenartevisual.com\/colegiotalavera\/wp-json\/wp\/v2\/tags?post=13347"}],"curies":[{"name":"wp","href":"https:\/\/api.w.org\/{rel}","templated":true}]}}