{"id":13182,"date":"2025-02-19T23:47:21","date_gmt":"2025-02-19T22:47:21","guid":{"rendered":"https:\/\/misionerastalavera.es\/?p=13182"},"modified":"2025-02-19T23:47:21","modified_gmt":"2025-02-19T22:47:21","slug":"visita-pastoral-de-monsenor-francisco-cerro-a-nuestro-colegio","status":"publish","type":"post","link":"https:\/\/buenartevisual.com\/colegiotalavera\/2025\/02\/19\/visita-pastoral-de-monsenor-francisco-cerro-a-nuestro-colegio\/","title":{"rendered":"Visita pastoral de monse\u00f1or Francisco Cerro a nuestro colegio"},"content":{"rendered":"<p>El d\u00eda 7 de febrero, pocos d\u00edas despu\u00e9s de la celebraci\u00f3n del aniversario de nuestra Congregaci\u00f3n, fue un d\u00eda muy especial para nuestro centro, ya que recibimos la visita de monse\u00f1or Francisco Cerro, arzobispo de Toledo, como parte de su visita pastoral por las diversas parroquias de Talavera. Despu\u00e9s de un refrigerio, don Francisco pas\u00f3 a la capilla; all\u00ed fue recibido con gran entusiasmo por los alumnos de Infantil y primeros cursos de Primaria, que terminaron cantando para \u00e9l. Despu\u00e9s subi\u00f3 al sal\u00f3n de actos, donde lo esperaban los mayores del colegio, de Secundaria y de los \u00faltimos cursos de Primaria, quienes lo acogieron con expectaci\u00f3n. Unos alumnos de 4\u00ba leyeron un peque\u00f1o texto sobre el car\u00e1cter de nuestro colegio y despu\u00e9s don Francisco explic\u00f3 a los alumnos detalles y curiosidades relacionados con su cargo eclesi\u00e1stico. La visita termin\u00f3 con la entrega de algunos regalos hechos por alumnos de colegio: relatos y retratos hechos con diversas t\u00e9cnicas pict\u00f3ricas, que nuestro arzobispo recibi\u00f3 con amable gratitud. Enlace al v\u00eddeo de los alumnos de Infantil y Primaria cantando en la capilla: <a href=\"https:\/\/buenartevisual.com\/colegiotalavera\/wp-content\/uploads\/2025\/02\/IMG_6491.mov\">IMG_6491.<\/a><\/p>\n\n","protected":false},"excerpt":{"rendered":"<p>El d\u00eda 7 de febrero, pocos d\u00edas despu\u00e9s de la celebraci\u00f3n del aniversario de nuestra Congregaci\u00f3n, fue un d\u00eda muy especial para nuestro centro, ya que recibimos la visita de monse\u00f1or Francisco Cerro, arzobispo de Toledo, como parte de su visita pastoral por las diversas parroquias de Talavera. Despu\u00e9s de un refrigerio, don Francisco pas\u00f3 [&hellip;]<\/p>\n","protected":false},"author":1,"featured_media":13199,"comment_status":"closed","ping_status":"open","sticky":false,"template":"","format":"standard","meta":{"footnotes":""},"categories":[285],"tags":[263,275,307],"class_list":["post-13182","post","type-post","status-publish","format-standard","has-post-thumbnail","hentry","category-galeria","tag-aprendizaje","tag-cristianismo","tag-dias-especiales"],"yoast_head":"<!-- This site is optimized with the Yoast SEO plugin v26.5 - https:\/\/yoast.com\/wordpress\/plugins\/seo\/ -->\n<title>Visita pastoral de monse\u00f1or Francisco Cerro a nuestro colegio - Colegio Misioneras de la Providencia Talavera de la Reina<\/title>\n<meta name=\"robots\" content=\"noindex, follow, max-snippet:-1, max-image-preview:large, max-video-preview:-1\" \/>\n<meta property=\"og:locale\" content=\"es_ES\" \/>\n<meta property=\"og:type\" content=\"article\" \/>\n<meta property=\"og:title\" content=\"Visita pastoral de monse\u00f1or Francisco Cerro a nuestro colegio - Colegio Misioneras de la Providencia Talavera de la Reina\" \/>\n<meta property=\"og:description\" content=\"El d\u00eda 7 de febrero, pocos d\u00edas despu\u00e9s de la celebraci\u00f3n del aniversario de nuestra Congregaci\u00f3n, fue un d\u00eda muy especial para nuestro centro, ya que recibimos la visita de monse\u00f1or Francisco Cerro, arzobispo de Toledo, como parte de su visita pastoral por las diversas parroquias de Talavera. Despu\u00e9s de un refrigerio, don Francisco pas\u00f3 [&hellip;]\" \/>\n<meta property=\"og:url\" content=\"https:\/\/buenartevisual.com\/colegiotalavera\/2025\/02\/19\/visita-pastoral-de-monsenor-francisco-cerro-a-nuestro-colegio\/\" \/>\n<meta property=\"og:site_name\" content=\"Colegio Misioneras de la Providencia Talavera de la Reina\" \/>\n<meta property=\"article:published_time\" content=\"2025-02-19T22:47:21+00:00\" \/>\n<meta name=\"author\" content=\"Superadministrador\" \/>\n<meta name=\"twitter:card\" content=\"summary_large_image\" \/>\n<meta name=\"twitter:label1\" content=\"Escrito por\" \/>\n\t<meta name=\"twitter:data1\" content=\"Superadministrador\" \/>\n\t<meta name=\"twitter:label2\" content=\"Tiempo de lectura\" \/>\n\t<meta name=\"twitter:data2\" content=\"2 minutos\" \/>\n<script type=\"application\/ld+json\" class=\"yoast-schema-graph\">{\"@context\":\"https:\/\/schema.org\",\"@graph\":[{\"@type\":\"Article\",\"@id\":\"https:\/\/buenartevisual.com\/colegiotalavera\/2025\/02\/19\/visita-pastoral-de-monsenor-francisco-cerro-a-nuestro-colegio\/#article\",\"isPartOf\":{\"@id\":\"https:\/\/buenartevisual.com\/colegiotalavera\/2025\/02\/19\/visita-pastoral-de-monsenor-francisco-cerro-a-nuestro-colegio\/\"},\"author\":{\"name\":\"Superadministrador\",\"@id\":\"https:\/\/buenartevisual.com\/colegiotalavera\/#\/schema\/person\/ad110da6625b9c32f15289014f79a069\"},\"headline\":\"Visita pastoral de monse\u00f1or Francisco Cerro a nuestro colegio\",\"datePublished\":\"2025-02-19T22:47:21+00:00\",\"mainEntityOfPage\":{\"@id\":\"https:\/\/buenartevisual.com\/colegiotalavera\/2025\/02\/19\/visita-pastoral-de-monsenor-francisco-cerro-a-nuestro-colegio\/\"},\"wordCount\":214,\"publisher\":{\"@id\":\"https:\/\/buenartevisual.com\/colegiotalavera\/#organization\"},\"image\":{\"@id\":\"https:\/\/buenartevisual.com\/colegiotalavera\/2025\/02\/19\/visita-pastoral-de-monsenor-francisco-cerro-a-nuestro-colegio\/#primaryimage\"},\"thumbnailUrl\":\"\",\"keywords\":[\"Aprendizaje\",\"Cristianismo\",\"D\u00edas especiales\"],\"articleSection\":[\"Galer\u00eda\"],\"inLanguage\":\"es\"},{\"@type\":\"WebPage\",\"@id\":\"https:\/\/buenartevisual.com\/colegiotalavera\/2025\/02\/19\/visita-pastoral-de-monsenor-francisco-cerro-a-nuestro-colegio\/\",\"url\":\"https:\/\/buenartevisual.com\/colegiotalavera\/2025\/02\/19\/visita-pastoral-de-monsenor-francisco-cerro-a-nuestro-colegio\/\",\"name\":\"Visita pastoral de monse\u00f1or Francisco Cerro a nuestro colegio - Colegio Misioneras de la Providencia Talavera de la Reina\",\"isPartOf\":{\"@id\":\"https:\/\/buenartevisual.com\/colegiotalavera\/#website\"},\"primaryImageOfPage\":{\"@id\":\"https:\/\/buenartevisual.com\/colegiotalavera\/2025\/02\/19\/visita-pastoral-de-monsenor-francisco-cerro-a-nuestro-colegio\/#primaryimage\"},\"image\":{\"@id\":\"https:\/\/buenartevisual.com\/colegiotalavera\/2025\/02\/19\/visita-pastoral-de-monsenor-francisco-cerro-a-nuestro-colegio\/#primaryimage\"},\"thumbnailUrl\":\"\",\"datePublished\":\"2025-02-19T22:47:21+00:00\",\"breadcrumb\":{\"@id\":\"https:\/\/buenartevisual.com\/colegiotalavera\/2025\/02\/19\/visita-pastoral-de-monsenor-francisco-cerro-a-nuestro-colegio\/#breadcrumb\"},\"inLanguage\":\"es\",\"potentialAction\":[{\"@type\":\"ReadAction\",\"target\":[\"https:\/\/buenartevisual.com\/colegiotalavera\/2025\/02\/19\/visita-pastoral-de-monsenor-francisco-cerro-a-nuestro-colegio\/\"]}]},{\"@type\":\"ImageObject\",\"inLanguage\":\"es\",\"@id\":\"https:\/\/buenartevisual.com\/colegiotalavera\/2025\/02\/19\/visita-pastoral-de-monsenor-francisco-cerro-a-nuestro-colegio\/#primaryimage\",\"url\":\"\",\"contentUrl\":\"\"},{\"@type\":\"BreadcrumbList\",\"@id\":\"https:\/\/buenartevisual.com\/colegiotalavera\/2025\/02\/19\/visita-pastoral-de-monsenor-francisco-cerro-a-nuestro-colegio\/#breadcrumb\",\"itemListElement\":[{\"@type\":\"ListItem\",\"position\":1,\"name\":\"Portada\",\"item\":\"https:\/\/buenartevisual.com\/colegiotalavera\/\"},{\"@type\":\"ListItem\",\"position\":2,\"name\":\"Visita pastoral de monse\u00f1or Francisco Cerro a nuestro colegio\"}]},{\"@type\":\"WebSite\",\"@id\":\"https:\/\/buenartevisual.com\/colegiotalavera\/#website\",\"url\":\"https:\/\/buenartevisual.com\/colegiotalavera\/\",\"name\":\"Colegio Misioneras de la Providencia Talavera de la Reina\",\"description\":\"Web del colegio Misioneras de la Providencia de Talavera de la Reina\",\"publisher\":{\"@id\":\"https:\/\/buenartevisual.com\/colegiotalavera\/#organization\"},\"potentialAction\":[{\"@type\":\"SearchAction\",\"target\":{\"@type\":\"EntryPoint\",\"urlTemplate\":\"https:\/\/buenartevisual.com\/colegiotalavera\/?s={search_term_string}\"},\"query-input\":{\"@type\":\"PropertyValueSpecification\",\"valueRequired\":true,\"valueName\":\"search_term_string\"}}],\"inLanguage\":\"es\"},{\"@type\":\"Organization\",\"@id\":\"https:\/\/buenartevisual.com\/colegiotalavera\/#organization\",\"name\":\"Colegio Misioneras de la Providencia Talavera de la Reina\",\"url\":\"https:\/\/buenartevisual.com\/colegiotalavera\/\",\"logo\":{\"@type\":\"ImageObject\",\"inLanguage\":\"es\",\"@id\":\"https:\/\/buenartevisual.com\/colegiotalavera\/#\/schema\/logo\/image\/\",\"url\":\"https:\/\/buenartevisual.com\/colegiotalavera\/wp-content\/uploads\/2025\/10\/logo-misioneras-talavera.png\",\"contentUrl\":\"https:\/\/buenartevisual.com\/colegiotalavera\/wp-content\/uploads\/2025\/10\/logo-misioneras-talavera.png\",\"width\":447,\"height\":142,\"caption\":\"Colegio Misioneras de la Providencia Talavera de la Reina\"},\"image\":{\"@id\":\"https:\/\/buenartevisual.com\/colegiotalavera\/#\/schema\/logo\/image\/\"}},{\"@type\":\"Person\",\"@id\":\"https:\/\/buenartevisual.com\/colegiotalavera\/#\/schema\/person\/ad110da6625b9c32f15289014f79a069\",\"name\":\"Superadministrador\",\"image\":{\"@type\":\"ImageObject\",\"inLanguage\":\"es\",\"@id\":\"https:\/\/buenartevisual.com\/colegiotalavera\/#\/schema\/person\/image\/\",\"url\":\"https:\/\/secure.gravatar.com\/avatar\/df06c07e05e61dc70ae539d53ff0cc8942dab6bad37c86f1ad69468b5c4fa9c6?s=80&d=mm&r=g\",\"contentUrl\":\"https:\/\/secure.gravatar.com\/avatar\/df06c07e05e61dc70ae539d53ff0cc8942dab6bad37c86f1ad69468b5c4fa9c6?s=80&d=mm&r=g\",\"caption\":\"Superadministrador\"},\"sameAs\":[\"https:\/\/buenartevisual.com\/colegiotalavera\"],\"url\":\"https:\/\/buenartevisual.com\/colegiotalavera\/author\/superadministrador\/\"}]}<\/script>\n<!-- \/ Yoast SEO plugin. -->","yoast_head_json":{"title":"Visita pastoral de monse\u00f1or Francisco Cerro a nuestro colegio - Colegio Misioneras de la Providencia Talavera de la Reina","robots":{"index":"noindex","follow":"follow","max-snippet":"max-snippet:-1","max-image-preview":"max-image-preview:large","max-video-preview":"max-video-preview:-1"},"og_locale":"es_ES","og_type":"article","og_title":"Visita pastoral de monse\u00f1or Francisco Cerro a nuestro colegio - Colegio Misioneras de la Providencia Talavera de la Reina","og_description":"El d\u00eda 7 de febrero, pocos d\u00edas despu\u00e9s de la celebraci\u00f3n del aniversario de nuestra Congregaci\u00f3n, fue un d\u00eda muy especial para nuestro centro, ya que recibimos la visita de monse\u00f1or Francisco Cerro, arzobispo de Toledo, como parte de su visita pastoral por las diversas parroquias de Talavera. Despu\u00e9s de un refrigerio, don Francisco pas\u00f3 [&hellip;]","og_url":"https:\/\/buenartevisual.com\/colegiotalavera\/2025\/02\/19\/visita-pastoral-de-monsenor-francisco-cerro-a-nuestro-colegio\/","og_site_name":"Colegio Misioneras de la Providencia Talavera de la Reina","article_published_time":"2025-02-19T22:47:21+00:00","author":"Superadministrador","twitter_card":"summary_large_image","twitter_misc":{"Escrito por":"Superadministrador","Tiempo de lectura":"2 minutos"},"schema":{"@context":"https:\/\/schema.org","@graph":[{"@type":"Article","@id":"https:\/\/buenartevisual.com\/colegiotalavera\/2025\/02\/19\/visita-pastoral-de-monsenor-francisco-cerro-a-nuestro-colegio\/#article","isPartOf":{"@id":"https:\/\/buenartevisual.com\/colegiotalavera\/2025\/02\/19\/visita-pastoral-de-monsenor-francisco-cerro-a-nuestro-colegio\/"},"author":{"name":"Superadministrador","@id":"https:\/\/buenartevisual.com\/colegiotalavera\/#\/schema\/person\/ad110da6625b9c32f15289014f79a069"},"headline":"Visita pastoral de monse\u00f1or Francisco Cerro a nuestro colegio","datePublished":"2025-02-19T22:47:21+00:00","mainEntityOfPage":{"@id":"https:\/\/buenartevisual.com\/colegiotalavera\/2025\/02\/19\/visita-pastoral-de-monsenor-francisco-cerro-a-nuestro-colegio\/"},"wordCount":214,"publisher":{"@id":"https:\/\/buenartevisual.com\/colegiotalavera\/#organization"},"image":{"@id":"https:\/\/buenartevisual.com\/colegiotalavera\/2025\/02\/19\/visita-pastoral-de-monsenor-francisco-cerro-a-nuestro-colegio\/#primaryimage"},"thumbnailUrl":"","keywords":["Aprendizaje","Cristianismo","D\u00edas especiales"],"articleSection":["Galer\u00eda"],"inLanguage":"es"},{"@type":"WebPage","@id":"https:\/\/buenartevisual.com\/colegiotalavera\/2025\/02\/19\/visita-pastoral-de-monsenor-francisco-cerro-a-nuestro-colegio\/","url":"https:\/\/buenartevisual.com\/colegiotalavera\/2025\/02\/19\/visita-pastoral-de-monsenor-francisco-cerro-a-nuestro-colegio\/","name":"Visita pastoral de monse\u00f1or Francisco Cerro a nuestro colegio - Colegio Misioneras de la Providencia Talavera de la Reina","isPartOf":{"@id":"https:\/\/buenartevisual.com\/colegiotalavera\/#website"},"primaryImageOfPage":{"@id":"https:\/\/buenartevisual.com\/colegiotalavera\/2025\/02\/19\/visita-pastoral-de-monsenor-francisco-cerro-a-nuestro-colegio\/#primaryimage"},"image":{"@id":"https:\/\/buenartevisual.com\/colegiotalavera\/2025\/02\/19\/visita-pastoral-de-monsenor-francisco-cerro-a-nuestro-colegio\/#primaryimage"},"thumbnailUrl":"","datePublished":"2025-02-19T22:47:21+00:00","breadcrumb":{"@id":"https:\/\/buenartevisual.com\/colegiotalavera\/2025\/02\/19\/visita-pastoral-de-monsenor-francisco-cerro-a-nuestro-colegio\/#breadcrumb"},"inLanguage":"es","potentialAction":[{"@type":"ReadAction","target":["https:\/\/buenartevisual.com\/colegiotalavera\/2025\/02\/19\/visita-pastoral-de-monsenor-francisco-cerro-a-nuestro-colegio\/"]}]},{"@type":"ImageObject","inLanguage":"es","@id":"https:\/\/buenartevisual.com\/colegiotalavera\/2025\/02\/19\/visita-pastoral-de-monsenor-francisco-cerro-a-nuestro-colegio\/#primaryimage","url":"","contentUrl":""},{"@type":"BreadcrumbList","@id":"https:\/\/buenartevisual.com\/colegiotalavera\/2025\/02\/19\/visita-pastoral-de-monsenor-francisco-cerro-a-nuestro-colegio\/#breadcrumb","itemListElement":[{"@type":"ListItem","position":1,"name":"Portada","item":"https:\/\/buenartevisual.com\/colegiotalavera\/"},{"@type":"ListItem","position":2,"name":"Visita pastoral de monse\u00f1or Francisco Cerro a nuestro colegio"}]},{"@type":"WebSite","@id":"https:\/\/buenartevisual.com\/colegiotalavera\/#website","url":"https:\/\/buenartevisual.com\/colegiotalavera\/","name":"Colegio Misioneras de la Providencia Talavera de la Reina","description":"Web del colegio Misioneras de la Providencia de Talavera de la Reina","publisher":{"@id":"https:\/\/buenartevisual.com\/colegiotalavera\/#organization"},"potentialAction":[{"@type":"SearchAction","target":{"@type":"EntryPoint","urlTemplate":"https:\/\/buenartevisual.com\/colegiotalavera\/?s={search_term_string}"},"query-input":{"@type":"PropertyValueSpecification","valueRequired":true,"valueName":"search_term_string"}}],"inLanguage":"es"},{"@type":"Organization","@id":"https:\/\/buenartevisual.com\/colegiotalavera\/#organization","name":"Colegio Misioneras de la Providencia Talavera de la Reina","url":"https:\/\/buenartevisual.com\/colegiotalavera\/","logo":{"@type":"ImageObject","inLanguage":"es","@id":"https:\/\/buenartevisual.com\/colegiotalavera\/#\/schema\/logo\/image\/","url":"https:\/\/buenartevisual.com\/colegiotalavera\/wp-content\/uploads\/2025\/10\/logo-misioneras-talavera.png","contentUrl":"https:\/\/buenartevisual.com\/colegiotalavera\/wp-content\/uploads\/2025\/10\/logo-misioneras-talavera.png","width":447,"height":142,"caption":"Colegio Misioneras de la Providencia Talavera de la Reina"},"image":{"@id":"https:\/\/buenartevisual.com\/colegiotalavera\/#\/schema\/logo\/image\/"}},{"@type":"Person","@id":"https:\/\/buenartevisual.com\/colegiotalavera\/#\/schema\/person\/ad110da6625b9c32f15289014f79a069","name":"Superadministrador","image":{"@type":"ImageObject","inLanguage":"es","@id":"https:\/\/buenartevisual.com\/colegiotalavera\/#\/schema\/person\/image\/","url":"https:\/\/secure.gravatar.com\/avatar\/df06c07e05e61dc70ae539d53ff0cc8942dab6bad37c86f1ad69468b5c4fa9c6?s=80&d=mm&r=g","contentUrl":"https:\/\/secure.gravatar.com\/avatar\/df06c07e05e61dc70ae539d53ff0cc8942dab6bad37c86f1ad69468b5c4fa9c6?s=80&d=mm&r=g","caption":"Superadministrador"},"sameAs":["https:\/\/buenartevisual.com\/colegiotalavera"],"url":"https:\/\/buenartevisual.com\/colegiotalavera\/author\/superadministrador\/"}]}},"_links":{"self":[{"href":"https:\/\/buenartevisual.com\/colegiotalavera\/wp-json\/wp\/v2\/posts\/13182","targetHints":{"allow":["GET"]}}],"collection":[{"href":"https:\/\/buenartevisual.com\/colegiotalavera\/wp-json\/wp\/v2\/posts"}],"about":[{"href":"https:\/\/buenartevisual.com\/colegiotalavera\/wp-json\/wp\/v2\/types\/post"}],"author":[{"embeddable":true,"href":"https:\/\/buenartevisual.com\/colegiotalavera\/wp-json\/wp\/v2\/users\/1"}],"replies":[{"embeddable":true,"href":"https:\/\/buenartevisual.com\/colegiotalavera\/wp-json\/wp\/v2\/comments?post=13182"}],"version-history":[{"count":0,"href":"https:\/\/buenartevisual.com\/colegiotalavera\/wp-json\/wp\/v2\/posts\/13182\/revisions"}],"wp:featuredmedia":[{"embeddable":true,"href":"https:\/\/buenartevisual.com\/colegiotalavera\/wp-json\/"}],"wp:attachment":[{"href":"https:\/\/buenartevisual.com\/colegiotalavera\/wp-json\/wp\/v2\/media?parent=13182"}],"wp:term":[{"taxonomy":"category","embeddable":true,"href":"https:\/\/buenartevisual.com\/colegiotalavera\/wp-json\/wp\/v2\/categories?post=13182"},{"taxonomy":"post_tag","embeddable":true,"href":"https:\/\/buenartevisual.com\/colegiotalavera\/wp-json\/wp\/v2\/tags?post=13182"}],"curies":[{"name":"wp","href":"https:\/\/api.w.org\/{rel}","templated":true}]}}