{"id":13153,"date":"2025-02-18T23:21:23","date_gmt":"2025-02-18T22:21:23","guid":{"rendered":"https:\/\/misionerastalavera.es\/?p=13153"},"modified":"2025-02-18T23:21:23","modified_gmt":"2025-02-18T22:21:23","slug":"fiesta-del-2-de-febrero-de-2025","status":"publish","type":"post","link":"https:\/\/buenartevisual.com\/colegiotalavera\/2025\/02\/18\/fiesta-del-2-de-febrero-de-2025\/","title":{"rendered":"Fiesta del 2 de febrero de 2025"},"content":{"rendered":"<p><span>Cada 2 de febrero los centros regentados por las Misioneras de la Providencia celebran el aniversario de la aprobaci\u00f3n eclesi\u00e1stica de nuestra congregaci\u00f3n, hace ya 72 a\u00f1os. Como esta fecha ca\u00eda en domingo, en nuestro colegio lo hemos celebrado el d\u00eda 3; don Alfredo y don Felipe no solo han oficiado la eucarist\u00eda, sino que tambi\u00e9n han bendecido el patio, que estrena una nueva superficie de hormig\u00f3n. Y, siguiendo la tradici\u00f3n, ha habido chocolatada y cuentacuentos para los m\u00e1s peque\u00f1os y, en el patio, mercadillo de libros, juguetes, bisuter\u00eda, dulces, bocadillos y bebidas. Como colof\u00f3n de la jornada, el cl\u00e1sico partido de f\u00fatbol entre profesores y alumnos, que este a\u00f1o ha terminado con victoria de los profesores. Galer\u00eda de fotos en https:\/\/buenartevisual.com\/colegiotalavera\/fiesta-del-2-de-febrero-de-2025\/.<\/span><\/p>\n<p><img fetchpriority=\"high\" decoding=\"async\" class=\"alignnone size-medium wp-image-13154\" src=\"https:\/\/buenartevisual.com\/colegiotalavera\/wp-content\/uploads\/2025\/02\/DSC_9404-300x200.jpg\" alt=\"\" width=\"300\" height=\"200\" \/> <img decoding=\"async\" class=\"alignnone size-medium wp-image-13155\" src=\"https:\/\/buenartevisual.com\/colegiotalavera\/wp-content\/uploads\/2025\/02\/DSC_9417-200x300.jpg\" alt=\"\" width=\"200\" height=\"300\" \/> <img decoding=\"async\" class=\"alignnone size-medium wp-image-13156\" src=\"https:\/\/buenartevisual.com\/colegiotalavera\/wp-content\/uploads\/2025\/02\/DSC_9476-200x300.jpg\" alt=\"\" width=\"200\" height=\"300\" \/> <img loading=\"lazy\" decoding=\"async\" class=\"alignnone size-medium wp-image-13157\" src=\"https:\/\/buenartevisual.com\/colegiotalavera\/wp-content\/uploads\/2025\/02\/DSC_9492-300x200.jpg\" alt=\"\" width=\"300\" height=\"200\" \/> <img loading=\"lazy\" decoding=\"async\" class=\"alignnone size-medium wp-image-13158\" src=\"https:\/\/buenartevisual.com\/colegiotalavera\/wp-content\/uploads\/2025\/02\/DSC_9501-300x200.jpg\" alt=\"\" width=\"300\" height=\"200\" \/> <img loading=\"lazy\" decoding=\"async\" class=\"alignnone size-medium wp-image-13159\" src=\"https:\/\/buenartevisual.com\/colegiotalavera\/wp-content\/uploads\/2025\/02\/DSC_9513-300x200.jpg\" alt=\"\" width=\"300\" height=\"200\" \/> <img loading=\"lazy\" decoding=\"async\" class=\"alignnone size-medium wp-image-13160\" src=\"https:\/\/buenartevisual.com\/colegiotalavera\/wp-content\/uploads\/2025\/02\/DSC_9517-200x300.jpg\" alt=\"\" width=\"200\" height=\"300\" \/> <img loading=\"lazy\" decoding=\"async\" class=\"alignnone size-medium wp-image-13161\" src=\"https:\/\/buenartevisual.com\/colegiotalavera\/wp-content\/uploads\/2025\/02\/DSC_9819-200x300.jpg\" alt=\"\" width=\"200\" height=\"300\" \/> <img loading=\"lazy\" decoding=\"async\" class=\"alignnone size-medium wp-image-13162\" src=\"https:\/\/buenartevisual.com\/colegiotalavera\/wp-content\/uploads\/2025\/02\/DSC_9824-200x300.jpg\" alt=\"\" width=\"200\" height=\"300\" \/> <img loading=\"lazy\" decoding=\"async\" class=\"alignnone size-medium wp-image-13163\" src=\"https:\/\/buenartevisual.com\/colegiotalavera\/wp-content\/uploads\/2025\/02\/DSC_9827-200x300.jpg\" alt=\"\" width=\"200\" height=\"300\" \/> <img loading=\"lazy\" decoding=\"async\" class=\"alignnone size-medium wp-image-13164\" src=\"https:\/\/buenartevisual.com\/colegiotalavera\/wp-content\/uploads\/2025\/02\/DSC_0003-300x200.jpg\" alt=\"\" width=\"300\" height=\"200\" \/> <img loading=\"lazy\" decoding=\"async\" class=\"alignnone size-medium wp-image-13165\" src=\"https:\/\/buenartevisual.com\/colegiotalavera\/wp-content\/uploads\/2025\/02\/DSC_0017-300x200.jpg\" alt=\"\" width=\"300\" height=\"200\" \/> <img loading=\"lazy\" decoding=\"async\" class=\"alignnone size-medium wp-image-13166\" src=\"https:\/\/buenartevisual.com\/colegiotalavera\/wp-content\/uploads\/2025\/02\/DSC_0026-300x200.jpg\" alt=\"\" width=\"300\" height=\"200\" \/> <img loading=\"lazy\" decoding=\"async\" class=\"alignnone size-medium wp-image-13167\" src=\"https:\/\/buenartevisual.com\/colegiotalavera\/wp-content\/uploads\/2025\/02\/DSC_0033-300x200.jpg\" alt=\"\" width=\"300\" height=\"200\" \/> <img loading=\"lazy\" decoding=\"async\" class=\"alignnone size-medium wp-image-13168\" src=\"https:\/\/buenartevisual.com\/colegiotalavera\/wp-content\/uploads\/2025\/02\/DSC_0044-300x200.jpg\" alt=\"\" width=\"300\" height=\"200\" \/> <img loading=\"lazy\" decoding=\"async\" class=\"alignnone size-medium wp-image-13169\" src=\"https:\/\/buenartevisual.com\/colegiotalavera\/wp-content\/uploads\/2025\/02\/DSC_0058-300x200.jpg\" alt=\"\" width=\"300\" height=\"200\" \/> <img loading=\"lazy\" decoding=\"async\" class=\"alignnone size-medium wp-image-13170\" src=\"https:\/\/buenartevisual.com\/colegiotalavera\/wp-content\/uploads\/2025\/02\/DSC_0069-300x200.jpg\" alt=\"\" width=\"300\" height=\"200\" \/> <img loading=\"lazy\" decoding=\"async\" class=\"alignnone size-medium wp-image-13171\" src=\"https:\/\/buenartevisual.com\/colegiotalavera\/wp-content\/uploads\/2025\/02\/DSC_0077-300x200.jpg\" alt=\"\" width=\"300\" height=\"200\" \/> <img loading=\"lazy\" decoding=\"async\" class=\"alignnone size-medium wp-image-13172\" src=\"https:\/\/buenartevisual.com\/colegiotalavera\/wp-content\/uploads\/2025\/02\/DSC_0083-300x200.jpg\" alt=\"\" width=\"300\" height=\"200\" \/> <img loading=\"lazy\" decoding=\"async\" class=\"alignnone size-medium wp-image-13173\" src=\"https:\/\/buenartevisual.com\/colegiotalavera\/wp-content\/uploads\/2025\/02\/DSC_0094-300x200.jpg\" alt=\"\" width=\"300\" height=\"200\" \/> <img loading=\"lazy\" decoding=\"async\" class=\"alignnone size-medium wp-image-13174\" src=\"https:\/\/buenartevisual.com\/colegiotalavera\/wp-content\/uploads\/2025\/02\/DSC_0102-300x200.jpg\" alt=\"\" width=\"300\" height=\"200\" \/> <img loading=\"lazy\" decoding=\"async\" class=\"alignnone size-medium wp-image-13175\" src=\"https:\/\/buenartevisual.com\/colegiotalavera\/wp-content\/uploads\/2025\/02\/DSC_0104-300x200.jpg\" alt=\"\" width=\"300\" height=\"200\" \/> <img loading=\"lazy\" decoding=\"async\" class=\"alignnone size-medium wp-image-13176\" src=\"https:\/\/buenartevisual.com\/colegiotalavera\/wp-content\/uploads\/2025\/02\/DSC_0118-300x200.jpg\" alt=\"\" width=\"300\" height=\"200\" \/> <img loading=\"lazy\" decoding=\"async\" class=\"alignnone size-medium wp-image-13177\" src=\"https:\/\/buenartevisual.com\/colegiotalavera\/wp-content\/uploads\/2025\/02\/DSC_0120-300x200.jpg\" alt=\"\" width=\"300\" height=\"200\" \/> <img loading=\"lazy\" decoding=\"async\" class=\"alignnone size-medium wp-image-13178\" src=\"https:\/\/buenartevisual.com\/colegiotalavera\/wp-content\/uploads\/2025\/02\/DSC_0128-300x200.jpg\" alt=\"\" width=\"300\" height=\"200\" \/><\/p>\n","protected":false},"excerpt":{"rendered":"<p>Cada 2 de febrero los centros regentados por las Misioneras de la Providencia celebran el aniversario de la aprobaci\u00f3n eclesi\u00e1stica de nuestra congregaci\u00f3n, hace ya 72 a\u00f1os. Como esta fecha ca\u00eda en domingo, en nuestro colegio lo hemos celebrado el d\u00eda 3; don Alfredo y don Felipe no solo han oficiado la eucarist\u00eda, sino que [&hellip;]<\/p>\n","protected":false},"author":1,"featured_media":13157,"comment_status":"closed","ping_status":"open","sticky":false,"template":"","format":"standard","meta":{"footnotes":""},"categories":[285],"tags":[306,313,263,332,307,259,276,288,303,318,327],"class_list":["post-13153","post","type-post","status-publish","format-standard","has-post-thumbnail","hentry","category-galeria","tag-actividades","tag-alumnos","tag-aprendizaje","tag-congregacion","tag-dias-especiales","tag-educacion","tag-empatia","tag-eucaristia","tag-juegos","tag-profesores","tag-tradiciones"],"yoast_head":"<!-- This site is optimized with the Yoast SEO plugin v26.5 - https:\/\/yoast.com\/wordpress\/plugins\/seo\/ -->\n<title>Fiesta del 2 de febrero de 2025 - Colegio Misioneras de la Providencia Talavera de la Reina<\/title>\n<meta name=\"robots\" content=\"noindex, follow, max-snippet:-1, max-image-preview:large, max-video-preview:-1\" \/>\n<meta property=\"og:locale\" content=\"es_ES\" \/>\n<meta property=\"og:type\" content=\"article\" \/>\n<meta property=\"og:title\" content=\"Fiesta del 2 de febrero de 2025 - Colegio Misioneras de la Providencia Talavera de la Reina\" \/>\n<meta property=\"og:description\" content=\"Cada 2 de febrero los centros regentados por las Misioneras de la Providencia celebran el aniversario de la aprobaci\u00f3n eclesi\u00e1stica de nuestra congregaci\u00f3n, hace ya 72 a\u00f1os. Como esta fecha ca\u00eda en domingo, en nuestro colegio lo hemos celebrado el d\u00eda 3; don Alfredo y don Felipe no solo han oficiado la eucarist\u00eda, sino que [&hellip;]\" \/>\n<meta property=\"og:url\" content=\"https:\/\/buenartevisual.com\/colegiotalavera\/2025\/02\/18\/fiesta-del-2-de-febrero-de-2025\/\" \/>\n<meta property=\"og:site_name\" content=\"Colegio Misioneras de la Providencia Talavera de la Reina\" \/>\n<meta property=\"article:published_time\" content=\"2025-02-18T22:21:23+00:00\" \/>\n<meta name=\"author\" content=\"Superadministrador\" \/>\n<meta name=\"twitter:card\" content=\"summary_large_image\" \/>\n<meta name=\"twitter:label1\" content=\"Escrito por\" \/>\n\t<meta name=\"twitter:data1\" content=\"Superadministrador\" \/>\n\t<meta name=\"twitter:label2\" content=\"Tiempo de lectura\" \/>\n\t<meta name=\"twitter:data2\" content=\"6 minutos\" \/>\n<script type=\"application\/ld+json\" class=\"yoast-schema-graph\">{\"@context\":\"https:\/\/schema.org\",\"@graph\":[{\"@type\":\"Article\",\"@id\":\"https:\/\/buenartevisual.com\/colegiotalavera\/2025\/02\/18\/fiesta-del-2-de-febrero-de-2025\/#article\",\"isPartOf\":{\"@id\":\"https:\/\/buenartevisual.com\/colegiotalavera\/2025\/02\/18\/fiesta-del-2-de-febrero-de-2025\/\"},\"author\":{\"name\":\"Superadministrador\",\"@id\":\"https:\/\/buenartevisual.com\/colegiotalavera\/#\/schema\/person\/ad110da6625b9c32f15289014f79a069\"},\"headline\":\"Fiesta del 2 de febrero de 2025\",\"datePublished\":\"2025-02-18T22:21:23+00:00\",\"mainEntityOfPage\":{\"@id\":\"https:\/\/buenartevisual.com\/colegiotalavera\/2025\/02\/18\/fiesta-del-2-de-febrero-de-2025\/\"},\"wordCount\":147,\"publisher\":{\"@id\":\"https:\/\/buenartevisual.com\/colegiotalavera\/#organization\"},\"image\":{\"@id\":\"https:\/\/buenartevisual.com\/colegiotalavera\/2025\/02\/18\/fiesta-del-2-de-febrero-de-2025\/#primaryimage\"},\"thumbnailUrl\":\"\",\"keywords\":[\"Actividades\",\"alumnos\",\"Aprendizaje\",\"Congregaci\u00f3n\",\"D\u00edas especiales\",\"educaci\u00f3n\",\"Empat\u00eda\",\"Eucarist\u00eda\",\"Juegos\",\"Profesores\",\"tradiciones\"],\"articleSection\":[\"Galer\u00eda\"],\"inLanguage\":\"es\"},{\"@type\":\"WebPage\",\"@id\":\"https:\/\/buenartevisual.com\/colegiotalavera\/2025\/02\/18\/fiesta-del-2-de-febrero-de-2025\/\",\"url\":\"https:\/\/buenartevisual.com\/colegiotalavera\/2025\/02\/18\/fiesta-del-2-de-febrero-de-2025\/\",\"name\":\"Fiesta del 2 de febrero de 2025 - Colegio Misioneras de la Providencia Talavera de la Reina\",\"isPartOf\":{\"@id\":\"https:\/\/buenartevisual.com\/colegiotalavera\/#website\"},\"primaryImageOfPage\":{\"@id\":\"https:\/\/buenartevisual.com\/colegiotalavera\/2025\/02\/18\/fiesta-del-2-de-febrero-de-2025\/#primaryimage\"},\"image\":{\"@id\":\"https:\/\/buenartevisual.com\/colegiotalavera\/2025\/02\/18\/fiesta-del-2-de-febrero-de-2025\/#primaryimage\"},\"thumbnailUrl\":\"\",\"datePublished\":\"2025-02-18T22:21:23+00:00\",\"breadcrumb\":{\"@id\":\"https:\/\/buenartevisual.com\/colegiotalavera\/2025\/02\/18\/fiesta-del-2-de-febrero-de-2025\/#breadcrumb\"},\"inLanguage\":\"es\",\"potentialAction\":[{\"@type\":\"ReadAction\",\"target\":[\"https:\/\/buenartevisual.com\/colegiotalavera\/2025\/02\/18\/fiesta-del-2-de-febrero-de-2025\/\"]}]},{\"@type\":\"ImageObject\",\"inLanguage\":\"es\",\"@id\":\"https:\/\/buenartevisual.com\/colegiotalavera\/2025\/02\/18\/fiesta-del-2-de-febrero-de-2025\/#primaryimage\",\"url\":\"\",\"contentUrl\":\"\"},{\"@type\":\"BreadcrumbList\",\"@id\":\"https:\/\/buenartevisual.com\/colegiotalavera\/2025\/02\/18\/fiesta-del-2-de-febrero-de-2025\/#breadcrumb\",\"itemListElement\":[{\"@type\":\"ListItem\",\"position\":1,\"name\":\"Portada\",\"item\":\"https:\/\/buenartevisual.com\/colegiotalavera\/\"},{\"@type\":\"ListItem\",\"position\":2,\"name\":\"Fiesta del 2 de febrero de 2025\"}]},{\"@type\":\"WebSite\",\"@id\":\"https:\/\/buenartevisual.com\/colegiotalavera\/#website\",\"url\":\"https:\/\/buenartevisual.com\/colegiotalavera\/\",\"name\":\"Colegio Misioneras de la Providencia Talavera de la Reina\",\"description\":\"Web del colegio Misioneras de la Providencia de Talavera de la Reina\",\"publisher\":{\"@id\":\"https:\/\/buenartevisual.com\/colegiotalavera\/#organization\"},\"potentialAction\":[{\"@type\":\"SearchAction\",\"target\":{\"@type\":\"EntryPoint\",\"urlTemplate\":\"https:\/\/buenartevisual.com\/colegiotalavera\/?s={search_term_string}\"},\"query-input\":{\"@type\":\"PropertyValueSpecification\",\"valueRequired\":true,\"valueName\":\"search_term_string\"}}],\"inLanguage\":\"es\"},{\"@type\":\"Organization\",\"@id\":\"https:\/\/buenartevisual.com\/colegiotalavera\/#organization\",\"name\":\"Colegio Misioneras de la Providencia Talavera de la Reina\",\"url\":\"https:\/\/buenartevisual.com\/colegiotalavera\/\",\"logo\":{\"@type\":\"ImageObject\",\"inLanguage\":\"es\",\"@id\":\"https:\/\/buenartevisual.com\/colegiotalavera\/#\/schema\/logo\/image\/\",\"url\":\"https:\/\/buenartevisual.com\/colegiotalavera\/wp-content\/uploads\/2025\/10\/logo-misioneras-talavera.png\",\"contentUrl\":\"https:\/\/buenartevisual.com\/colegiotalavera\/wp-content\/uploads\/2025\/10\/logo-misioneras-talavera.png\",\"width\":447,\"height\":142,\"caption\":\"Colegio Misioneras de la Providencia Talavera de la Reina\"},\"image\":{\"@id\":\"https:\/\/buenartevisual.com\/colegiotalavera\/#\/schema\/logo\/image\/\"}},{\"@type\":\"Person\",\"@id\":\"https:\/\/buenartevisual.com\/colegiotalavera\/#\/schema\/person\/ad110da6625b9c32f15289014f79a069\",\"name\":\"Superadministrador\",\"image\":{\"@type\":\"ImageObject\",\"inLanguage\":\"es\",\"@id\":\"https:\/\/buenartevisual.com\/colegiotalavera\/#\/schema\/person\/image\/\",\"url\":\"https:\/\/secure.gravatar.com\/avatar\/df06c07e05e61dc70ae539d53ff0cc8942dab6bad37c86f1ad69468b5c4fa9c6?s=80&d=mm&r=g\",\"contentUrl\":\"https:\/\/secure.gravatar.com\/avatar\/df06c07e05e61dc70ae539d53ff0cc8942dab6bad37c86f1ad69468b5c4fa9c6?s=80&d=mm&r=g\",\"caption\":\"Superadministrador\"},\"sameAs\":[\"https:\/\/buenartevisual.com\/colegiotalavera\"],\"url\":\"https:\/\/buenartevisual.com\/colegiotalavera\/author\/superadministrador\/\"}]}<\/script>\n<!-- \/ Yoast SEO plugin. -->","yoast_head_json":{"title":"Fiesta del 2 de febrero de 2025 - Colegio Misioneras de la Providencia Talavera de la Reina","robots":{"index":"noindex","follow":"follow","max-snippet":"max-snippet:-1","max-image-preview":"max-image-preview:large","max-video-preview":"max-video-preview:-1"},"og_locale":"es_ES","og_type":"article","og_title":"Fiesta del 2 de febrero de 2025 - Colegio Misioneras de la Providencia Talavera de la Reina","og_description":"Cada 2 de febrero los centros regentados por las Misioneras de la Providencia celebran el aniversario de la aprobaci\u00f3n eclesi\u00e1stica de nuestra congregaci\u00f3n, hace ya 72 a\u00f1os. Como esta fecha ca\u00eda en domingo, en nuestro colegio lo hemos celebrado el d\u00eda 3; don Alfredo y don Felipe no solo han oficiado la eucarist\u00eda, sino que [&hellip;]","og_url":"https:\/\/buenartevisual.com\/colegiotalavera\/2025\/02\/18\/fiesta-del-2-de-febrero-de-2025\/","og_site_name":"Colegio Misioneras de la Providencia Talavera de la Reina","article_published_time":"2025-02-18T22:21:23+00:00","author":"Superadministrador","twitter_card":"summary_large_image","twitter_misc":{"Escrito por":"Superadministrador","Tiempo de lectura":"6 minutos"},"schema":{"@context":"https:\/\/schema.org","@graph":[{"@type":"Article","@id":"https:\/\/buenartevisual.com\/colegiotalavera\/2025\/02\/18\/fiesta-del-2-de-febrero-de-2025\/#article","isPartOf":{"@id":"https:\/\/buenartevisual.com\/colegiotalavera\/2025\/02\/18\/fiesta-del-2-de-febrero-de-2025\/"},"author":{"name":"Superadministrador","@id":"https:\/\/buenartevisual.com\/colegiotalavera\/#\/schema\/person\/ad110da6625b9c32f15289014f79a069"},"headline":"Fiesta del 2 de febrero de 2025","datePublished":"2025-02-18T22:21:23+00:00","mainEntityOfPage":{"@id":"https:\/\/buenartevisual.com\/colegiotalavera\/2025\/02\/18\/fiesta-del-2-de-febrero-de-2025\/"},"wordCount":147,"publisher":{"@id":"https:\/\/buenartevisual.com\/colegiotalavera\/#organization"},"image":{"@id":"https:\/\/buenartevisual.com\/colegiotalavera\/2025\/02\/18\/fiesta-del-2-de-febrero-de-2025\/#primaryimage"},"thumbnailUrl":"","keywords":["Actividades","alumnos","Aprendizaje","Congregaci\u00f3n","D\u00edas especiales","educaci\u00f3n","Empat\u00eda","Eucarist\u00eda","Juegos","Profesores","tradiciones"],"articleSection":["Galer\u00eda"],"inLanguage":"es"},{"@type":"WebPage","@id":"https:\/\/buenartevisual.com\/colegiotalavera\/2025\/02\/18\/fiesta-del-2-de-febrero-de-2025\/","url":"https:\/\/buenartevisual.com\/colegiotalavera\/2025\/02\/18\/fiesta-del-2-de-febrero-de-2025\/","name":"Fiesta del 2 de febrero de 2025 - Colegio Misioneras de la Providencia Talavera de la Reina","isPartOf":{"@id":"https:\/\/buenartevisual.com\/colegiotalavera\/#website"},"primaryImageOfPage":{"@id":"https:\/\/buenartevisual.com\/colegiotalavera\/2025\/02\/18\/fiesta-del-2-de-febrero-de-2025\/#primaryimage"},"image":{"@id":"https:\/\/buenartevisual.com\/colegiotalavera\/2025\/02\/18\/fiesta-del-2-de-febrero-de-2025\/#primaryimage"},"thumbnailUrl":"","datePublished":"2025-02-18T22:21:23+00:00","breadcrumb":{"@id":"https:\/\/buenartevisual.com\/colegiotalavera\/2025\/02\/18\/fiesta-del-2-de-febrero-de-2025\/#breadcrumb"},"inLanguage":"es","potentialAction":[{"@type":"ReadAction","target":["https:\/\/buenartevisual.com\/colegiotalavera\/2025\/02\/18\/fiesta-del-2-de-febrero-de-2025\/"]}]},{"@type":"ImageObject","inLanguage":"es","@id":"https:\/\/buenartevisual.com\/colegiotalavera\/2025\/02\/18\/fiesta-del-2-de-febrero-de-2025\/#primaryimage","url":"","contentUrl":""},{"@type":"BreadcrumbList","@id":"https:\/\/buenartevisual.com\/colegiotalavera\/2025\/02\/18\/fiesta-del-2-de-febrero-de-2025\/#breadcrumb","itemListElement":[{"@type":"ListItem","position":1,"name":"Portada","item":"https:\/\/buenartevisual.com\/colegiotalavera\/"},{"@type":"ListItem","position":2,"name":"Fiesta del 2 de febrero de 2025"}]},{"@type":"WebSite","@id":"https:\/\/buenartevisual.com\/colegiotalavera\/#website","url":"https:\/\/buenartevisual.com\/colegiotalavera\/","name":"Colegio Misioneras de la Providencia Talavera de la Reina","description":"Web del colegio Misioneras de la Providencia de Talavera de la Reina","publisher":{"@id":"https:\/\/buenartevisual.com\/colegiotalavera\/#organization"},"potentialAction":[{"@type":"SearchAction","target":{"@type":"EntryPoint","urlTemplate":"https:\/\/buenartevisual.com\/colegiotalavera\/?s={search_term_string}"},"query-input":{"@type":"PropertyValueSpecification","valueRequired":true,"valueName":"search_term_string"}}],"inLanguage":"es"},{"@type":"Organization","@id":"https:\/\/buenartevisual.com\/colegiotalavera\/#organization","name":"Colegio Misioneras de la Providencia Talavera de la Reina","url":"https:\/\/buenartevisual.com\/colegiotalavera\/","logo":{"@type":"ImageObject","inLanguage":"es","@id":"https:\/\/buenartevisual.com\/colegiotalavera\/#\/schema\/logo\/image\/","url":"https:\/\/buenartevisual.com\/colegiotalavera\/wp-content\/uploads\/2025\/10\/logo-misioneras-talavera.png","contentUrl":"https:\/\/buenartevisual.com\/colegiotalavera\/wp-content\/uploads\/2025\/10\/logo-misioneras-talavera.png","width":447,"height":142,"caption":"Colegio Misioneras de la Providencia Talavera de la Reina"},"image":{"@id":"https:\/\/buenartevisual.com\/colegiotalavera\/#\/schema\/logo\/image\/"}},{"@type":"Person","@id":"https:\/\/buenartevisual.com\/colegiotalavera\/#\/schema\/person\/ad110da6625b9c32f15289014f79a069","name":"Superadministrador","image":{"@type":"ImageObject","inLanguage":"es","@id":"https:\/\/buenartevisual.com\/colegiotalavera\/#\/schema\/person\/image\/","url":"https:\/\/secure.gravatar.com\/avatar\/df06c07e05e61dc70ae539d53ff0cc8942dab6bad37c86f1ad69468b5c4fa9c6?s=80&d=mm&r=g","contentUrl":"https:\/\/secure.gravatar.com\/avatar\/df06c07e05e61dc70ae539d53ff0cc8942dab6bad37c86f1ad69468b5c4fa9c6?s=80&d=mm&r=g","caption":"Superadministrador"},"sameAs":["https:\/\/buenartevisual.com\/colegiotalavera"],"url":"https:\/\/buenartevisual.com\/colegiotalavera\/author\/superadministrador\/"}]}},"_links":{"self":[{"href":"https:\/\/buenartevisual.com\/colegiotalavera\/wp-json\/wp\/v2\/posts\/13153","targetHints":{"allow":["GET"]}}],"collection":[{"href":"https:\/\/buenartevisual.com\/colegiotalavera\/wp-json\/wp\/v2\/posts"}],"about":[{"href":"https:\/\/buenartevisual.com\/colegiotalavera\/wp-json\/wp\/v2\/types\/post"}],"author":[{"embeddable":true,"href":"https:\/\/buenartevisual.com\/colegiotalavera\/wp-json\/wp\/v2\/users\/1"}],"replies":[{"embeddable":true,"href":"https:\/\/buenartevisual.com\/colegiotalavera\/wp-json\/wp\/v2\/comments?post=13153"}],"version-history":[{"count":0,"href":"https:\/\/buenartevisual.com\/colegiotalavera\/wp-json\/wp\/v2\/posts\/13153\/revisions"}],"wp:featuredmedia":[{"embeddable":true,"href":"https:\/\/buenartevisual.com\/colegiotalavera\/wp-json\/"}],"wp:attachment":[{"href":"https:\/\/buenartevisual.com\/colegiotalavera\/wp-json\/wp\/v2\/media?parent=13153"}],"wp:term":[{"taxonomy":"category","embeddable":true,"href":"https:\/\/buenartevisual.com\/colegiotalavera\/wp-json\/wp\/v2\/categories?post=13153"},{"taxonomy":"post_tag","embeddable":true,"href":"https:\/\/buenartevisual.com\/colegiotalavera\/wp-json\/wp\/v2\/tags?post=13153"}],"curies":[{"name":"wp","href":"https:\/\/api.w.org\/{rel}","templated":true}]}}