{"id":13117,"date":"2025-01-30T23:23:01","date_gmt":"2025-01-30T22:23:01","guid":{"rendered":"https:\/\/misionerastalavera.es\/?p=13117"},"modified":"2025-01-30T23:23:01","modified_gmt":"2025-01-30T22:23:01","slug":"charla-informativa-sobre-la-formacion-profesional-para-los-alumnos-de-4o-de-secundaria","status":"publish","type":"post","link":"https:\/\/buenartevisual.com\/colegiotalavera\/2025\/01\/30\/charla-informativa-sobre-la-formacion-profesional-para-los-alumnos-de-4o-de-secundaria\/","title":{"rendered":"Charla informativa sobre la Formaci\u00f3n Profesional para los alumnos de 4\u00ba de Secundaria"},"content":{"rendered":"<p>Un a\u00f1o m\u00e1s nos han visitado la directora y la orientadora del centro de Formaci\u00f3n Profesional Kapital Inteligente para explicar a los alumnos de 4\u00ba de Secundaria las caracter\u00edsticas de los ciclos formativos, tanto los de grado medio como los de grados superior, que son una v\u00eda estupenda para introducirse en una carrera profesional o como una alternativa al Bachillerato para alcanzar los estudios universitarios. \u00a1Gracias por vuestra presencia en nuestro centro!<\/p>\n\n<p>&nbsp;<\/p>\n","protected":false},"excerpt":{"rendered":"<p>Un a\u00f1o m\u00e1s nos han visitado la directora y la orientadora del centro de Formaci\u00f3n Profesional Kapital Inteligente para explicar a los alumnos de 4\u00ba de Secundaria las caracter\u00edsticas de los ciclos formativos, tanto los de grado medio como los de grados superior, que son una v\u00eda estupenda para introducirse en una carrera profesional o [&hellip;]<\/p>\n","protected":false},"author":1,"featured_media":13119,"comment_status":"closed","ping_status":"open","sticky":false,"template":"","format":"standard","meta":{"footnotes":""},"categories":[269],"tags":[306,313,259,265,312],"class_list":["post-13117","post","type-post","status-publish","format-standard","has-post-thumbnail","hentry","category-secundaria","tag-actividades","tag-alumnos","tag-educacion","tag-ensenanza","tag-secundaria"],"yoast_head":"<!-- This site is optimized with the Yoast SEO plugin v26.5 - https:\/\/yoast.com\/wordpress\/plugins\/seo\/ -->\n<title>Charla informativa sobre la Formaci\u00f3n Profesional para los alumnos de 4\u00ba de Secundaria - Colegio Misioneras de la Providencia Talavera de la Reina<\/title>\n<meta name=\"robots\" content=\"noindex, follow, max-snippet:-1, max-image-preview:large, max-video-preview:-1\" \/>\n<meta property=\"og:locale\" content=\"es_ES\" \/>\n<meta property=\"og:type\" content=\"article\" \/>\n<meta property=\"og:title\" content=\"Charla informativa sobre la Formaci\u00f3n Profesional para los alumnos de 4\u00ba de Secundaria - Colegio Misioneras de la Providencia Talavera de la Reina\" \/>\n<meta property=\"og:description\" content=\"Un a\u00f1o m\u00e1s nos han visitado la directora y la orientadora del centro de Formaci\u00f3n Profesional Kapital Inteligente para explicar a los alumnos de 4\u00ba de Secundaria las caracter\u00edsticas de los ciclos formativos, tanto los de grado medio como los de grados superior, que son una v\u00eda estupenda para introducirse en una carrera profesional o [&hellip;]\" \/>\n<meta property=\"og:url\" content=\"https:\/\/buenartevisual.com\/colegiotalavera\/2025\/01\/30\/charla-informativa-sobre-la-formacion-profesional-para-los-alumnos-de-4o-de-secundaria\/\" \/>\n<meta property=\"og:site_name\" content=\"Colegio Misioneras de la Providencia Talavera de la Reina\" \/>\n<meta property=\"article:published_time\" content=\"2025-01-30T22:23:01+00:00\" \/>\n<meta name=\"author\" content=\"Superadministrador\" \/>\n<meta name=\"twitter:card\" content=\"summary_large_image\" \/>\n<meta name=\"twitter:label1\" content=\"Escrito por\" \/>\n\t<meta name=\"twitter:data1\" content=\"Superadministrador\" \/>\n\t<meta name=\"twitter:label2\" content=\"Tiempo de lectura\" \/>\n\t<meta name=\"twitter:data2\" content=\"1 minuto\" \/>\n<script type=\"application\/ld+json\" class=\"yoast-schema-graph\">{\"@context\":\"https:\/\/schema.org\",\"@graph\":[{\"@type\":\"Article\",\"@id\":\"https:\/\/buenartevisual.com\/colegiotalavera\/2025\/01\/30\/charla-informativa-sobre-la-formacion-profesional-para-los-alumnos-de-4o-de-secundaria\/#article\",\"isPartOf\":{\"@id\":\"https:\/\/buenartevisual.com\/colegiotalavera\/2025\/01\/30\/charla-informativa-sobre-la-formacion-profesional-para-los-alumnos-de-4o-de-secundaria\/\"},\"author\":{\"name\":\"Superadministrador\",\"@id\":\"https:\/\/buenartevisual.com\/colegiotalavera\/#\/schema\/person\/ad110da6625b9c32f15289014f79a069\"},\"headline\":\"Charla informativa sobre la Formaci\u00f3n Profesional para los alumnos de 4\u00ba de Secundaria\",\"datePublished\":\"2025-01-30T22:23:01+00:00\",\"mainEntityOfPage\":{\"@id\":\"https:\/\/buenartevisual.com\/colegiotalavera\/2025\/01\/30\/charla-informativa-sobre-la-formacion-profesional-para-los-alumnos-de-4o-de-secundaria\/\"},\"wordCount\":98,\"publisher\":{\"@id\":\"https:\/\/buenartevisual.com\/colegiotalavera\/#organization\"},\"image\":{\"@id\":\"https:\/\/buenartevisual.com\/colegiotalavera\/2025\/01\/30\/charla-informativa-sobre-la-formacion-profesional-para-los-alumnos-de-4o-de-secundaria\/#primaryimage\"},\"thumbnailUrl\":\"\",\"keywords\":[\"Actividades\",\"alumnos\",\"educaci\u00f3n\",\"Ense\u00f1anza\",\"Secundaria\"],\"articleSection\":[\"Secundaria\"],\"inLanguage\":\"es\"},{\"@type\":\"WebPage\",\"@id\":\"https:\/\/buenartevisual.com\/colegiotalavera\/2025\/01\/30\/charla-informativa-sobre-la-formacion-profesional-para-los-alumnos-de-4o-de-secundaria\/\",\"url\":\"https:\/\/buenartevisual.com\/colegiotalavera\/2025\/01\/30\/charla-informativa-sobre-la-formacion-profesional-para-los-alumnos-de-4o-de-secundaria\/\",\"name\":\"Charla informativa sobre la Formaci\u00f3n Profesional para los alumnos de 4\u00ba de Secundaria - Colegio Misioneras de la Providencia Talavera de la Reina\",\"isPartOf\":{\"@id\":\"https:\/\/buenartevisual.com\/colegiotalavera\/#website\"},\"primaryImageOfPage\":{\"@id\":\"https:\/\/buenartevisual.com\/colegiotalavera\/2025\/01\/30\/charla-informativa-sobre-la-formacion-profesional-para-los-alumnos-de-4o-de-secundaria\/#primaryimage\"},\"image\":{\"@id\":\"https:\/\/buenartevisual.com\/colegiotalavera\/2025\/01\/30\/charla-informativa-sobre-la-formacion-profesional-para-los-alumnos-de-4o-de-secundaria\/#primaryimage\"},\"thumbnailUrl\":\"\",\"datePublished\":\"2025-01-30T22:23:01+00:00\",\"breadcrumb\":{\"@id\":\"https:\/\/buenartevisual.com\/colegiotalavera\/2025\/01\/30\/charla-informativa-sobre-la-formacion-profesional-para-los-alumnos-de-4o-de-secundaria\/#breadcrumb\"},\"inLanguage\":\"es\",\"potentialAction\":[{\"@type\":\"ReadAction\",\"target\":[\"https:\/\/buenartevisual.com\/colegiotalavera\/2025\/01\/30\/charla-informativa-sobre-la-formacion-profesional-para-los-alumnos-de-4o-de-secundaria\/\"]}]},{\"@type\":\"ImageObject\",\"inLanguage\":\"es\",\"@id\":\"https:\/\/buenartevisual.com\/colegiotalavera\/2025\/01\/30\/charla-informativa-sobre-la-formacion-profesional-para-los-alumnos-de-4o-de-secundaria\/#primaryimage\",\"url\":\"\",\"contentUrl\":\"\"},{\"@type\":\"BreadcrumbList\",\"@id\":\"https:\/\/buenartevisual.com\/colegiotalavera\/2025\/01\/30\/charla-informativa-sobre-la-formacion-profesional-para-los-alumnos-de-4o-de-secundaria\/#breadcrumb\",\"itemListElement\":[{\"@type\":\"ListItem\",\"position\":1,\"name\":\"Portada\",\"item\":\"https:\/\/buenartevisual.com\/colegiotalavera\/\"},{\"@type\":\"ListItem\",\"position\":2,\"name\":\"Charla informativa sobre la Formaci\u00f3n Profesional para los alumnos de 4\u00ba de Secundaria\"}]},{\"@type\":\"WebSite\",\"@id\":\"https:\/\/buenartevisual.com\/colegiotalavera\/#website\",\"url\":\"https:\/\/buenartevisual.com\/colegiotalavera\/\",\"name\":\"Colegio Misioneras de la Providencia Talavera de la Reina\",\"description\":\"Web del colegio Misioneras de la Providencia de Talavera de la Reina\",\"publisher\":{\"@id\":\"https:\/\/buenartevisual.com\/colegiotalavera\/#organization\"},\"potentialAction\":[{\"@type\":\"SearchAction\",\"target\":{\"@type\":\"EntryPoint\",\"urlTemplate\":\"https:\/\/buenartevisual.com\/colegiotalavera\/?s={search_term_string}\"},\"query-input\":{\"@type\":\"PropertyValueSpecification\",\"valueRequired\":true,\"valueName\":\"search_term_string\"}}],\"inLanguage\":\"es\"},{\"@type\":\"Organization\",\"@id\":\"https:\/\/buenartevisual.com\/colegiotalavera\/#organization\",\"name\":\"Colegio Misioneras de la Providencia Talavera de la Reina\",\"url\":\"https:\/\/buenartevisual.com\/colegiotalavera\/\",\"logo\":{\"@type\":\"ImageObject\",\"inLanguage\":\"es\",\"@id\":\"https:\/\/buenartevisual.com\/colegiotalavera\/#\/schema\/logo\/image\/\",\"url\":\"https:\/\/buenartevisual.com\/colegiotalavera\/wp-content\/uploads\/2025\/10\/logo-misioneras-talavera.png\",\"contentUrl\":\"https:\/\/buenartevisual.com\/colegiotalavera\/wp-content\/uploads\/2025\/10\/logo-misioneras-talavera.png\",\"width\":447,\"height\":142,\"caption\":\"Colegio Misioneras de la Providencia Talavera de la Reina\"},\"image\":{\"@id\":\"https:\/\/buenartevisual.com\/colegiotalavera\/#\/schema\/logo\/image\/\"}},{\"@type\":\"Person\",\"@id\":\"https:\/\/buenartevisual.com\/colegiotalavera\/#\/schema\/person\/ad110da6625b9c32f15289014f79a069\",\"name\":\"Superadministrador\",\"image\":{\"@type\":\"ImageObject\",\"inLanguage\":\"es\",\"@id\":\"https:\/\/buenartevisual.com\/colegiotalavera\/#\/schema\/person\/image\/\",\"url\":\"https:\/\/secure.gravatar.com\/avatar\/df06c07e05e61dc70ae539d53ff0cc8942dab6bad37c86f1ad69468b5c4fa9c6?s=80&d=mm&r=g\",\"contentUrl\":\"https:\/\/secure.gravatar.com\/avatar\/df06c07e05e61dc70ae539d53ff0cc8942dab6bad37c86f1ad69468b5c4fa9c6?s=80&d=mm&r=g\",\"caption\":\"Superadministrador\"},\"sameAs\":[\"https:\/\/buenartevisual.com\/colegiotalavera\"],\"url\":\"https:\/\/buenartevisual.com\/colegiotalavera\/author\/superadministrador\/\"}]}<\/script>\n<!-- \/ Yoast SEO plugin. -->","yoast_head_json":{"title":"Charla informativa sobre la Formaci\u00f3n Profesional para los alumnos de 4\u00ba de Secundaria - Colegio Misioneras de la Providencia Talavera de la Reina","robots":{"index":"noindex","follow":"follow","max-snippet":"max-snippet:-1","max-image-preview":"max-image-preview:large","max-video-preview":"max-video-preview:-1"},"og_locale":"es_ES","og_type":"article","og_title":"Charla informativa sobre la Formaci\u00f3n Profesional para los alumnos de 4\u00ba de Secundaria - Colegio Misioneras de la Providencia Talavera de la Reina","og_description":"Un a\u00f1o m\u00e1s nos han visitado la directora y la orientadora del centro de Formaci\u00f3n Profesional Kapital Inteligente para explicar a los alumnos de 4\u00ba de Secundaria las caracter\u00edsticas de los ciclos formativos, tanto los de grado medio como los de grados superior, que son una v\u00eda estupenda para introducirse en una carrera profesional o [&hellip;]","og_url":"https:\/\/buenartevisual.com\/colegiotalavera\/2025\/01\/30\/charla-informativa-sobre-la-formacion-profesional-para-los-alumnos-de-4o-de-secundaria\/","og_site_name":"Colegio Misioneras de la Providencia Talavera de la Reina","article_published_time":"2025-01-30T22:23:01+00:00","author":"Superadministrador","twitter_card":"summary_large_image","twitter_misc":{"Escrito por":"Superadministrador","Tiempo de lectura":"1 minuto"},"schema":{"@context":"https:\/\/schema.org","@graph":[{"@type":"Article","@id":"https:\/\/buenartevisual.com\/colegiotalavera\/2025\/01\/30\/charla-informativa-sobre-la-formacion-profesional-para-los-alumnos-de-4o-de-secundaria\/#article","isPartOf":{"@id":"https:\/\/buenartevisual.com\/colegiotalavera\/2025\/01\/30\/charla-informativa-sobre-la-formacion-profesional-para-los-alumnos-de-4o-de-secundaria\/"},"author":{"name":"Superadministrador","@id":"https:\/\/buenartevisual.com\/colegiotalavera\/#\/schema\/person\/ad110da6625b9c32f15289014f79a069"},"headline":"Charla informativa sobre la Formaci\u00f3n Profesional para los alumnos de 4\u00ba de Secundaria","datePublished":"2025-01-30T22:23:01+00:00","mainEntityOfPage":{"@id":"https:\/\/buenartevisual.com\/colegiotalavera\/2025\/01\/30\/charla-informativa-sobre-la-formacion-profesional-para-los-alumnos-de-4o-de-secundaria\/"},"wordCount":98,"publisher":{"@id":"https:\/\/buenartevisual.com\/colegiotalavera\/#organization"},"image":{"@id":"https:\/\/buenartevisual.com\/colegiotalavera\/2025\/01\/30\/charla-informativa-sobre-la-formacion-profesional-para-los-alumnos-de-4o-de-secundaria\/#primaryimage"},"thumbnailUrl":"","keywords":["Actividades","alumnos","educaci\u00f3n","Ense\u00f1anza","Secundaria"],"articleSection":["Secundaria"],"inLanguage":"es"},{"@type":"WebPage","@id":"https:\/\/buenartevisual.com\/colegiotalavera\/2025\/01\/30\/charla-informativa-sobre-la-formacion-profesional-para-los-alumnos-de-4o-de-secundaria\/","url":"https:\/\/buenartevisual.com\/colegiotalavera\/2025\/01\/30\/charla-informativa-sobre-la-formacion-profesional-para-los-alumnos-de-4o-de-secundaria\/","name":"Charla informativa sobre la Formaci\u00f3n Profesional para los alumnos de 4\u00ba de Secundaria - Colegio Misioneras de la Providencia Talavera de la Reina","isPartOf":{"@id":"https:\/\/buenartevisual.com\/colegiotalavera\/#website"},"primaryImageOfPage":{"@id":"https:\/\/buenartevisual.com\/colegiotalavera\/2025\/01\/30\/charla-informativa-sobre-la-formacion-profesional-para-los-alumnos-de-4o-de-secundaria\/#primaryimage"},"image":{"@id":"https:\/\/buenartevisual.com\/colegiotalavera\/2025\/01\/30\/charla-informativa-sobre-la-formacion-profesional-para-los-alumnos-de-4o-de-secundaria\/#primaryimage"},"thumbnailUrl":"","datePublished":"2025-01-30T22:23:01+00:00","breadcrumb":{"@id":"https:\/\/buenartevisual.com\/colegiotalavera\/2025\/01\/30\/charla-informativa-sobre-la-formacion-profesional-para-los-alumnos-de-4o-de-secundaria\/#breadcrumb"},"inLanguage":"es","potentialAction":[{"@type":"ReadAction","target":["https:\/\/buenartevisual.com\/colegiotalavera\/2025\/01\/30\/charla-informativa-sobre-la-formacion-profesional-para-los-alumnos-de-4o-de-secundaria\/"]}]},{"@type":"ImageObject","inLanguage":"es","@id":"https:\/\/buenartevisual.com\/colegiotalavera\/2025\/01\/30\/charla-informativa-sobre-la-formacion-profesional-para-los-alumnos-de-4o-de-secundaria\/#primaryimage","url":"","contentUrl":""},{"@type":"BreadcrumbList","@id":"https:\/\/buenartevisual.com\/colegiotalavera\/2025\/01\/30\/charla-informativa-sobre-la-formacion-profesional-para-los-alumnos-de-4o-de-secundaria\/#breadcrumb","itemListElement":[{"@type":"ListItem","position":1,"name":"Portada","item":"https:\/\/buenartevisual.com\/colegiotalavera\/"},{"@type":"ListItem","position":2,"name":"Charla informativa sobre la Formaci\u00f3n Profesional para los alumnos de 4\u00ba de Secundaria"}]},{"@type":"WebSite","@id":"https:\/\/buenartevisual.com\/colegiotalavera\/#website","url":"https:\/\/buenartevisual.com\/colegiotalavera\/","name":"Colegio Misioneras de la Providencia Talavera de la Reina","description":"Web del colegio Misioneras de la Providencia de Talavera de la Reina","publisher":{"@id":"https:\/\/buenartevisual.com\/colegiotalavera\/#organization"},"potentialAction":[{"@type":"SearchAction","target":{"@type":"EntryPoint","urlTemplate":"https:\/\/buenartevisual.com\/colegiotalavera\/?s={search_term_string}"},"query-input":{"@type":"PropertyValueSpecification","valueRequired":true,"valueName":"search_term_string"}}],"inLanguage":"es"},{"@type":"Organization","@id":"https:\/\/buenartevisual.com\/colegiotalavera\/#organization","name":"Colegio Misioneras de la Providencia Talavera de la Reina","url":"https:\/\/buenartevisual.com\/colegiotalavera\/","logo":{"@type":"ImageObject","inLanguage":"es","@id":"https:\/\/buenartevisual.com\/colegiotalavera\/#\/schema\/logo\/image\/","url":"https:\/\/buenartevisual.com\/colegiotalavera\/wp-content\/uploads\/2025\/10\/logo-misioneras-talavera.png","contentUrl":"https:\/\/buenartevisual.com\/colegiotalavera\/wp-content\/uploads\/2025\/10\/logo-misioneras-talavera.png","width":447,"height":142,"caption":"Colegio Misioneras de la Providencia Talavera de la Reina"},"image":{"@id":"https:\/\/buenartevisual.com\/colegiotalavera\/#\/schema\/logo\/image\/"}},{"@type":"Person","@id":"https:\/\/buenartevisual.com\/colegiotalavera\/#\/schema\/person\/ad110da6625b9c32f15289014f79a069","name":"Superadministrador","image":{"@type":"ImageObject","inLanguage":"es","@id":"https:\/\/buenartevisual.com\/colegiotalavera\/#\/schema\/person\/image\/","url":"https:\/\/secure.gravatar.com\/avatar\/df06c07e05e61dc70ae539d53ff0cc8942dab6bad37c86f1ad69468b5c4fa9c6?s=80&d=mm&r=g","contentUrl":"https:\/\/secure.gravatar.com\/avatar\/df06c07e05e61dc70ae539d53ff0cc8942dab6bad37c86f1ad69468b5c4fa9c6?s=80&d=mm&r=g","caption":"Superadministrador"},"sameAs":["https:\/\/buenartevisual.com\/colegiotalavera"],"url":"https:\/\/buenartevisual.com\/colegiotalavera\/author\/superadministrador\/"}]}},"_links":{"self":[{"href":"https:\/\/buenartevisual.com\/colegiotalavera\/wp-json\/wp\/v2\/posts\/13117","targetHints":{"allow":["GET"]}}],"collection":[{"href":"https:\/\/buenartevisual.com\/colegiotalavera\/wp-json\/wp\/v2\/posts"}],"about":[{"href":"https:\/\/buenartevisual.com\/colegiotalavera\/wp-json\/wp\/v2\/types\/post"}],"author":[{"embeddable":true,"href":"https:\/\/buenartevisual.com\/colegiotalavera\/wp-json\/wp\/v2\/users\/1"}],"replies":[{"embeddable":true,"href":"https:\/\/buenartevisual.com\/colegiotalavera\/wp-json\/wp\/v2\/comments?post=13117"}],"version-history":[{"count":0,"href":"https:\/\/buenartevisual.com\/colegiotalavera\/wp-json\/wp\/v2\/posts\/13117\/revisions"}],"wp:featuredmedia":[{"embeddable":true,"href":"https:\/\/buenartevisual.com\/colegiotalavera\/wp-json\/"}],"wp:attachment":[{"href":"https:\/\/buenartevisual.com\/colegiotalavera\/wp-json\/wp\/v2\/media?parent=13117"}],"wp:term":[{"taxonomy":"category","embeddable":true,"href":"https:\/\/buenartevisual.com\/colegiotalavera\/wp-json\/wp\/v2\/categories?post=13117"},{"taxonomy":"post_tag","embeddable":true,"href":"https:\/\/buenartevisual.com\/colegiotalavera\/wp-json\/wp\/v2\/tags?post=13117"}],"curies":[{"name":"wp","href":"https:\/\/api.w.org\/{rel}","templated":true}]}}